{"id":1029,"date":"2013-11-12T00:59:18","date_gmt":"2013-11-11T22:59:18","guid":{"rendered":"https:\/\/www.unterstroemt.de\/?p=1029"},"modified":"2013-11-12T09:52:02","modified_gmt":"2013-11-12T07:52:02","slug":"gemeinsam-einsam","status":"publish","type":"post","link":"https:\/\/www.unterstroemt.de\/?p=1029","title":{"rendered":"Gemeinsam einsam"},"content":{"rendered":"<p>Jeder kennt das Bild mittlerweile: (zumeist) junge Menschen sitzen gemeinsam in einer Kneipe, einem Restaurant oder auch im Bus und schauen in ihre Smartphones, anstatt miteinander zu reden. Was vor nicht allzu langer Zeit noch als unh\u00f6flich galt, n\u00e4mlich in Gesellschaft sein Telefon zu benutzen, ist mittlerweile verbreiteter Usus. Und auch bei Veranstaltungen, in denen eigentlich optische und akustische Reize zur Gen\u00fcge geboten werden (Konzerte, Fu\u00dfballspiele usw.) schauen immer mehr Menschen lieber in ihre Telefone, als sich dem Dargebotenen zu widmen.<\/p>\n<p>Zu diesem Ph\u00e4nomen habe ich heute ein interessantes <a href=\"http:\/\/elitedaily.com\/news\/world\/this-video-will-have-you-completely-rethink-how-you-conduct-yourself-online-and-in-person-video\/\" target=\"_blank\">Filmchen<\/a> (die Verkleinerungsform, weil das nur gute vier Minuten lang ist) gesehen, in dem (leider nur auf Englisch, aber die meisten d\u00fcrften das trotzdem verstehen) dargestellt wird, wie der moderne Mensch versucht, sein Alleinsein durch permanente Pr\u00e4senz in sozialen Medien zu bek\u00e4mpfen und dadurch doch erst recht vereinsamt. Ich denke, jeder von uns kann sich da ein St\u00fcck weit drin wiedererkennen, oder?<\/p>\n<p>Social Media hat ja auch eine enorme Verf\u00fchrungskraft: Man kann sich dort pr\u00e4sentieren in einer Art und Weise, die man selbst bestimmt. Wenn man mal irgendwas Bl\u00f6des schreibt, besteht oft noch die M\u00f6glichkeit, dieses zu korrigieren, bevor es irgendjemand gesehen hat, was in einer spontanen Unterhaltung so von Mensch zu Mensch nicht so ohne Weiteres m\u00f6glich ist. Zudem bestimmt man, welche Ausschnitte aus seinem Leben man dort pr\u00e4sentiert &#8211; vermutlich eher das Bild von der gut gestylten Abendunterhaltung als das von morgens direkt nach dem Aufstehen oder wenn man gerade mal einen Niesanfall hat.<\/p>\n<p>Doch was passiert dadurch? Wir stellen nur noch ein Image von uns selbst dar, das seine Authentizit\u00e4t verliert, weil es kalkuliert und auf Pr\u00e4sentation ausgerichtet ist. Und das muss es auch sein, denn wir geben Informationen \u00fcber uns mit einer Permanenz preis, die in einem Gespr\u00e4ch eben nicht gegeben ist, da hier nur die Reproduktion der Gespr\u00e4chsteilnehmer als Ged\u00e4chtnis fungiert und nicht das Internet, das ja bekanntlich nichts vergisst (oder eben auch andere Social-Media-User, die mal eben mit einem Screenshot oder per Copy &amp; Paste das Originalzitat f\u00fcr die Ewigkeit festhalten). Wer mag sich also noch unbek\u00fcmmert geben, wenn er wei\u00df, dass alles, was er schreibt, auch gegen ihn verwendet werden kann?<\/p>\n<p>Ein interessanter Artikel hierzu findet sich <a href=\"http:\/\/www.blaetter.de\/archiv\/jahrgaenge\/2013\/oktober\/das-ende-der-anonymitaet\" target=\"_blank\">hier<\/a>\u00a0bei den Bl\u00e4ttern f\u00fcr deutsche und internationale Politik. Und sp\u00e4testens nach dessen Lekt\u00fcre sollte einem klar werden, dass das alles nicht einfach nur ein Spa\u00df ist, sondern durchaus elementare Einfl\u00fcsse auf die eigene Sicht (und die von Dritten) der Pers\u00f6nlichkeit hat.<\/p>\n<p>Andererseits nutzen wir mit unterstr\u00f6mt ja auch die sozialen Medien und pr\u00e4sentieren uns bei Facebook. Ich denke allerdings auch nicht, dass eine Verteufelung dieser Kommunikationsplattformen angebracht w\u00e4re, sondern es geht (wie eigentlich beim Nutzen von fast allem) um das Ma\u00dfhalten, um den bewussten Umgang (und auch Nichtumgang) damit. Nutzen, aber nicht benutzt werden, selbst bestimmen, wann und wie man Zeit in sozialen Netzwerken verbringt &#8211; Medienkompetenz also, um es mal in einem Wort zusammenzufassen. Und diese sollte Kindern schon in jungen Jahren vermittelt werden (in den Lehrpl\u00e4nen findet sich so etwas meines Wissens leider noch nicht), denn das Einstiegsalter in die Droge Smartphone wird immer geringer.<\/p>\n","protected":false},"excerpt":{"rendered":"<p>Jeder kennt das Bild mittlerweile: (zumeist) junge Menschen sitzen gemeinsam in einer Kneipe, einem Restaurant oder auch im Bus und schauen in ihre Smartphones, anstatt miteinander zu reden. Was vor nicht allzu langer Zeit noch als unh\u00f6flich galt, n\u00e4mlich in Gesellschaft sein Telefon zu benutzen, ist mittlerweile verbreiteter Usus. <\/p>\n","protected":false},"author":3,"featured_media":0,"comment_status":"open","ping_status":"closed","sticky":false,"template":"","format":"standard","meta":{"footnotes":""},"categories":[52],"tags":[107,106],"class_list":["post-1029","post","type-post","status-publish","format-standard","hentry","category-soziales","tag-smartphone","tag-social-media"],"_links":{"self":[{"href":"https:\/\/www.unterstroemt.de\/index.php?rest_route=\/wp\/v2\/posts\/1029","targetHints":{"allow":["GET"]}}],"collection":[{"href":"https:\/\/www.unterstroemt.de\/index.php?rest_route=\/wp\/v2\/posts"}],"about":[{"href":"https:\/\/www.unterstroemt.de\/index.php?rest_route=\/wp\/v2\/types\/post"}],"author":[{"embeddable":true,"href":"https:\/\/www.unterstroemt.de\/index.php?rest_route=\/wp\/v2\/users\/3"}],"replies":[{"embeddable":true,"href":"https:\/\/www.unterstroemt.de\/index.php?rest_route=%2Fwp%2Fv2%2Fcomments&post=1029"}],"version-history":[{"count":1,"href":"https:\/\/www.unterstroemt.de\/index.php?rest_route=\/wp\/v2\/posts\/1029\/revisions"}],"predecessor-version":[{"id":1030,"href":"https:\/\/www.unterstroemt.de\/index.php?rest_route=\/wp\/v2\/posts\/1029\/revisions\/1030"}],"wp:attachment":[{"href":"https:\/\/www.unterstroemt.de\/index.php?rest_route=%2Fwp%2Fv2%2Fmedia&parent=1029"}],"wp:term":[{"taxonomy":"category","embeddable":true,"href":"https:\/\/www.unterstroemt.de\/index.php?rest_route=%2Fwp%2Fv2%2Fcategories&post=1029"},{"taxonomy":"post_tag","embeddable":true,"href":"https:\/\/www.unterstroemt.de\/index.php?rest_route=%2Fwp%2Fv2%2Ftags&post=1029"}],"curies":[{"name":"wp","href":"https:\/\/api.w.org\/{rel}","templated":true}]}}