{"id":10335,"date":"2018-04-08T14:32:26","date_gmt":"2018-04-08T12:32:26","guid":{"rendered":"https:\/\/www.unterstroemt.de\/?p=10335"},"modified":"2018-04-10T12:33:24","modified_gmt":"2018-04-10T10:33:24","slug":"interessantes-aus-kw-14-2018","status":"publish","type":"post","link":"https:\/\/www.unterstroemt.de\/?p=10335","title":{"rendered":"Interessantes aus KW 14\/2018"},"content":{"rendered":"<p>An dieser Stelle pr\u00e4sentieren wir regelm\u00e4\u00dfig Links, die wir unter der Woche entdeckt haben, zu denen wir selbst nicht mehr viel schreiben m\u00fcssen und die wir teilenswert finden. Viel Spa\u00df beim Lesen und Anschauen!<\/p>\n<p>1.\u00a0Harald Schumann ist ein alter Hase im Journalismus.\u00a0Nun hat er sich in einem <a href=\"https:\/\/www.blaetter.de\/archiv\/jahrgaenge\/2018\/maerz\/beenden-wir-das-rattenrennen\" target=\"_blank\" rel=\"noopener\">Artikel in den <em>Bl\u00e4ttern f\u00fcr deutsche und internationale Politik<\/em><\/a> mal mit dem Ph\u00e4nomen des von ihm so bezeichneten Rudeljournalismus auseinandergesetzt. Dabei ist es sehr interessant, wie ein wirklicher Insider die Mechanismen beschreibt, die eben dazu f\u00fchren, dass immer mehr Journalisten nicht nur so ziemlich das Gleiche schreiben, sondern eben auch ausgesprochen unkritisch gegen\u00fcber \u201eden Herrschenden\u201c berichten.\u00a0Dahinter steckt, wie Schumann nachvollziehbar schildert, kein gro\u00dfer Plan oder so etwas wie Journalismus auf Anordnung, sondern es sind Mechanismen, die den Berufsalltag von Journalisten kennzeichnen und die auf recht menschlichen Beweggr\u00fcnden basieren. [Karl]<\/p>\n<p>2. Die Insekten sterben, die V\u00f6gel sterben &#8211; und auch in den Fl\u00fcssen sieht es nicht viel besser aus, wie ein <a href=\"http:\/\/www.spiegel.de\/wissenschaft\/natur\/bundesregierung-zu-wenig-leben-in-deutschen-fluessen-und-baechen-a-1200865.html\" target=\"_blank\" rel=\"noopener\">Artikel auf <em>Spiegel Online<\/em><\/a> berichtet. Eine Anfrage der Gr\u00fcnen an die Bundesregierung brachte n\u00e4mlich zutage, dass sich nur 6,6 Prozent der Flie\u00dfgew\u00e4sser in Deutschland in gutem und sogar nur 0,1 Prozent in sehr gutem Zustand befinden. Ursachen daf\u00fcr: Belastung der Gew\u00e4sser durch industrielle Landwirtschaft oder landschaftsbauliche Ma\u00dfnahmen &#8211; also mal wieder der Mensch &#8230; [Karl]<\/p>\n<p>3. Die Ozeane ersaufen im Plastik, und so gelangt das Mikroplastik in die Nahrungskette. Allerdings trifft es auch \u00f6kologisch und vegetarisch lebende Menschen, denn gerade hat <em>scinexx<\/em> einen <a href=\"http:\/\/www.scinexx.de\/wissen-aktuell-22597-2018-04-05.html\" target=\"_blank\" rel=\"noopener\">Beitrag ver\u00f6ffentlicht<\/a>, dass auch in \u00d6kod\u00fcnger bereits Mikroplastik gefunden wurde. Es ist zwar noch v\u00f6llig unklar, was das f\u00fcr Folgen in der Landwirtschaft haben wird, aber allein das Ausma\u00df der Verbreitung sollte jeden halbwegs vern\u00fcnftigen Menschen zum Denken anregen. [Dirk]<\/p>\n<p>4. Auch wenn ich wei\u00df, dass es ohne einschneidende Katastrophen niemals beim Gro\u00dfteil der Menschen ankommt: Wir richten den Planeten schneller zugrunde, als es den meisten klar ist &#8211; so ein <a href=\"https:\/\/www.3sat.de\/mediathek\/?mode=play&amp;obj=72725\" target=\"_blank\" rel=\"noopener\">dreimin\u00fctiger Bericht<\/a> bei <em>nano<\/em> (<em>3sat<\/em>). Das Zwei-Grad-Ziel wird nicht ausreichen, um das Abschmelzen des arktischen Eis zu stoppen. Und selbst das Ziel werden wir ja ziemlich wahrscheinlich nicht einmal im Ansatz erreichen. Wer heute Kind ist, wird noch erleben, wie K\u00fcstenst\u00e4dte St\u00fcck f\u00fcr St\u00fcck absaufen &#8230; [Dirk]<\/p>\n<p>5. Dass Cambridge Analytica die Daten von 50 Millionen <em>Facebook<\/em>-Nutzern ausgewertet und damit den Wahlkampf von US-Pr\u00e4sident Donald Trump unterst\u00fctzt hat, schlug ja riesige Wellen in der \u00f6ffentlichen Diskussion und sorgte auch bei Politikern f\u00fcr emp\u00f6rte Reaktionen. Dabei kam nun gerade heraus, wie ein <a href=\"https:\/\/www.ksta.de\/politik\/an-cdu-und-fdp-deutsche-post-soll-kundendaten-fuer-wahlkampf-verkauft-haben-29951770?dmcid=sm_fb\" target=\"_blank\" rel=\"noopener\">Artikel im <em>K\u00f6lner Stadt Anzeiger<\/em><\/a> berichtet, dass CDU und FDP von der Deutschen Post Daten gekauft haben, um gezielte Wahlwerbung zu machen &#8211; also im Prinzip etwas ganz \u00c4hnliches wie bei Trump, nur eben auf dem analogen Weg. Wieso wird sich dar\u00fcber jetzt eigentlich nicht genauso aufgeregt? [Karl]<\/p>\n<p>6, Kaum eine Woche vergeht, in der es keine verbalen Ausf\u00e4lle von Bundesgesundheitsminister Jens Spahn (CDU) gibt. So \u00e4u\u00dferte er sich k\u00fcrzlich ver\u00e4rgert dar\u00fcber, dass auch \u00f6ffentlich-rechtlich Journalisten sich auf Twitter unter ihrem eigenen Namen mit kritischen Kommentaren zu Wort melden w\u00fcrden. Ein <a href=\"http:\/\/meedia.de\/2018\/04\/05\/kennt-die-grundlagen-von-journalismus-in-demokratischen-laendern-nicht-anja-reschke-dunja-hayali-co-kontern-spahn-kritik\/\" target=\"_blank\" rel=\"noopener\">Artikel auf <em>Meedia<\/em><\/a> dokumentiert nun, was die Journalisten Georg Restle, Anja Reschke und Dunja Hayali dazu meinen. Deren Tenor: Jens Spahn hat eine ausgesprochen undemokratische Auffassung von Journalismus und versteht anscheinend die Funktion von Kommentaren nicht. [Karl]<\/p>\n<p>7. Auf dem Schweizer journalistischen Portal <em>Republik<\/em> findet sich ein lesenswertes ausf\u00fchrliches <a href=\"https:\/\/www.republik.ch\/2018\/04\/03\/die-frage-ist-ob-sich-europa-retten-laesst\" target=\"_blank\" rel=\"noopener\">Interview mit Heiner Falssbeck<\/a>. Im Gegensatz zu den ganzen neoklassischen Blockfl\u00f6ten, die uns immer gern als Top\u00f6konomen pr\u00e4sentiert werden, waren Flassbecks Prognosen in der Vergangenheit meistens zutreffend, sodass es ich da schon lohnt, sich seine Sichtweise zu Gem\u00fcte zu f\u00fchre. So benennt er beispielsweise Deutschlands Wirtschaftspolitik als ausgesprochen problematisch und zeigt gut verst\u00e4ndlich die wirtschaftlichen Mechanismen auf, warum das so ist. Pflichtlekt\u00fcre! [Karl]<\/p>\n<p>8. Der Physiker und Wissenschaftserkl\u00e4rer Florian Aigner befasst sich in einem <a href=\"https:\/\/futurezone.at\/meinung\/macht-dumme-menschen-nicht-beruehmt\/400014535\" target=\"_blank\" rel=\"noopener\">Artikel auf <em>futurezone<\/em><\/a> mit unserem Medienverhalten. Dabei stellt er fest, dass wir dummen Menschen viel zu viel Aufmerksamkeit schenken &#8211; dabei ist Aufmerksamkeit ein kostbares Gut, mit dem man sorgsam umgehen sollte und um das viele buhlen. Denn nicht nur der Einzelne verbl\u00f6det zunehmend, wenn er sich ausschlie\u00dflich mit geistlosem Kram besch\u00e4ftigt, sondern er beeinflusst auf diese Weise auch mit, was prominent pr\u00e4sentiert wird. Es ist in unserem digitalen Zeitalter quasi alles f\u00fcr uns vorhanden und erreichbar &#8211; man hat es selbst in der Hand, sich davon nicht nur den Bl\u00f6dsinn rauszusuchen. [Karl]<\/p>\n<p>9. Nachdem ja nun letzte Woche herausgekommen ist, dass der britische Au\u00dfenminister Boris Johnson rotzfrech gelogen hat, was den Nachweis einer russischen Urheberschaft des Nervengiftanschlags auf den Doppelagenten Sergej Skripal und seiner Tochter Julia anbelangt, formuliert Jens Berger nun in einem <a href=\"https:\/\/www.nachdenkseiten.de\/?p=43283\" target=\"_blank\" rel=\"noopener\">Artikel auf den <em>NachDenkSeiten<\/em><\/a> nachvollziehbare deutliche Kritik auch an Bundesau\u00dfenminister Heiko Maas, der aufgrund von Johnsons Falschaussage russische Diplomaten des Landes verwies. Zudem werden in dem Artikel 27 Fragen pr\u00e4sentiert, die von russischer Seite an die britischen Ermittlungsbeh\u00f6rden gestellt, bisher allerdings noch nicht beantwortet wurden. [Karl]<\/p>\n<p>10. Das in der Altenpflege etliches im Argen liegt und oftmals desastr\u00f6se Zust\u00fcnde f\u00fcr Patienten und Angestellte herrschen, ist ja nichts Neues. Interessant ist nun allerdings mal die Sichtweise eines Betreibers einer Leiharbeitsfirma, die viele Zeitarbeiter in Altenheime vermittelt, die in einem <a href=\"https:\/\/taz.de\/Leiharbeit-in-der-Altenpflege\/!5493119\/\" target=\"_blank\" rel=\"noopener\">Artikel in der t<em>az<\/em><\/a> geschildert wird. F\u00fcr die Patienten ist die Betreuung durch Kr\u00e4fte von Leiharbeitsfirmen zwar \u00f6fter schlechter, da diese nicht eingearbeitet werden, aber f\u00fcr die Angestellten ist dieses Arbeitsmodell meistens attraktiver, da die Bezahlung besser ist und sie Eins\u00e4tze bei allzu katastrophalen Bedingungen ablehnen k\u00f6nnen. Alles in allem resultieren auch daraus letztlichh untragbare Zust\u00e4nde, die die W\u00fcrde vieler alter Menschen massiv beeintr\u00e4chtigen. [Karl]<\/p>\n<p>11. Roberto J. De Lapuente spricht in seiner <a href=\"https:\/\/www.neues-deutschland.de\/artikel\/1084325.der-heppenheimer-hiob-der-heil-ist-ein-unheil.html\" target=\"_blank\" rel=\"noopener\">Kolumne im <em>neuen deutschland<\/em><\/a> einen Umstand an, der im politischen Alltag immer h\u00e4ufiger auftritt: Exemplarisch am neuen Bundesarbeitsminister Hubertus Heil (SPD) stellt er fest, dass heutzutage immer mehr Politiker nie gearbeitet haben, keine Lebenserfahrung au\u00dferhalb ihres politischen Karriereplans aufweisen k\u00f6nnen und somit mit der Lebensrealit\u00e4t der meisten Menschen im Lande nicht gemeinsam haben. Ein wichtiger Aspekt, der zur steigenden Politikm\u00fcdigkeit von immer mehr Menschen beitr\u00e4gt. [Karl]<\/p>\n<p>12. Jakob Reimann hat in einem <a href=\"http:\/\/justicenow.de\/2018-02-07\/der-westen-toetet-im-orient-329-menschen-jeden-tag-seit-27-jahren\/\" target=\"_blank\" rel=\"noopener\">Artikel auf <em>JusticeNow<\/em><\/a> einmal die Toten gez\u00e4hlt, die im Orient seit 27 Jahren von westlichen M\u00e4chten ermordet wurden, und kommt dabei auf \u00a0die erschreckende Zahl von 329 Menschen &#8211; jeden Tag seit 1991. Also insgesamt mehr als 3,3 Millionen Menschen. Dabei liegen diesen Zahlen nur gesicherte und eher konservative Ermittlungen zugrunde, sodass die tats\u00e4chliche Zahl der Toten noch h\u00f6her liegen d\u00fcrfte, Und die Verwundeten, Verst\u00fcmmelten, Vertrieben, Traumatisierten und Waisen sind da noch nicht mal mit eingerechnet. Da bekommt man eine Ahnung, woher der Hass auf\u00a0\u201eden Westen\u201c in den orientalischen L\u00e4ndern kommt. [Karl]<\/p>\n<p>13. Ein Artikel von 2014 zu einem recht nichtssagenden Satz von Angela Merkel auf dem Portal <em>mittelbayrische.de<\/em> erreicht immer wieder Spitzenwerte bei den Aufrufzahlen und wird so zum erfolgreichsten Artikel des Portals. Nun machten sich die Redakteure mal auf die Suche, wieso das so ist, und kamen dabei zu <a href=\"https:\/\/www.mittelbayerische.de\/politik-nachrichten\/unser-seltsamster-erfolg-21771-art1631237.html\" target=\"_blank\" rel=\"noopener\">interessanten Ergebnissen<\/a>. Es geht n\u00e4mlich gar nicht um den Inhalt des Artikels selbst, sondern nur um dessen \u00dcberschrift, die insbesondere von rechten und populistischen <em>Facebook<\/em>-Seiten verbreitet wurde und dort auf gro\u00dfe Resonanz stie\u00df. Ein treffendes Beispiel daf\u00fcr, wie undifferenziert die heute so verbreitete Emp\u00f6rungskultur funktioniert. [Karl]<\/p>\n<p>14. Passend zur zunehmenden Eskalation des diplomatischen Verh\u00e4ltnisses zu Russland, wurden gerade einige interessante Dokumente in den USA freigegeben, die Andreas Westphalen in einem <a href=\"https:\/\/www.heise.de\/tp\/features\/Nato-Osterweiterung-Das-ist-eine-brillante-Idee-Ein-Geniestreich-4009027.html\" target=\"_blank\" rel=\"noopener\">Artikel auf <em>Telepolis<\/em><\/a> zusammenfasst. Daraus geht hervor, wie Russland seit der deutschen Wiedervereinigung 1990 quasi st\u00e4ndig mit falschen Versprechungen bez\u00fcglich einer NATO-Osterweiterung hingehalten und beschwichtigt wurde und dass eine gemeinsame europ\u00e4ische Sicherheitsarchitektur, die auch Russland einschlie\u00dfen w\u00fcrde, best\u00e4ndig vonseiten der USA und der NATO hintertrieben wurde. Deutlich wird daran auch: Die russische Skepsis wegen der NATO-Ausdehnung ist kein neues Ph\u00e4nomen, sondern besteht bereits seit \u00fcber 25 Jahren. [Karl]<\/p>\n<p>15. Und noch mal <em>Telepolis<\/em>: Dort findet sich ein <a href=\"https:\/\/www.heise.de\/tp\/features\/Westliche-Demokratie-ist-hohl-Reichtum-regiert-4009334.html\" target=\"_blank\" rel=\"noopener\">Auszug aus Paul Schreyers Buch \u00a0\u201eDie Angst der Eliten &#8211; Wer f\u00fcrchtet die Demokratie?\u201c<\/a>. In dem Artikel geht es um eine brisante Untersuchung von 2016, die ein Jahr zuvor von der Bundesregierung in Auftrag gegeben wurde und deren Resultat eindeutig nachweist, dass politische Entscheidungen sich grunds\u00e4tzlich an den Ansichten und Interessen von Wohlhabenden orientieren und sogar aktiv gegen die W\u00fcnsche der Armen und der Mittelschicht getroffen werden. Diese Erkenntnisse sollten dann eigentlich im 5. Armuts- und Reichtumsbericht der Bundesregierung auftauchen, wurden dort dann aber zusammengestrichen bis zu Unkenntlichkeit. Dabei gibt es an den Studienergebnissen nichts zu besch\u00f6nigen, denn sie kennzeichnen eine massive Krise der Demokratie, die auf diese Weise nur der Bedienung der Interessen von Verm\u00f6genden dient. [Karl]<\/p>\n<p>16. Ein kurzes Vergn\u00fcgen habe ich heute zuf\u00e4llig auf <em>FluxFM<\/em> geh\u00f6rt: <a href=\"https:\/\/www.fluxfm.de\/dreiminutenlesung\/\" target=\"_blank\" rel=\"noopener\">die 3-Minuten-Lesung<\/a>. Ohne weitere Lesungen angeh\u00f6rt zu haben, m\u00f6chte ich die eben geh\u00f6rte Folge auf <em><a href=\"https:\/\/soundcloud.com\/fluxfm\/tilman-birr-3-minuten-lesung-vom-060418\" target=\"_blank\" rel=\"noopener\">SoundCloud<\/a><\/em> verlinken, denn ich habe zumindest gleich eine Reihe Assoziationen gehabt. In diesem Fall ist es der am Tresen sitzende Stammgast, der sein \u00fcber die Jahre angewachsenes Weltbild zum Besten gibt, ohne dass es eine \u00dcberpr\u00fcfung oder Reflexion des eigenen Inhalts gegeben zu haben scheint. Erkennt Ihr auch darin andere Personen? Und vor allem: Inwieweit k\u00f6nnt Ihr den Mechanismus auf Euch selbst \u00fcbertragen? [Dirk]<\/p>\n","protected":false},"excerpt":{"rendered":"<p>An dieser Stelle pr\u00e4sentieren wir regelm\u00e4\u00dfig Links, die wir unter der Woche entdeckt haben, zu denen wir selbst nicht mehr viel schreiben m\u00fcssen und die wir teilenswert finden. Viel Spa\u00df beim Lesen und Anschauen!<\/p>\n","protected":false},"author":5,"featured_media":0,"comment_status":"open","ping_status":"open","sticky":false,"template":"","format":"standard","meta":{"footnotes":""},"categories":[193],"tags":[],"class_list":["post-10335","post","type-post","status-publish","format-standard","hentry","category-woechentliches"],"_links":{"self":[{"href":"https:\/\/www.unterstroemt.de\/index.php?rest_route=\/wp\/v2\/posts\/10335","targetHints":{"allow":["GET"]}}],"collection":[{"href":"https:\/\/www.unterstroemt.de\/index.php?rest_route=\/wp\/v2\/posts"}],"about":[{"href":"https:\/\/www.unterstroemt.de\/index.php?rest_route=\/wp\/v2\/types\/post"}],"author":[{"embeddable":true,"href":"https:\/\/www.unterstroemt.de\/index.php?rest_route=\/wp\/v2\/users\/5"}],"replies":[{"embeddable":true,"href":"https:\/\/www.unterstroemt.de\/index.php?rest_route=%2Fwp%2Fv2%2Fcomments&post=10335"}],"version-history":[{"count":0,"href":"https:\/\/www.unterstroemt.de\/index.php?rest_route=\/wp\/v2\/posts\/10335\/revisions"}],"wp:attachment":[{"href":"https:\/\/www.unterstroemt.de\/index.php?rest_route=%2Fwp%2Fv2%2Fmedia&parent=10335"}],"wp:term":[{"taxonomy":"category","embeddable":true,"href":"https:\/\/www.unterstroemt.de\/index.php?rest_route=%2Fwp%2Fv2%2Fcategories&post=10335"},{"taxonomy":"post_tag","embeddable":true,"href":"https:\/\/www.unterstroemt.de\/index.php?rest_route=%2Fwp%2Fv2%2Ftags&post=10335"}],"curies":[{"name":"wp","href":"https:\/\/api.w.org\/{rel}","templated":true}]}}