{"id":1034,"date":"2013-11-14T10:15:35","date_gmt":"2013-11-14T08:15:35","guid":{"rendered":"https:\/\/www.unterstroemt.de\/?p=1034"},"modified":"2013-11-14T10:15:35","modified_gmt":"2013-11-14T08:15:35","slug":"genmais-stoppen","status":"publish","type":"post","link":"https:\/\/www.unterstroemt.de\/?p=1034","title":{"rendered":"Genmais stoppen"},"content":{"rendered":"<p>Campact hat gerade eine <a href=\"https:\/\/www.campact.de\/gentechnik\/appell\/teilnehmen\/?utm_campaign=%2Fgentechnik%2F&amp;utm_term=Hier+klicken%2C+um+Appell+f%26uuml%3Br+Gentech-Stopp+zu+unterzeichnen...&amp;utm_content=random-a&amp;utm_source=%2Fgentechnik%2Fappell%2F&amp;utm_medium=Email\" target=\"_blank\">Unterschriftensammlung<\/a> initiiert, die den Parteispitzen von CDU, CSU und SPD im Rahmen der Koalitionsverhandlungen vorgelegt werden soll. Es gent dabei darum, die Zulassung vom Genmais 1507 in der EU zu verhindern &#8211; also ein Thema, was uns alle betrifft, denn schlie\u00dflich landet das Zeug ja sonst auf unseren Tellern. Von den Sch\u00e4den f\u00fcr die Insektenfauna mal ganz abgesehen &#8230;<\/p>\n<p>Hier die Stellungnahme von Campact dazu, die beschreibt, worum es dabei geht:<\/p>\n<blockquote><p>Vor einer Woche hat die\u00a0<strong>Europ\u00e4ische Kommission empfohlen, den Genmais \u201e1507\u201c zum Anbau zuzulassen<\/strong>. Das von der Pflanze st\u00e4ndig produzierte Gift gef\u00e4hrdet Schmetterlinge, Bienen und andere Insekten. Derzeit stehen keine gentechnisch ver\u00e4nderten Pflanzen auf deutschen Feldern. Doch\u00a0<strong>schon im n\u00e4chsten Fr\u00fchjahr k\u00f6nnte der Mais auch hierzulande auf den \u00c4ckern wachsen \u2013 und auf unseren Tellern landen<\/strong>.<\/p>\n<p>Jetzt m\u00fcssen die EU-Mitgliedsstaaten entscheiden, ob sie der Kommissions-Empfehlung folgen. Sprich: Die deutsche Bundesregierung hat es mit in der Hand, ob der Mais erlaubt wird. Derzeit verhandeln die Parteispitzen, ob sie ein<strong>\u00a0Gentechnik-Verbot in den Koalitionsvertrag<\/strong>\u00a0aufnehmen.\u00a0<strong>Merkels CDU blockiert<\/strong>hier eine Initiative von CSU und SPD. In den kommenden zwei Wochen wird in den Koalitionsverhandlungen entschieden.<\/p>\n<p>Wenn sich jetzt lautstarker\u00a0<strong>Protest der B\u00fcrger\/innen<\/strong>\u00a0erhebt, wird die Gro\u00dfe Koalition um ein Gentechnik-Verbot kaum herumkommen.<\/p>\n<p>Der DuPont-Genmais \u201e1507\u201c produziert nicht nur Gifte, die Schmetterlinge und Bienen gef\u00e4hrden. Zus\u00e4tzlich ist er gegen\u00a0<strong>Glufosinat<\/strong>\u00a0resistent \u2013\u00a0<strong>ein gef\u00e4hrliches Pestizid, dem die EU schon 2017 die Marktzulassung entziehen will<\/strong>.<\/p>\n<p>Der Genmais wird h\u00f6chstwahrscheinlich zugelassen, wenn Deutschland im EU-Ministerrat nicht dagegen stimmt.\u00a0<strong>Die neue Bundesregierung steht vor der Wahl<\/strong>: Sie kann gegen eine EU-Zulassung k\u00e4mpfen sowie den Anbau mit nationalen Recht verhindern \u2013 oder sie kann sich den Lobbyisten der\u00a0<strong>Gentechnik-Industrie<\/strong>\u00a0beugen. F\u00fcr wen wird sie sich entscheiden: f\u00fcr den DuPont-Konzern oder f\u00fcr\u00a0<strong>uns B\u00fcrger\/innen<\/strong>, die Gentechnik mit \u00fcberw\u00e4ltigender Mehrheit ablehnen?<\/p>\n<p>Seit vielen Jahren ist es einem breiten B\u00fcndnis aus Verb\u00e4nden, Initiativen und Campact-Aktiven gelungen, den\u00a0<strong>Anbau von Genpflanzen in Deutschland praktisch zu verhindern<\/strong>. Gemeinsam haben wir Gen-Technik ganz oben auf die politische Agenda gesetzt.<\/p>\n<p><strong>Auch in den Koalitionsverhandlungen ist Gentechnik jetzt Chefsache<\/strong>: Aus Verhandlungskreisen wissen wir, dass diese Frage in ganz kleiner Runde von Angela Merkel, Horst Seehofer und Sigmar Gabriel entschieden wird. Das ist unser Gl\u00fcck: Die Chefs der drei Volksparteien k\u00f6nnen es nicht ignorieren, wenn der Protest nun punktgenau einsetzt.<\/p>\n<p>Wenn wir uns jetzt erheben, k\u00f6nnen wir einen weiteren Erfolg erzielen<strong>\u00a0gegen Gentechnik in unserem Essen<\/strong>.<\/p><\/blockquote>\n<p>Es lohnt sich also, zumindest ein paar Klicks zu investieren und so ein Statement gegen derartige Pflanzen abzugeben.<\/p>\n","protected":false},"excerpt":{"rendered":"<p>Campact hat gerade eine Unterschriftensammlung initiiert, die den Parteispitzen von CDU, CSU und SPD im Rahmen der Koalitionsverhandlungen vorgelegt werden soll. Es gent dabei darum, die Zulassung vom Genmais 1507 in der EU zu verhindern &#8211; also ein Thema, was uns alle betrifft, denn schlie\u00dflich landet das Zeug ja sonst auf unseren Tellern. Von den Sch\u00e4den f\u00fcr die Insektenfauna mal ganz abgesehen &#8230;<\/p>\n","protected":false},"author":3,"featured_media":0,"comment_status":"open","ping_status":"closed","sticky":false,"template":"","format":"standard","meta":{"footnotes":""},"categories":[68],"tags":[],"class_list":["post-1034","post","type-post","status-publish","format-standard","hentry","category-unterschreibbares"],"_links":{"self":[{"href":"https:\/\/www.unterstroemt.de\/index.php?rest_route=\/wp\/v2\/posts\/1034","targetHints":{"allow":["GET"]}}],"collection":[{"href":"https:\/\/www.unterstroemt.de\/index.php?rest_route=\/wp\/v2\/posts"}],"about":[{"href":"https:\/\/www.unterstroemt.de\/index.php?rest_route=\/wp\/v2\/types\/post"}],"author":[{"embeddable":true,"href":"https:\/\/www.unterstroemt.de\/index.php?rest_route=\/wp\/v2\/users\/3"}],"replies":[{"embeddable":true,"href":"https:\/\/www.unterstroemt.de\/index.php?rest_route=%2Fwp%2Fv2%2Fcomments&post=1034"}],"version-history":[{"count":1,"href":"https:\/\/www.unterstroemt.de\/index.php?rest_route=\/wp\/v2\/posts\/1034\/revisions"}],"predecessor-version":[{"id":1035,"href":"https:\/\/www.unterstroemt.de\/index.php?rest_route=\/wp\/v2\/posts\/1034\/revisions\/1035"}],"wp:attachment":[{"href":"https:\/\/www.unterstroemt.de\/index.php?rest_route=%2Fwp%2Fv2%2Fmedia&parent=1034"}],"wp:term":[{"taxonomy":"category","embeddable":true,"href":"https:\/\/www.unterstroemt.de\/index.php?rest_route=%2Fwp%2Fv2%2Fcategories&post=1034"},{"taxonomy":"post_tag","embeddable":true,"href":"https:\/\/www.unterstroemt.de\/index.php?rest_route=%2Fwp%2Fv2%2Ftags&post=1034"}],"curies":[{"name":"wp","href":"https:\/\/api.w.org\/{rel}","templated":true}]}}