{"id":10709,"date":"2018-05-13T11:44:08","date_gmt":"2018-05-13T09:44:08","guid":{"rendered":"https:\/\/www.unterstroemt.de\/?p=10709"},"modified":"2018-05-13T11:56:09","modified_gmt":"2018-05-13T09:56:09","slug":"interessantes-aus-kw-19-2018","status":"publish","type":"post","link":"https:\/\/www.unterstroemt.de\/?p=10709","title":{"rendered":"Interessantes aus KW 19\/2018"},"content":{"rendered":"<p>An dieser Stelle pr\u00e4sentieren wir regelm\u00e4\u00dfig Links, die wir unter der Woche entdeckt haben, zu denen wir selbst nicht mehr viel schreiben m\u00fcssen und die wir teilenswert finden. Viel Spa\u00df beim Lesen und Anschauen!<\/p>\n<p>1. Die Verstrickungen von Politik und Wirtschaft sind ja schon seit L\u00e4ngerem offensichtlich, dennoch \u00fcberrascht es einen dann schon noch, wenn man in einem <a href=\"https:\/\/www.abgeordnetenwatch.de\/blog\/2018-05-02\/siemens-daimler-volkswagen-die-tatigkeiten-von-regierungsbeamten-der-wirtschaft#pk_campaign=nl20180506\" target=\"_blank\" rel=\"noopener\">Artikel auf <em>abgeordnetenwatch.de<\/em><\/a> liest, mit welcher Selbstverst\u00e4ndlichkeit Regierungsbeamte Sonderurlaub nehmen, um teilweise jahrelang (und dann mitunter auch noch als Lobbyist) f\u00fcr Konzerne zu arbeiten. Die Unternehmen erhalten so wichtige Kontakte, um auf dem\u00a0\u201ekurzen Dienstweg\u201c politische Entscheidungen zu ihren Gunsten beeinflussen zu k\u00f6nnen. Was f\u00fcr ein durch und durch korrumpiertes System &#8230; [Karl]<\/p>\n<p>2. Auch in \u00d6sterreich kann man gerade beobachten, wie das Land mehr und mehr in Richtung Totalitarismus gef\u00fchrt wird (gut, irgendwie auch kein Wunder, wenn man eine Partei mit offen faschistischen Mitgliedern mit in der Regierung hat). Ein <a href=\"https:\/\/www.kobuk.at\/2018\/05\/was-hinter-der-polizeikampagne-der-kronen-zeitung-steckt\/\" target=\"_blank\" rel=\"noopener\">Artikel auf <em>Kobuk!<\/em><\/a> zeigt auf, wie die Presse dann dabei mittut, in diesem Fall das \u00f6sterreichische <em>BILD<\/em>-Pendant <em>Kronen Zeitung<\/em>. Dort wird n\u00e4mlich statistisch vollkommen unsauber und einseitig (auch unter Weglassen von Fakten) \u00fcber eine Zunahme von Gewalt gegen Polizisten berichtet. Die Folgen sind absehbar: Eine Aufr\u00fcstung der Polizei und totalit\u00e4rere Befugnisse werden von Politik und B\u00fcrger gefordert. Ob solche Schreiberlinge eigentlich eine Ahnung davon haben, was sie mit ihrer dummen Hetze anrichten? [Karl]<\/p>\n<p>3. Ein <a href=\"http:\/\/www.spiegel.de\/wirtschaft\/unternehmen\/deutsche-post-entfristet-wird-wer-selten-krank-ist-a-1206444.html\" target=\"_blank\" rel=\"noopener\">Artikel auf <em>Spiegel Online<\/em><\/a> berichtet \u00fcber skandal\u00f6se Zust\u00e4nde bei der Post. Es kam nun n\u00e4mlich heraus, dass das Unternehmen, an dem ja immerhin auch der deutsche Staat beteiligt ist, Mitarbeiter, die zu oft krank sind, nur befristete Arbeitsvertr\u00e4ge offeriert. Sehr zu Recht werden derartige Praktiken als menschenverachtend und sittenwidrig bezeichnet. Aber Unternehmen k\u00f6nnen sich ja in heutigen Zeiten mit nach wie vor bestehender Massenarbeitslosigkeit\u00a0nahezu alle m\u00f6glichen Schweinerein ihren Besch\u00e4ftigten gegen\u00fcber erlauben. [Karl]<\/p>\n<p>4. Passend zum vorherigen Hinweis: Eine Anfrage von Die Linke an die Bundesregierung ergab laut einem <a href=\"https:\/\/www.derwesten.de\/politik\/fehltage-wegen-ueberlastung-im-job-deutlich-angestiegen-id214204209.html\" target=\"_blank\" rel=\"noopener\">Artikel von <em>Der Westen<\/em><\/a>, dass die Anzahl der krankheitsbedingten Fehltage von Arbeitnehmern in Deutschland in den letzten Jahren massiv angestiegen sind (von knapp 20 auf gut 30 Mio. Fehltage im Zeitraum von 2012 bis 2016). Eine besonders starke Zunahme ergibt sich bei Diagnosen von \u00fcberlastungsbedingten Krankheiten. Die Forderung nach entsprechenden gesetzlichen Schutzregelungen d\u00fcrfte allerdings vermutlich bei unserer Regierung niemanden interessieren. [Karl]<\/p>\n<p>5. Einige interessante Ergebnisse von Umfragen zum Medienvertrauen der Deutschen pr\u00e4sentiert Tobias Riegel in einem <a href=\"https:\/\/www.nachdenkseiten.de\/?p=43825\" target=\"_blank\" rel=\"noopener\">Artikel auf den <em>NachDenkSeiten<\/em><\/a>. Daraus geht n\u00e4mlich hervor, dass viele Deutsche sehr wohl ein differenziert kritisches Bild von der hiesigen Medienlandschaft haben und dies auch begr\u00fcnden k\u00f6nnen. Zudem scheinen gro\u00df angelegte Medienkampagnen nicht so zu verfangen, wie dies beabsichtigt wurde, sodass beispielsweise Kriegslust und Russlandfeindschaft nach wie vor nicht sehr weit verbreitet sind. Das macht doch zumindest ein bisschen Hoffnung! [Karl]<\/p>\n<p>6. Neues wei\u00df eine <a href=\"https:\/\/www1.wdr.de\/nachrichten\/landespolitik\/schulze-foecking-tv-geraet-100.html\" target=\"_blank\" rel=\"noopener\">Artikel des <em>WDR<\/em><\/a> auch von Nordrhein-Westfalens Landwirtschaftsministerin Christina Schulze F\u00f6cking zu berichten: Nachdem die CDU-Politikerin sich deutlichen Anfeindungen ausgesetzt sah, da sie das Parlament belogen hatte, was die Schlie\u00dfung der Stabsstelle Umweltkriminalit\u00e4t anging, hat sie nun wider besseres Wissen das Ger\u00fccht aufrechterhalten, dass ihr Fernseher gehackt worden sei. Es entsteht der Eindruck, dass auf diese Weise f\u00fcr die angeschlagene Ministerin Solidarit\u00e4t erzeugt werden sollte. Meine Meinung: Die Frau ist vollkommen untragbar geworden! [Karl]<\/p>\n<p>7. F\u00fcr die meisten <em>unterstr\u00f6mt<\/em>-Leser keine ganz neue Erkenntnis, aber immerhin bemerkenswert, dass es nun auch deutlich im medialen Mainstream, in diesem Fall <em>Zeit Online<\/em>, so formuliert wird: In der <a href=\"https:\/\/www.zeit.de\/wirtschaft\/2018-05\/staatsverschuldung-investitionen-infrastruktur-fuenf-vor-acht\" target=\"_blank\" rel=\"noopener\">Kolumne von Mark Schieritz<\/a> benennte der Autor deutlich die Wichtigkeit von Staatsschulden und die Fehlausrichtung der deutschen Finanzpolitik mit ihrer Fokussierung aufs Sparen. Sehr richtig stellt Schieritz fest, dass ohne Staatsschulden keine Staatsanleihen als sichere Anlagem\u00f6glichkeiten mehr ausgegeben w\u00fcrden, zudem geht das Verfallenlassen der Infrastruktur wesentlich st\u00e4rker zulasten zuk\u00fcnftiger Generationen als die Aufnahme von neuen Staatsschulden. Sinnvoll, dass sich diese Einsichten endlich weiter verbreiten. [Karl]<\/p>\n<p>8. Auf <em>Nordbayern.de<\/em> findet sich ein lesenswertes <a href=\"http:\/\/www.nordbayern.de\/politik\/pressefreiheit-unter-druck-sie-konnen-heute-alles-faken-1.7532355\" target=\"_blank\" rel=\"noopener\">Interview mit Gabriele Krone-Schmalz<\/a>. Die ehemalige Russlandkorrespondentin der <em>ARD<\/em> hat sich ja schon h\u00e4ufig sehr treffend mit fundierter Medienkritik zu Wort gemeldet, was ihr mitunter dann den Vorwurf, eine\u00a0\u201ePutin-Versteherin\u201c zu sein, eingebracht hat. Nun \u00e4u\u00dfert sie sich zu den heutigen M\u00f6glichkeiten, Fake News zu verbreiten, den Propagandamethoden, die von Medien in mittlerweile fast allen L\u00e4ndern eingesetzt werden, der aktuellen Situation des Journalismus, die aus diversen Gr\u00fcnden qualitativ hochwertige Berichterstattung verunm\u00f6glicht, der zunehmenden Aush\u00f6lung der Pressefreiheit und der Wichtigkeit von Medienkompetenz, die am besten schon als Schulfach vermittelt werden sollte. [Karl]<\/p>\n<p>9. Wenig \u00fcberraschend: Fast jeder zehnte AfD-Abgeordnete in Landtagen und im Bundestag ist kriminell, wie ein <a href=\"https:\/\/www.stern.de\/politik\/deutschland\/afd--so-kriminell-sind-die-abgeordneten-der-rechtspopulisten-7973706.html\" target=\"_blank\" rel=\"noopener\">Artikel im <em>Stern<\/em><\/a> berichtet. Die Bandbreite der Delikte ist dabei gro\u00df und reicht von Gewaltverbrechen, Trunkenheit am Steuer und Fahrerflucht \u00fcber Verbreitung von Kinderpornografie und sexuelle N\u00f6tigung bis hin zu Steuerhinterziehung sowie (nat\u00fcrlich) Volksverhetzung und Beleidigung. W\u00e4re dieser Umstand f\u00fcr eine selbstdeklarierte Law-&amp;-Order-Partei schon hinreichend absurd genug, so kommt auch noch hinzu, dass Verurteilungen und Strafprozesse sich bei der AfD oftmals nicht gerade karrierehinderlich auswirken, sondern die Delinquenten sogar noch wichtige Poste und R\u00fcckendeckung von ihrer Partei erhalten. Was f\u00fcr ein Sauhaufen &#8211; durch und durch! [Karl]<\/p>\n<p>10. Passend zum vorherigen Hinweis gleich noch etwas zu einem konkreten Fall eines kriminellen AfD-Politikers, \u00fcber den ein <a href=\"https:\/\/www.swp.de\/suedwesten\/staedte\/heidenheim\/vorermittlungen-gegen-heidenheimer-afd-abgeordneten-heiner-merz-25451582.html\" target=\"_blank\" rel=\"noopener\">Artikel der <em>Heidenheimer Zeitung<\/em><\/a> berichtet: Gegen den baden-w\u00fcrttembergischen Landtagsabgeordneten Heiner Merz wurden gerade staatsanwaltliche Vorermittlungen eingeleitet aufgrund einer von ihm verschickten E-Mail, die eine Adressenliste mit 25.000 Adressdaten von angeblichen Antifa-Mitgliedern beinhaltete. Anzeige wurde daraufhin nun erstattet wegen\u00a0Verleumdung, Datenhehlerei, Versto\u00df gegen das Datenschutzgesetz und die \u00f6ffentliche Aufforderung zur Begehung einer Straftat. Je weiter rechts, desto krimineller &#8211; dieser Grundsatz gilt ja irgendwie nach wie vor. [Karl]<\/p>\n<p>11. In einem <a href=\"https:\/\/www.blaetter.de\/archiv\/jahrgaenge\/2018\/mai\/der-fall-skripal-schwarze-paedagogik-einer-wertegemeinschaft\" target=\"_blank\" rel=\"noopener\">Artikel in den <em>Bl\u00e4ttern f\u00fcr deutsche und internationale Politik<\/em><\/a> besch\u00e4ftigt sich Karl D. Bredthauer mit der sogenannten westlichen Wertegemeinschaft und zeigt auf, wie sehr diese mittlerweile zur Fassade verkommen ist, mit deren Hilfe v\u00f6lkerrechtswidriges Handeln legitimiert werden soll. Dabei spannt er den Bogen vom Fall des russischen Doppelagenten Skripal hin zum angeblichen Giftgasangriff syrischer Regierungstruppen und zeigt so auf, wie Fakten verdreht, fehlinterpretiert und schlicht falsch wiedergegeben werden, um ein Narrativ aufrechtzuerhalten, das den eigenen politischen Interessen entspricht. [Karl]<\/p>\n<p>12. Momentan wird ja immer wieder das Thema eine Fachkr\u00e4ftezuwanderungsgesetzes in die politische Diskussion eingebracht. Dass es dabei keineswegs um die Behebung des angeblichen Fachkr\u00e4ftemangels, sondern vielmehr um eine weitere M\u00f6glichkeit des Lohndumpings geht, zeigt Jens Berger in einem <a href=\"https:\/\/www.nachdenkseiten.de\/?p=43841\" target=\"_blank\" rel=\"noopener\">Artikel auf den <em>NachDenkSeiten<\/em><\/a> auf. Er weist n\u00e4mlich darauf hin, dass es ein entsprechendes Gesetz schon gibt (die sogenannte Blaue Karte EU), was allerdings nur f\u00fcr Berufe gilt, in denen \u00fcberdurchschnittliches Gehalt gezahlt wird. D scheint es nun also vor allem darum zu gehen, die diesem bereits bestehenden Gesetz zugrunde liegenden Lohnuntergrenzen zu umgehen, um billige Arbeitskr\u00e4fte auf den deutschen Arbeitsmarkt holen zu k\u00f6nnen zur Steigerung der Lohnkonkurrenz. [Karl]<\/p>\n<p>13. Vorletzte Woche geisterte eine Meldung des angeblichen Rentenfachmanns Axel B\u00f6rsch-Supan durch zahlreiche Medien, dass das Aufrechterhalten des Rentenniveaus zuk\u00fcnftig angeblich sei. Ein <a href=\"http:\/\/www.portal-sozialpolitik.de\/info-grafiken\/haltelinie-48-prozent\" target=\"_blank\" rel=\"noopener\">Artikel auf dem <em>Portal Sozialpolitik<\/em><\/a> zeigt nun auf, dass es sich bei der dieser Aussage zugrund liegenden Modellrechnung des\u00a0Munich Center for Economis of Aging (MEA), dessen Direktor B\u00f6rsch-Supan ist, vor allem um Panikmache hat, um die umlagefinanzierte gesetzliche Rentenversicherung weiter in Misskredit zu bringen. Und viele der sogenannten Qualit\u00e4tsmedien machen mal wieder nur allzu gern bei einer derartigen Propaganda mit &#8211; was f\u00fcr ein Trauerspiel. [Karl]<\/p>\n<p>14. Frontal 21 #1: Gleich zwei Beitr\u00e4ge besch\u00e4ftigen sich unmittelbar mit dem sogenannten Dieselskandal und dem Umgang der Politik mit selbigem. Im ersten <a href=\"https:\/\/www.zdf.de\/politik\/frontal-21\/musterfeststellungsklage-102.html\" target=\"_blank\" rel=\"noopener\">Bericht von knapp acht Minuten<\/a> geht es darum, wie dem einfachen B\u00fcrger das Recht auf eine Klage mit einer \u201eMusterfeststellungsklage\u201c versalzen wird. Und der zweite <a href=\"https:\/\/www.zdf.de\/politik\/frontal-21\/scheuer-hilft-100.html\" target=\"_blank\" rel=\"noopener\">Bericht von drei Minuten<\/a> zeigt die korrupten und hochgradig asozialen CSU-Subjekte\u00a0Alexander Dobrindt und\u00a0Andreas Scheuer beim Beschiss an Natur und Bevorteilung regionaler Unternehmen. Wie kann man solche Fischk\u00f6pfe w\u00e4hlen oder gar erst aufstellen? [Dirk]<\/p>\n<p>15. Frontal 21 #2: Einen alten Bekannten aus den Anf\u00e4ngen von <em>unterstr\u00f6mt<\/em> bringt ein <a href=\"https:\/\/www.zdf.de\/politik\/frontal-21\/das-geschaeft-mit-dem-durst-100.html\" target=\"_blank\" rel=\"noopener\">knapp achtmin\u00fctiger Bericht<\/a> wieder auf den Plan: Nestl\u00e9. Schon lange hat dieser Konzern Natur und Menschen kompromisslos ausgebeutet, und hier geht es mal wieder ums Wasser: Mit der Marke Vittel verkauft der Konzern Millionen Flaschen des Wassers aus regionalen Quellen. Nun sinkt das Grundwasser dramatisch, und die Bev\u00f6lkerung soll gef\u00e4lligst an Quellwasser sparen (wie vielerorts weltweit, wo Nestl\u00e9 so die \u00c4rmsten der Armen zum Erwerb von Wasser in Flaschen zwingt). [Dirk]<\/p>\n<p>16. Dass sich auch nach den letzten Skandalen nichts an der Tierhaltung in Deutschland ge\u00e4ndert hat, zeigt <em>ZDFzoom<\/em> in einem <a href=\"https:\/\/www.zdf.de\/dokumentation\/zdfzoom\/zdfzoom-schweinerei-im-schlachthof-100.html\" target=\"_blank\" rel=\"noopener\">28-min\u00fctigen Bericht<\/a>. Auch wenn sich ein Teil der Bev\u00f6lkerung bewusst ern\u00e4hrt und sich Gedanken \u00fcber die Umwelt macht, so ist es doch der Gro\u00dfteil, den Skandale in Sachen Tierzucht (oder auch in anderen Belangen wie dem Dieselskandal) \u00fcberhaupt nicht interessiert. Diesen Teil interessiert genau eine Sache: sie selbst. [Dirk]<\/p>\n<p>17. Es wird eng f\u00fcr Vegetarier: Laut einer Studie von schwedischen Agrarwissenschaftlern kommunizieren Pflanzen \u00fcber die Wurzeln durch die Erde miteinander, <a href=\"https:\/\/www.grenzwissenschaft-aktuell.de\/pflanzen-kommunizieren-unterirdisch20180511\/\" target=\"_blank\" rel=\"noopener\">berichtet<\/a> <em>grenzwissenschaft-aktuell<\/em>. So beeinflussen sie sich gegenseitig im Wachstum. Wie es scheint sorgen \u00fcberirdische Ber\u00fchrungen daf\u00fcr, dass die Pflanzen ihr Wachstum kommunizieren. Dann kann ich ja nun wieder getrost Tiere verspeisen &#8230; macht eh keinen Unterschied. [Dirk]<\/p>\n<p>18. Der HSV steigt nach 55 Jahren das erste Mal in die zweite Bundesliga ab, so ein <a href=\"https:\/\/www.ndr.de\/fernsehen\/sendungen\/panorama3\/Gedanken-eines-Absteigers,hsvabstieg104.html\" target=\"_blank\" rel=\"noopener\">dreimin\u00fctiger Bericht<\/a> bei <em>panorama3<\/em>. Der Pr\u00e4sident von Hannover 96, Martin Kind, \u00e4u\u00dfert sich zu dem Abstieg und h\u00e4lt auch ein Pl\u00e4doyer f\u00fcr die Stadt Hamburg. Ich denke mir nur, dass nun die unz\u00e4hligen Fans der beiden lokalen Hamburger Vereine wieder einen Grund mehr haben werden, sich wie Kinder wegen eines eigentlich sozialen Sports anzufeinden.\u00a0 Vielleicht aber auch eine Chance, dem Kommerz ein wenig zu entgehen &#8230; [Dirk]<\/p>\n<p>&nbsp;<\/p>\n","protected":false},"excerpt":{"rendered":"<p>An dieser Stelle pr\u00e4sentieren wir regelm\u00e4\u00dfig Links, die wir unter der Woche entdeckt haben, zu denen wir selbst nicht mehr viel schreiben m\u00fcssen und die wir teilenswert finden. Viel Spa\u00df beim Lesen und Anschauen!<\/p>\n","protected":false},"author":5,"featured_media":0,"comment_status":"open","ping_status":"open","sticky":false,"template":"","format":"standard","meta":{"footnotes":""},"categories":[193],"tags":[],"class_list":["post-10709","post","type-post","status-publish","format-standard","hentry","category-woechentliches"],"_links":{"self":[{"href":"https:\/\/www.unterstroemt.de\/index.php?rest_route=\/wp\/v2\/posts\/10709","targetHints":{"allow":["GET"]}}],"collection":[{"href":"https:\/\/www.unterstroemt.de\/index.php?rest_route=\/wp\/v2\/posts"}],"about":[{"href":"https:\/\/www.unterstroemt.de\/index.php?rest_route=\/wp\/v2\/types\/post"}],"author":[{"embeddable":true,"href":"https:\/\/www.unterstroemt.de\/index.php?rest_route=\/wp\/v2\/users\/5"}],"replies":[{"embeddable":true,"href":"https:\/\/www.unterstroemt.de\/index.php?rest_route=%2Fwp%2Fv2%2Fcomments&post=10709"}],"version-history":[{"count":21,"href":"https:\/\/www.unterstroemt.de\/index.php?rest_route=\/wp\/v2\/posts\/10709\/revisions"}],"predecessor-version":[{"id":10761,"href":"https:\/\/www.unterstroemt.de\/index.php?rest_route=\/wp\/v2\/posts\/10709\/revisions\/10761"}],"wp:attachment":[{"href":"https:\/\/www.unterstroemt.de\/index.php?rest_route=%2Fwp%2Fv2%2Fmedia&parent=10709"}],"wp:term":[{"taxonomy":"category","embeddable":true,"href":"https:\/\/www.unterstroemt.de\/index.php?rest_route=%2Fwp%2Fv2%2Fcategories&post=10709"},{"taxonomy":"post_tag","embeddable":true,"href":"https:\/\/www.unterstroemt.de\/index.php?rest_route=%2Fwp%2Fv2%2Ftags&post=10709"}],"curies":[{"name":"wp","href":"https:\/\/api.w.org\/{rel}","templated":true}]}}