{"id":11428,"date":"2018-08-12T15:10:59","date_gmt":"2018-08-12T13:10:59","guid":{"rendered":"https:\/\/www.unterstroemt.de\/?p=11428"},"modified":"2018-08-20T08:55:06","modified_gmt":"2018-08-20T06:55:06","slug":"interessantes-aus-kw-32-2018","status":"publish","type":"post","link":"https:\/\/www.unterstroemt.de\/?p=11428","title":{"rendered":"Interessantes aus KW 32\/2018"},"content":{"rendered":"<p>An dieser Stelle pr\u00e4sentieren wir regelm\u00e4\u00dfig Links, die wir unter der Woche entdeckt haben, zu denen wir selbst nicht mehr viel schreiben m\u00fcssen und die wir teilenswert finden. Viel Spa\u00df beim Lesen und Anschauen!<\/p>\n<p>1. Ein kurzer <a href=\"https:\/\/www.volksverpetzer.de\/bericht\/infratest\/\" target=\"_blank\" rel=\"noopener\">Artikel auf <em>Der Volksverpetzer<\/em><\/a> besch\u00e4ftigt sich mit den Ergebnissen eine Umfrage zu den politischen Inhalten, die der deutschen Bev\u00f6lkerung zu viel und zu wenig thematisiert werden. Und das ist recht eindeutig: Eine gro\u00dfe Mehrheit meint, dass es viel zu viel um Fl\u00fcchtlingspolitik ginge und Bereiche wie Altersarmut, Pflegenotstand und Mietwucher viel zu wenig Platz auf der politischen Agenda f\u00e4nden. Dennoch lassen sich die Regierungen in Bund und L\u00e4ndern vornehmlich von rechten Agitatoren vor sich hertreiben &#8211; ob das so ganz unbeabsichtigt geschieht oder doch eigentlich ganz willkommen ist, um keine\u00a0\u201ehei\u00dfen Eisen\u201c, die mit der eigenen neoliberalen Ideologie nur schwer in Einklang zu bringen sind, anfassen zu m\u00fcssen? [Karl]<\/p>\n<p>2.\u00a0Urlaubszeit &#8211; was f\u00fcr viele die sch\u00f6nste Zeit im Jahr ist, ist leider nicht mehr so ganz unproblematisch, da der Tourismus in vielen L\u00e4ndern und auch global gesehen auch deutlich negative Auswirkungen hat.\u00a0Was sich da von jedem Einzelnen, aber auch vonseiten der Politik \u00e4ndern sollte, stellt Steffen Vogel in einem sehr lesenswerten <a href=\"https:\/\/www.blaetter.de\/archiv\/jahrgaenge\/2018\/juli\/welterfahrung-und-weltzerstoerung\" target=\"_blank\" rel=\"noopener\">Artikel in den <em>Bl\u00e4ttern f\u00fcr deutsche und internationale Politik<\/em><\/a> dar. [Karl]<\/p>\n<p>3. Alarmierende Nachrichten! Ein <a href=\"http:\/\/www.taz.de\/!5521267\/\" target=\"_blank\" rel=\"noopener\">Artikel in der <em>taz<\/em><\/a> berichtet \u00fcber eine Studie, die eine ziemlich deutliche Warnung vor einer globalen Hei\u00dfzeit ausspricht. Es gibt n\u00e4mlich einige sogenannten Kippelemente, die so wie bei Dominosteinen unkalkulierbare Kettenreaktionen ausl\u00f6sen k\u00f6nnen &#8211; und das selbst wenn die Zielvorgaben des Pariser Klimaschutzabkommens eingehalten werden. Es m\u00fcssten also schnellstens gravierende \u00c4nderungen vorgenommen werden, aber dazu wird wohl keiner bereit sein. Na, dann freuen wir uns also schon mal auf die Apokalypse &#8230; [Karl]<\/p>\n<p>4. Was sich vor einigen Wochen ja schon andeutete, ist nun Gewissheit: Die vom damaligen Finanzminister Wolfgang Sch\u00e4uble (CDU) installierte Geldw\u00e4sche-Spezialeinheit des Zolls (FIU) ist laut einem <a href=\"http:\/\/www.spiegel.de\/panorama\/justiz\/geldwaesche-spezialeinheit-des-zolles-arbeitet-zu-schlecht-und-zu-langsam-a-1222203.html\" target=\"_blank\" rel=\"noopener\">Artikel auf <em>Spiegel Online<\/em><\/a> ein einziges Fiasko und f\u00fchrt vor allem zur Verschleppung bei der Verfolgung von Geldw\u00e4sche. Experten hatten auf genau diese Probleme von Anfang an hingewiesen, aber wenn ein Krimineller wie Sch\u00e4uble (CDU-Spendenaff\u00e4re) vorgibt, die Bek\u00e4mpfung von Finanzkriminalit\u00e4t organisieren zu wolle, dann sollte es einen nicht wundern, dass die Einzigen, die sich dar\u00fcber freuen, die Geldw\u00e4scher sind. [Karl]<\/p>\n<p>5. Einen wenig entspannende Unterhaltung? Dann ist der Wetterbericht genau das richtige. Bei <em>extra3 (NDR)<\/em> lief gerade ein <a href=\"https:\/\/www.ardmediathek.de\/tv\/extra-3\/Wetterbericht-Hetze-Welle\/NDR-Fernsehen\/Video?bcastId=3709210&amp;documentId=54943968\" target=\"_blank\" rel=\"noopener\">zweimin\u00fctiger Bericht<\/a> zur Hetze-Welle, und wie bei allen Leitmedien, so besch\u00e4ftige auch ich mich im Sommerloch mit dem Wetter. ;) [Dirk]<\/p>\n<p>6. Bei <em>Zapp (NDR)<\/em> fragt ein <a href=\"https:\/\/www.ndr.de\/fernsehen\/sendungen\/zapp\/medienpolitik\/MeTwo-Debatte-Was-fehlt-im-Journalismus,metwo104.html\" target=\"_blank\" rel=\"noopener\">sechsmin\u00fctiger Bericht<\/a>\u00a0\u201eWas im Journalismus fehlt\u201c. Eine Antwort ist eine weniger homogene Zusammensetzung der Journalisten in den etablierten Medien. So f\u00f6rdert der Verein\u00a0\u201eNeue deutsche Medienmacher e. V.\u201c mehr Menschen mit Migrationshintergrund in den Schreibstuben (immerhin 25 % der Deutschen haben einen entsprechenden Background). Es geht aber auch um die schulische Bildung und den Ursprung aus der Mittelschicht. Diversity! [Dirk]<\/p>\n<p>7. Ein gut dreimin\u00fctiger <a href=\"https:\/\/www1.wdr.de\/mediathek\/audio\/wdr5\/wdr5-morgenecho-beitraege\/audio-inside-afd-ein-erschreckender-einblick-100.html\" target=\"_blank\" rel=\"noopener\">Audiobeitrag vom <em>WDR 5 Morgenecho<\/em><\/a> stellt das Buch\u00a0\u201eInside AfD\u201c von Franziska Schreiber vor. Die ehemalige Vertraute von Frauke Petry und Sprecherin der AfD-Nachwuchsabteilung \u201eJunge Alternative\u201c in Sachsen-Anhalt ist seit einigen Monaten aus der AfD ausgetreten und beschreibt nun, wie sich die Partei zusehends radikalisierte und nach rechts abdriftete. Scheint eine interessante Lekt\u00fcre zu sein! [Karl]<\/p>\n<p>8. Sascha Lobo bietet in seiner <a href=\"http:\/\/www.spiegel.de\/netzwelt\/web\/rechte-sprache-deutsch-rechts-rechts-deutsch-a-1221185.html\" target=\"_blank\" rel=\"noopener\">Kolumne auf <em>Spiegel Online<\/em><\/a> ein kleines W\u00f6rterbuch\u00a0\u201eDeutsch-Rechts\/Rechts-Deutsch\u201c, in dem er typische Begriffe, die AfD-Fans und andere Rechte in ihrer Kommunikation immer wieder verwenden. Das ist zum einen schon reichlich am\u00fcsant geschrieben, andererseits aber auch tats\u00e4chlich mit einem ernsten Hintergrund, weil es nicht nur viel \u00fcber das Selbstbild der Rechten offenbart, sondern eben auch zeigt, wie Sprache das Denken formt. [Karl]<\/p>\n<p>9. Tom \u00a0Wellbrock nimmt sich in einem <a href=\"https:\/\/www.neulandrebellen.de\/2018\/08\/das-ist-nicht-ihr-sozialstaat-herr-lindner\/\" target=\"_blank\" rel=\"noopener\">Artikel auf <em>neulandrebellen<\/em><\/a> eine Aussage von FDP-Chef Christian Lindner vor, der k\u00fcrzlich von ausufernden Sozialausgaben in Deutschland schwadronierte und dem der stellvertretenden CDU-Faktionschefe Carsten Linnemann auch noch argumentativ beisprang. Dass derartige Aussagen nicht nur verlogen und menschenverachtend sind, sondern auch die Spaltung der Menschen im Land, die so weiter gegeneinander aufgewiegelt werden sollen, ist schon schlimm genug. Wenn diese aber auch noch von Subjekten wie Lindner und Linneman kommen, die ohnehin mit \u00f6ffentlichen Geldern bis an ihr Lebensende alimentiert sein werden, ist das zudem auch noch unappetitlich zynisch. [Karl]<\/p>\n<p>10. Jeremy Corbyn, der Vorsitzende der britischen Labour Party, wurde k\u00fcrzlich mit einer ziemlichen Schmutzkampagne bedacht, die ihn des Antisemitismus bezichtigte, wie ein <a href=\"https:\/\/www.nachdenkseiten.de\/?p=45356\" target=\"_blank\" rel=\"noopener\">Artikel auf den <em>NachDenkSeiten<\/em><\/a> berichtet. Diese wurde vor allem auch von Mitgliedern aus seiner eigenen Partei unterst\u00fctzt, die den erfolgreichen neuen Kurs von Labour unter Corbyn, n\u00e4mlich hin zu klassisch linken Themen und Positionen, torpedieren wollen. Dass die neoliberale Medienlandschaft dort weitgehend mitzieht, wundert einen nicht, doch immerhin konnten die sozialen Medien einen gewissen Gegenpol schaffen, indem dort Solidarit\u00e4tsbekundungen und Richtigstellungen von bewusst gestreuten Fake News die Bef\u00fcrworter der Kampagne in die Defensive dr\u00e4ngten. [Karl]<\/p>\n<p>11. Ach du Schei\u00dfe! Anja R\u00fctzel befasst sich in einem <a href=\"http:\/\/www.spiegel.de\/kultur\/tv\/jung-weiblich-boss-mit-jette-joop-bei-rtl-ii-killekille-gaensehaut-a-1221901.html\" target=\"_blank\" rel=\"noopener\">Artikel auf <em>Spiegel Online<\/em><\/a> mit einer neuen Gr\u00fcndershow auf <em>RTL II<\/em>:\u00a0\u201eJung, weiblich, Boss\u201c. Und das liest sich dann tats\u00e4chlich auch so \u00fcbel, wie der Name von Sendung und Sender vermuten l\u00e4sst: d\u00fcmmste Klischees, eine gelangweilte Jette Joop als Pseudomentorin, und zudem wird auch noch eine antiquiertes Frauenbild vermittelt. Wer denkt, es geht nicht schlimmer, was das Niveau deutscher Fernsehunterhaltung vor allem auf Privatsendern angeht, d\u00fcrfte hier widerlegt werden. [Karl]<\/p>\n<p>12. Ein <a href=\"https:\/\/www.zeit.de\/politik\/deutschland\/2018-08\/staatstrojaner-verfassungsbeschwerde-ueberwachungsinstrument-hajo-seppelt-can-duendar\" target=\"_blank\" rel=\"noopener\">Artikel auf <em>Zeit Online<\/em><\/a> berichtet, dass eine Gruppe von Politikern und Journalisten eine Verfassungsbeschwerde gegen den Einsatz des sogenannten Staatstrojaners einlegen wollen. Die Gr\u00fcnde sind nachvollziehbar: Zum einen wurde die vom Bundesverfassungsgericht geforderte Zur\u00fcckhaltung beim Einsatz dieser \u00dcberwachungsma\u00dfnahme einfach ignoriert, zum anderen werden dadurch aufgedeckte und genutzte Sicherheitsl\u00fccken nicht an die Hersteller der Software gemeldet, sodass auch Kriminelle diese L\u00fccken nutzen k\u00f6nnen. Genau vor diesen beiden Aspekten haben Kritiker ja \u00fcbrigens schon vor Einf\u00fchrung des Staatstrojaners gewarnt &#8230; [Karl]<\/p>\n<p>13. \u00dcber ein bezeichnendes Beispiel, wie es abl\u00e4uft, wenn private Anbieter hoheitliche Aufgaben der \u00f6ffentlichen Hand \u00fcbernehmen, zeigt ein gut 15-min\u00fctiger <a href=\"https:\/\/daserste.ndr.de\/panorama\/archiv\/2018\/Toll-Collect-Druck-auf-Scheuer-steigt,tollcollect116.html\" target=\"_blank\" rel=\"noopener\">Bericht des <em>ARD<\/em>-Magazins <em>Panorama<\/em><\/a> auf. Toll Collect ist f\u00fcr die Erhebung und Abrechnung der Lkw-Maut in Deutschland zust\u00e4ndig &#8211; und hat dabei seit Jahren falsche Rechnungen an den Staat gestellt. Auf diese Weise sind mit einigen Hundert Millionen Euro Steuergeldern Oldtimer-Rallyes und Aufenthalte in Luxushotels finanziert worden. Und was macht die Politik? Unterbindet die staatsanwaltlichen Ermittlungen und l\u00e4sst Toll Collect weiter gew\u00e4hren. Das Verkehrsministerium in CSU Hand erweist sich mal wieder als hochgradig korrupte Komplizenbude f\u00fcr Betr\u00fcger. [Karl]<\/p>\n<p>14. Dass transnationale Konzerne Steuern hinterziehen wie nichts Gutes, ist nichts ganz Neues. Ein <a href=\"https:\/\/www.freitag.de\/autoren\/wolfgangmichal\/minister-der-diebe\" target=\"_blank\" rel=\"noopener\">Artikel von Wolfgang Michal<\/a> f\u00fcr <em>der Freitag<\/em> beleuchtet nun, welche Ma\u00dfnahmen auf EU-Ebene schon seit L\u00e4ngerem in der Mache sind, um tats\u00e4chlich Steuertransparenz herzustellen. Das EU-Parlament hat schon mehrfach daf\u00fcr gestimmt, auch der zust\u00e4ndige EU-Finanzkommissar pl\u00e4diert daf\u00fcr &#8211; nur der Rat der Finanzminister und dort insbesondere Olaf Scholz geben den Blockierer im Dienste der Konzerne. Oder wie Michal es passend nennt:\u00a0\u201eMinister der Diebe\u201c. [Karl]<\/p>\n<p>15. Und damit solche Schweinereien wie aus dem vorherigen Hinweis m\u00f6glichst unauff\u00e4llig weiter betrieben werden k\u00f6nnen, muss dann eben ein anderer S\u00fcndenbock her. Den zauberten SPD und CDU im Zusammenspiel mit einigen Medien dann gerade aktuell mit Kindern von \u00fcberwiegend Osteurop\u00e4ern, die in Deutschland arbeiten, aber in ihrem Heimatland leben und dorthin Kindergeld aus Deutschland bekommen, hervor, wie ein <a href=\"http:\/\/www.taz.de\/Debatte-um-Kindergeld-fuer-EU-Auslaender\/!5527184\/\" target=\"_blank\" rel=\"noopener\">Artikel in der <em>taz<\/em><\/a> berichtet. Darin wird auch die Bigotterie dieser Diskussion betont: Osteurop\u00e4er, die hier f\u00fcr wenig Geld schuften, werden gern gesehen, aber Sozialleistungen will man diesen Menschen nicht zusprechen. Typisch deutsche Sch\u00e4bigkeit! [Karl]<\/p>\n<p>16. Ein<a href=\"https:\/\/www.heise.de\/security\/meldung\/Moechten-Sie-sterben-Malware-gegen-Herzschrittmacher-laesst-Hersteller-kalt-4133625.html\" target=\"_blank\" rel=\"noopener\"> Artikel auf <em>heise.de<\/em><\/a> zeigt, wie Kapitalismus funktioniert: Hauptsache, der Rubel rollt, alles andere ist egal. Zwei Hacker haben Sicherheitsl\u00fccke in der Software von Herzschrittmachern der Firma Medtronic entdeckt, die dazu f\u00fchren k\u00f6nnen, die Ger\u00e4te abzustellen &#8211; was f\u00fcr den Patienten t\u00f6dliche Folgen h\u00e4tte. Doch anstatt sich \u00fcber so einen Hinweis zu freuen und schnellstens Abhilfe zu schaffen, eiert die Firma rum, spielt auf Zeit und versucht, das Problem kleinzureden. Profitstreben und derart lebenswichtige Technologien passen halt nicht zusammen, wie man sieht. [Karl]<\/p>\n","protected":false},"excerpt":{"rendered":"<p>An dieser Stelle pr\u00e4sentieren wir regelm\u00e4\u00dfig Links, die wir unter der Woche entdeckt haben, zu denen wir selbst nicht mehr viel schreiben m\u00fcssen und die wir teilenswert finden. Viel Spa\u00df beim Lesen und Anschauen!<\/p>\n","protected":false},"author":5,"featured_media":0,"comment_status":"open","ping_status":"open","sticky":false,"template":"","format":"standard","meta":{"footnotes":""},"categories":[193],"tags":[],"class_list":["post-11428","post","type-post","status-publish","format-standard","hentry","category-woechentliches"],"_links":{"self":[{"href":"https:\/\/www.unterstroemt.de\/index.php?rest_route=\/wp\/v2\/posts\/11428","targetHints":{"allow":["GET"]}}],"collection":[{"href":"https:\/\/www.unterstroemt.de\/index.php?rest_route=\/wp\/v2\/posts"}],"about":[{"href":"https:\/\/www.unterstroemt.de\/index.php?rest_route=\/wp\/v2\/types\/post"}],"author":[{"embeddable":true,"href":"https:\/\/www.unterstroemt.de\/index.php?rest_route=\/wp\/v2\/users\/5"}],"replies":[{"embeddable":true,"href":"https:\/\/www.unterstroemt.de\/index.php?rest_route=%2Fwp%2Fv2%2Fcomments&post=11428"}],"version-history":[{"count":22,"href":"https:\/\/www.unterstroemt.de\/index.php?rest_route=\/wp\/v2\/posts\/11428\/revisions"}],"predecessor-version":[{"id":11549,"href":"https:\/\/www.unterstroemt.de\/index.php?rest_route=\/wp\/v2\/posts\/11428\/revisions\/11549"}],"wp:attachment":[{"href":"https:\/\/www.unterstroemt.de\/index.php?rest_route=%2Fwp%2Fv2%2Fmedia&parent=11428"}],"wp:term":[{"taxonomy":"category","embeddable":true,"href":"https:\/\/www.unterstroemt.de\/index.php?rest_route=%2Fwp%2Fv2%2Fcategories&post=11428"},{"taxonomy":"post_tag","embeddable":true,"href":"https:\/\/www.unterstroemt.de\/index.php?rest_route=%2Fwp%2Fv2%2Ftags&post=11428"}],"curies":[{"name":"wp","href":"https:\/\/api.w.org\/{rel}","templated":true}]}}