{"id":1144,"date":"2013-12-07T19:56:27","date_gmt":"2013-12-07T17:56:27","guid":{"rendered":"https:\/\/www.unterstroemt.de\/?p=1144"},"modified":"2013-12-07T19:56:27","modified_gmt":"2013-12-07T17:56:27","slug":"nelson-mandela","status":"publish","type":"post","link":"https:\/\/www.unterstroemt.de\/?p=1144","title":{"rendered":"Nelson Mandela"},"content":{"rendered":"<p>Nelson Mandela ist tot. Nicht ganz unerwartet, denn 95 Jahre sind schon ein recht ordentliches Alter, und zudem gab es ja in letzter Zeit immer wieder Nachrichten \u00fcber seinen nicht allzu guten Gesundheitszustand zu vernehmen. Wenn der Tod dann jedoch tats\u00e4chlich eintritt, hinterl\u00e4sst so ein Mensch eine L\u00fccke in der (nicht nur politischen) Welt, da er f\u00fcr vieles steht: Kampf, Hoffnung, Widerstand, aber auch Vers\u00f6hnung und Verzeihen.<\/p>\n<p>\u00dcber <em>zwei Ecken<\/em>\u00a0las ich bei Facebook ein Statement von Peter Schein aus Niederbayern, das ziemlich genau das widerspiegelt, was ich auch gedacht habe bei all den Trauerbekundungen zu Mandelas Tod vonseiten zahlreicher Politiker und Promis:<\/p>\n<blockquote><p>Nelson Mandela&#8230;&#8230;.im Alter von 95 Jahren verstorben. Ich bin ersch\u00fcttert. Nicht weil Nelson gestorben ist, nein keineswegs. Ich bin ersch\u00fcttert \u00fcber die Umgangsweise unserer Politik, Wirtschaft und Glamourwelt, weltweit. Sie Huldigen Nelson, sprechen ihr Beileid aus, erkl\u00e4ren uns wie ersch\u00fcttert und traurig sind und bekunden, wieviel gro\u00dfartiges Nelson Mandela f\u00fcr Freiheit und Gerechtigkeit getan hat. Das man dies nicht hoch genug anerkennen kann und und und&#8230;&#8230;.und tun so als w\u00e4re es Ihr Freund und Vorbild gewesen&#8230;&#8230;und wenn alle Kameras aus und verpackt sind, treiben Sie Ihre Spielchen weiter. Schicken weiter Waffen in die Kriegsebiete, lassen weiter Menschen dadurch sterben. Betreiben Politik, die den Armen noch \u00e4rmer un d den Reichen noch Reicher macht. Nelson Mandela Euer Vorbild: Sch\u00e4mt Euch, denn Ihr habt nichts, aber auch gar nichts von Ihm gelernt&#8230;&#8230;..Sch\u00e4mt Euch f\u00fcr das was Ihr getan habt und was Ihr noch tun werdet und spielt uns nicht etwas vor, was Ihr tats\u00e4chlich gar nicht so meint. Ich hab die Schnauze voll von Euren L\u00fcgen.<\/p><\/blockquote>\n<p>Genau diesen Zorn, der aus diesen Zeilen spricht, habe ich auch empfunden.<\/p>\n<p>Auch Konstantin Wecker hat <a href=\"http:\/\/www.wecker.de\/de\/weckers-welt\/item\/387-Ein-wunderbarer-grosser-Mensch-ist-von-uns-gegangen.html\" target=\"_blank\">ein paar deutliche Worte auf seiner Webseite<\/a> dazu formuliert, und auch diesen kann ich nur voll und ganz zustimmen. Da wird ein gro\u00dfer Mensch nach seinem Tod durch Lobhudeleien von Personen, die nichts mit seinem Wirken gemein haben, quasi von seinen eigenen Ideen und Handlungen getrennt. Wenn beispielsweise CSU-Mitglieder (und nicht nur die, gibt ja auch genug andere, die so ticken), die immer noch eine dubiose und kriminelle Gestalt wie Franz-Josef Strau\u00df verehren, sich nun betroffen zeigen vom Tode Mandelas, dann mag ich nur noch <em>Heuchler!<\/em> rufen, denn Mandelas Ideale stimmen nun \u00fcberhaupt nicht zu den ihren \u00fcberein, sondern stehen diesen vielmehr entgegen. Aber dies passt eben leider in unsere oberfl\u00e4chliche Zeit, in der Inhaltslosigkeit schon zu einer Art kommunikativem Standard geworden ist.<\/p>\n","protected":false},"excerpt":{"rendered":"<p>Nelson Mandela ist tot. Nicht ganz unerwartet, denn 95 Jahre sind schon ein recht ordentliches Alter, und zudem gab es ja in letzter Zeit immer wieder Nachrichten \u00fcber seinen nicht allzu guten Gesundheitszustand zu vernehmen. Wenn der Tod dann jedoch tats\u00e4chlich eintritt, hinterl\u00e4sst so ein Mensch eine L\u00fccke in der (nicht nur politischen) Welt.<\/p>\n","protected":false},"author":3,"featured_media":0,"comment_status":"open","ping_status":"closed","sticky":false,"template":"","format":"standard","meta":{"footnotes":""},"categories":[50],"tags":[123],"class_list":["post-1144","post","type-post","status-publish","format-standard","hentry","category-politisches","tag-mandela"],"_links":{"self":[{"href":"https:\/\/www.unterstroemt.de\/index.php?rest_route=\/wp\/v2\/posts\/1144","targetHints":{"allow":["GET"]}}],"collection":[{"href":"https:\/\/www.unterstroemt.de\/index.php?rest_route=\/wp\/v2\/posts"}],"about":[{"href":"https:\/\/www.unterstroemt.de\/index.php?rest_route=\/wp\/v2\/types\/post"}],"author":[{"embeddable":true,"href":"https:\/\/www.unterstroemt.de\/index.php?rest_route=\/wp\/v2\/users\/3"}],"replies":[{"embeddable":true,"href":"https:\/\/www.unterstroemt.de\/index.php?rest_route=%2Fwp%2Fv2%2Fcomments&post=1144"}],"version-history":[{"count":1,"href":"https:\/\/www.unterstroemt.de\/index.php?rest_route=\/wp\/v2\/posts\/1144\/revisions"}],"predecessor-version":[{"id":1145,"href":"https:\/\/www.unterstroemt.de\/index.php?rest_route=\/wp\/v2\/posts\/1144\/revisions\/1145"}],"wp:attachment":[{"href":"https:\/\/www.unterstroemt.de\/index.php?rest_route=%2Fwp%2Fv2%2Fmedia&parent=1144"}],"wp:term":[{"taxonomy":"category","embeddable":true,"href":"https:\/\/www.unterstroemt.de\/index.php?rest_route=%2Fwp%2Fv2%2Fcategories&post=1144"},{"taxonomy":"post_tag","embeddable":true,"href":"https:\/\/www.unterstroemt.de\/index.php?rest_route=%2Fwp%2Fv2%2Ftags&post=1144"}],"curies":[{"name":"wp","href":"https:\/\/api.w.org\/{rel}","templated":true}]}}