{"id":1186,"date":"2013-12-18T00:32:35","date_gmt":"2013-12-17T23:32:35","guid":{"rendered":"https:\/\/www.unterstroemt.de\/?p=1186"},"modified":"2019-02-01T19:35:26","modified_gmt":"2019-02-01T18:35:26","slug":"selbst-schuld","status":"publish","type":"post","link":"https:\/\/www.unterstroemt.de\/?p=1186","title":{"rendered":"Selbst schuld!"},"content":{"rendered":"<p>Der Mensch ist ein soziales Wesen, was sich schon aus seiner (und der seiner Vorfahren) urspr\u00fcnglichen Lebensweise im Rudel ergibt. Leider geht der momentane Zeitgeist massiv in die Richtung, dass sich jeder nur noch als einzelverantwortliches Wesen wahrnimmt und auch so agiert. Solidarit\u00e4t, Empathie, Gemeinschaftssinn? Fehlanzeige! Wenn etwas nicht so l\u00e4uft, wie es laufen soll, dann ist immer nur der Einzelne schuld und muss entsprechend etwas \u00e4ndern. Die Fehler werden somit grunds\u00e4tzlich nicht mehr aufgrund ihrer m\u00f6glichen systemimmanenten Ursachen untersucht.<\/p>\n<p>Dieses Ph\u00e4nomen l\u00e4sst sich in vielen Bereichen beobachten. \u00dcber das Dilemma der Demontage eines mal sehr gut funktionierenden Rentensystems \u00e0 la Umlageverfahren habe ich ja neulich schon mal einen <a href=\"https:\/\/www.unterstroemt.de\/?p=1060\" target=\"_blank\">Artikel hier auf unterstr\u00f6mt<\/a> geschrieben. Da wird gelogen, dass sich die Balken biegen, da wird im gro\u00dfen Stil Altersarmut breiter Bev\u00f6lkerungsschichten in Kauf genommen, nur damit sich eben nicht mehr die Gemeinschaft um diejenigen k\u00fcmmert, die zu alt zum Arbeiten geworden sind, sondern damit jeder sch\u00f6n f\u00fcr sich selbst privat vorsorgt f\u00fcr die Rente. Und wer das nicht kann aufgrund von geringem Einkommen? Tja, Pech gehabt. Die Risiken der privaten Vorsorge werden dabei nat\u00fcrlich sch\u00f6n verschwiegen (AWD und Lehman Brothers liefern da beispielsweise beredetes Zeugnis), und die Quintessenz ist klar: Wer im Alter nicht mehr viel zum Leben hat, ist selbst schuld.<\/p>\n<p>Auch am anderen Ende der Biografien, also bei den Kindern, l\u00e4sst sich dieses Problem erkennen: Ein Kind passt irgendwie nicht in das in der Schule abgefragte Leistungsschema? Kein Problem, Ritalin rein, dann wird das schon. Ich verweise hier noch mal auf das <a href=\"http:\/\/www.nachdenkseiten.de\/?p=19394\" target=\"_blank\">Interview mit Dieter Mattner auf den Nachdenkseiten<\/a>, dessen Fazit lautet:<\/p>\n<blockquote><p><strong>Was also w\u00e4re Ihrer Meinung nach zu tun? F\u00fcr die Kinder und Jugendlichen, aber auch \u2026 die Gesamtsituation?<\/strong><\/p>\n<p>Sich zunehmend der Gesamtproblematik psychosozialer Probleme in seiner Multikausalit\u00e4t \u2013 und genau darum handelt es sich meiner Meinung nach \u2013 bewusst zu werden, sich den jeweiligen individuellen multifaktoriellen Problemlagen wirklich widmen und nach M\u00f6glichkeiten suchen, dem zu beobachtenden allumfassenden Biologisierungs- und Medizinisierungsprozess zur Verschleierung gesellschaftlicher und sozialer Not hierdurch entschieden entgegenzusteuern. Da dies offensichtlich ein gesellschaftspolitisches Problem ist, sind hier kurzfristig-griffige L\u00f6sungen aber kaum zu erwarten.<\/p>\n<p>Im anderen Falle wird wohl alles ohnehin so bleiben m\u00fcssen, wie es ist: Betroffenen Menschen sind krank \u2013 und die seit mehr als sechzig Jahre andauernde und stets vergebliche Suche nach den biologischen Ursachen sowie einem erfolgreichen Medikament zur Behandlung dieser konstruierten Krankheit ADHS, oder wie sie zuk\u00fcnftig im Wandel terminologischer K\u00fcrzel auch immer hei\u00dfen wird, kann und muss also weitergehen.<\/p><\/blockquote>\n<p>Das gleiche Muster: Es wird nicht geschaut, welche gesellschaftlichen Probleme und Fehlentwicklungen hier dazu f\u00fchren, dass Kinder\/Jugendliche nicht klarkommen, sondern es wird eine technokratische L\u00f6sung aus den Naturwissenschaften gesucht, die an Symptomen des Einzelnen herumdoktern.<\/p>\n<p>Und was f\u00fcr Kinder recht ist, ist f\u00fcr die wirtschaftlich schw\u00e4chsten Erwachsenen, die Hartz-IV-Empf\u00e4nger, nur billig. Auch hier wird gern und oft die Meinung verbreitet, dass diese ja nur selbst schuld an ihrer Situation w\u00e4ren (jeder erinnert sich bestimmt noch an die Aussage von Guido Westerwelle mit der sozialen H\u00e4ngematte, in der es sich die Leistungsempf\u00e4nger nur allzu gern bequem machen w\u00fcrden). Dass hier mittlerweile massiv gegen das deutsche Sozialrecht des SGB I und X versto\u00dfen wird, indem Betroffene schikaniert, nicht hinreichend aufgekl\u00e4rt und sanktioniert werden (bis hin zum kompletten Verlust jeglicher Transferleistungen), sei nur mal am Rande erw\u00e4hnt (ein interessanter Beitrag dazu findet sich <a href=\"http:\/\/www.blaetter.de\/archiv\/jahrgaenge\/2013\/november\/abbau-per-verwaltungsakt-vom-sozial-zum-bittstellerstaat\" target=\"_blank\">hier<\/a>\u00a0in den Bl\u00e4ttern f\u00fcr deutsche und internationale Politk, leider nicht frei verf\u00fcgbar, sondern nur gegen Bezahlung online lesbar). Es liegt also nach g\u00e4ngiger und immer wieder durch den medialen Mainstream transportierter Meinung nicht am Wirtschaftssystem, dass seinen Teilnehmern nicht genug M\u00f6glichkeiten bietet, ihren Lebensunterhalt zu bestreiten und schon gar nicht an gewollten Effekten wie einer Armee von Arbeitslosen, die nur durch ihre Existenz schon Druck auf die Besch\u00e4ftigten aus\u00fcben, die in jedem Fall nicht dazugeh\u00f6ren wollen und deswegen bereit sind, zu immer schlechteren Bedingungen f\u00fcr oft real weniger Geld zu arbeiten, sondern nur an jedem Individuum, dass seine Chancen nicht nutzt. Dass diese gerade in Deutschland was die Schichtenmobilit\u00e4t betrifft, schlechter sind als in allen anderen OECD-L\u00e4ndern, ist eine Tatsache, die den dahinterstehenden Zynismus noch auf die Spitze treibt.<\/p>\n<p>Genauso wird dann auch mit einer anderen gesellschaftlich eher schwachen Gruppe verfahren: den Migranten. Auch hier liegt es immer nur an den sogenannten Integrationsverweigerern, dass es Probleme gibt, also auch wieder an den Einzelnen. Dass die Gastarbeiter in den 60er- und 70er-Jahren beispielsweise nicht gerade in ein besonders integratives Klima kamen, als sie in f\u00fcr sie extra errichteten Werkssiedlungen einquartiert wurden &#8211; geschenkt! Dass hier massive Vers\u00e4umnisse vonseiten der Politik vorliegen, die einfach viel zu sp\u00e4t auf die Tatsachen reagiert hat, dass es immer Zuwanderer in Deutschland gibt und geben wird (die sogar zum Teil nicht von ihren Familien getrennt leben wollen) &#8211; auch geschenkt. Stopfen wir diese Menschen doch am besten in eigene (m\u00f6glichst schon etwas runtergekommene) Stadtteile, hauen immer wieder mit mieser Hetze via BILD und Co. auf sie drauf, indem wir problematische Einzelf\u00e4lle als allgemeing\u00fcltig darstellen, um so Antipathien und Ressentiments in der Bev\u00f6lkerung zu s\u00e4en &#8211; dann wird das bestimmt gut funktionieren mit der Integration. Und wer dabei nicht mitmacht und funktioniert, ist eben selbst schuld.<\/p>\n<p>Selbst bei Themen wie dem Verbraucherschutz ist in letzter Zeit immer wieder zu sehen, wie dieses Prinzip angewendet wird und mittlerweile verinnerlicht wurde. Die NGO <a href=\"http:\/\/www.foodwatch.org\/de\/\" target=\"_blank\">foodwatch<\/a>\u00a0beispielsweise weist immer wieder darauf hin (und startet auch entsprechende Aktionen und Petitionen dagegen), dass die Verbraucher von den Lebensmittelproduzenten get\u00e4uscht und belogen werden. Auch geht foodwatch darum, dass Produkte als besonders kindgerecht und auch noch gesund angepriesen werden, die das genaue Gegenteil da von sind, n\u00e4mlich fiese Zuckerbomben mit S\u00fc\u00dfigkeitencharakter. Auf der Facebook-Pr\u00e4senz von foodwatch ist nun immer wieder zu beobachten, wie sich bei diesen Themen viele Stimmen melden, die dann argumentieren, dass die Verbraucher ja selbst schuld seien: Die Eltern m\u00fcssten ihren Kindern ja nicht den ungesunden Kram kaufen, und alle anderen sollten nicht auf Werbung reinfallen und sich besser \u00fcber das informieren, was sie da kaufen. Dass also Konzerne in einem so sensiblen Bereich wie Lebensmittel bewusst tricksen und verheimlichen, um den Konsumenten hinters Licht zu f\u00fchren, wird als v\u00f6llig o. k. hingenommen, wer darauf reinf\u00e4llt, ist dann eben zu dumm.<\/p>\n<p>Die Konsequenzen dieses Denkens sind \u00fcberall sp\u00fcrbar und zudem eine Grundposition der neoliberalen Ideologie: Jeder ist sich selbst der N\u00e4chste. Auf diese Weise ist der Mensch nur nicht zu einer so erfolgreichen Spezies geworden, denn mit dieser reinen Raubtiermentalit\u00e4t h\u00e4tte es der eher schw\u00e4chlich konstituierte Mensch nicht wirklich geschafft, sich dauerhaft gegen besser gebaute andere Raubtiere durchzusetzen. Solidarit\u00e4t untereinander, das gegenseitige Einstehen f\u00fcreinander und Helfen untereinander sind Dinge, auf denen die menschliche Kultur fu\u00dft. Dies soll uns nun leider massiv ausgeredet werden, und leider machen fast alle dabei mit &#8230;<\/p>\n","protected":false},"excerpt":{"rendered":"<p>Der Mensch ist ein soziales Wesen, was sich schon aus seiner (und der seiner Vorfahren) urspr\u00fcnglichen Lebensweise im Rudel ergibt. Leider geht der momentane Zeitgeist massiv in die Richtung, dass sich jeder nur noch als einzelverantwortliches Wesen wahrnimmt und auch so agiert. Solidarit\u00e4t, Empathie, Gemeinschaftssinn? Fehlanzeige! Wenn etwas nicht so l\u00e4uft, wie es laufen soll, dann ist immer nur der Einzelne schuld und muss entsprechend etwas \u00e4ndern. Die Fehler werden somit grunds\u00e4tzlich nicht mehr aufgrund ihrer m\u00f6glichen systemimmanenten Ursachen untersucht.<\/p>\n","protected":false},"author":3,"featured_media":0,"comment_status":"open","ping_status":"closed","sticky":false,"template":"","format":"standard","meta":{"footnotes":""},"categories":[50,52,51],"tags":[72,486,132,112,81,133],"class_list":["post-1186","post","type-post","status-publish","format-standard","hentry","category-politisches","category-soziales","category-wirtschaftliches","tag-entsolidarisierung","tag-hartz-iv","tag-migranten","tag-rente","tag-ritalin","tag-verbraucherschutz"],"_links":{"self":[{"href":"https:\/\/www.unterstroemt.de\/index.php?rest_route=\/wp\/v2\/posts\/1186","targetHints":{"allow":["GET"]}}],"collection":[{"href":"https:\/\/www.unterstroemt.de\/index.php?rest_route=\/wp\/v2\/posts"}],"about":[{"href":"https:\/\/www.unterstroemt.de\/index.php?rest_route=\/wp\/v2\/types\/post"}],"author":[{"embeddable":true,"href":"https:\/\/www.unterstroemt.de\/index.php?rest_route=\/wp\/v2\/users\/3"}],"replies":[{"embeddable":true,"href":"https:\/\/www.unterstroemt.de\/index.php?rest_route=%2Fwp%2Fv2%2Fcomments&post=1186"}],"version-history":[{"count":2,"href":"https:\/\/www.unterstroemt.de\/index.php?rest_route=\/wp\/v2\/posts\/1186\/revisions"}],"predecessor-version":[{"id":1188,"href":"https:\/\/www.unterstroemt.de\/index.php?rest_route=\/wp\/v2\/posts\/1186\/revisions\/1188"}],"wp:attachment":[{"href":"https:\/\/www.unterstroemt.de\/index.php?rest_route=%2Fwp%2Fv2%2Fmedia&parent=1186"}],"wp:term":[{"taxonomy":"category","embeddable":true,"href":"https:\/\/www.unterstroemt.de\/index.php?rest_route=%2Fwp%2Fv2%2Fcategories&post=1186"},{"taxonomy":"post_tag","embeddable":true,"href":"https:\/\/www.unterstroemt.de\/index.php?rest_route=%2Fwp%2Fv2%2Ftags&post=1186"}],"curies":[{"name":"wp","href":"https:\/\/api.w.org\/{rel}","templated":true}]}}