{"id":12084,"date":"2018-10-07T14:15:23","date_gmt":"2018-10-07T12:15:23","guid":{"rendered":"https:\/\/www.unterstroemt.de\/?p=12084"},"modified":"2018-10-11T13:57:56","modified_gmt":"2018-10-11T11:57:56","slug":"interessantes-aus-kw-40-2018","status":"publish","type":"post","link":"https:\/\/www.unterstroemt.de\/?p=12084","title":{"rendered":"Interessantes aus KW 40\/2018"},"content":{"rendered":"<p>An dieser Stelle pr\u00e4sentieren wir regelm\u00e4\u00dfig Links, die wir unter der Woche entdeckt haben, zu denen wir selbst nicht mehr viel schreiben m\u00fcssen und die wir teilenswert finden. Viel Spa\u00df beim Lesen und Anschauen!<\/p>\n<p>1. Immer, wenn man denkt, noch mehr k\u00f6nnte es die SPD nicht vergeigen, kommt deren Vorsitzende Andrea Nahles daher und setzt noch einen oben drauf. So hat sie unl\u00e4ngst, wie ein <a href=\"http:\/\/www.taz.de\/!5536497\/\" target=\"_blank\" rel=\"noopener\">Artikel in der <em>taz<\/em><\/a> berichtet, in einer Rede beim Bundesverband der Deutschen Industrie doch tats\u00e4chlich radikale Klimasch\u00fctzer und Leugner des menschgemachten Klimawandels auf eine Stufe gestellt. Man fragt sich, ob das nur Dilettantismus oder schon b\u00f6se Absicht ist: Die von ihr gebauchpinselten Industriebosse werden eh nicht die SPD w\u00e4hlen, die Klimasch\u00fctzer (eigentlich eher eine Klientel der SPD) nun ganz bestimmt auch nicht. So verscherzt man es sich noch ein bisschen mehr mit potenziellen W\u00e4hlern. [Karl]<\/p>\n<p>2. Der Energiekonzern RWE steht zurzeit ja m\u00e4chtig in der Kritik wegen seines Vorgehens bei der Abholzung des Hambacher Forsts. Um nun das eigene Image etwas aufzupolieren, wird nicht etwa die Firmenstrategie \u00fcberdacht, sondern es werden von RWE-Mitarbeitern Wikipedia-Eintr\u00e4ge zum Unternehmen manipuliert, und dass auch noch, ohne diese \u00c4nderungen als bezahltes Schreiben zu kennzeichnen, was laut Wikipedia-Regeln verpflichtend ist, wie ein <a href=\"https:\/\/t3n.de\/news\/hambacher-forst-und-innogy-wie-rwe-inhalte-auf-wikipedia-veraenderte-1114996\/\" target=\"_blank\" rel=\"noopener\">Artikel auf <em>t3n<\/em><\/a> berichtet. RWE streitet nat\u00fcrlich alles ab und bedient sich dabei \u00e4hnlich d\u00fcmmlicher Aussagen wie die AfD, wenn diese mal wieder irgendwelche ma\u00dflosen Aussagen ihres Personals relativieren muss. Was f\u00fcr ein sch\u00e4biger Dreckskonzern! [Karl]<\/p>\n<p>3. In einem <a href=\"https:\/\/www.neulandrebellen.de\/2018\/10\/nationalismus-versus-internationalismus-wie-bloed-ist-das-denn\/\" target=\"_blank\" rel=\"noopener\">Artikel auf <em>neulandrebellen<\/em><\/a> befasst sich Tom Wellbrock mit der Frage, warum derzeit im \u00f6ffentlichen Diskurs immer wieder Nationalismus und Internationalismus als Gegenpole bei der Betrachtung von politischen Sachfragen ins Spiel gebracht werden, gerade auch vonseiten links denkender Menschen. Und es ist in der Tat etwas befremdlich, wie darauf fokussiert wird, denn schlie\u00dflich gibt es ja auch Dinge, die innerhalb von Nationalstaaten behandelt werden m\u00fcssen, und andere Dinge, die internationale und globale Sachen betreffen. Eigentlich doch ganz logisch, oder? [Karl]<\/p>\n<p>4. Hut ab! Die Journalistin Laura Meschede hat den Helmut-Schmidt-Journalistenpreis gewonnen &#8211; und dessen Annahme dann abgelehnt, wie ein <a href=\"https:\/\/meedia.de\/2018\/09\/28\/das-hier-ist-eine-pr-veranstaltung-journalistin-laura-meschede-lehnt-helmut-schmidt-journalistenpreis-ab\/?utm_campaign=NEWSLETTER_SONDER&amp;utm_source=newsletter&amp;utm_medium=email\" target=\"_blank\" rel=\"noopener\">Artikel auf <em>MEEDIA<\/em><\/a> berichtet. Und ihr Statement, warum sie diesen Preis nicht haben will, hat es in sich: Sie st\u00f6rt sich daran, dass der Preis von einer Bank (der ING Diba) verliehen und somit PR f\u00fcr dieses Institut ist. Dabei sparte sie auch nicht mit deutlicher Kapitalismuskritik und sprach sich eindeutig gegen die zurzeit so beliebte Politik des &#8222;Weiter so&#8220; aus. Meschedes gesamte Rede kann man auf ihrer <a href=\"https:\/\/www.facebook.com\/laura.meschede.376\/posts\/2174133979501203\" target=\"_blank\" rel=\"noopener\"><em>Facebook<\/em>-Seite<\/a> komplett nachlesen. Es w\u00e4re sch\u00f6n, wenn sich zuk\u00fcnftig mehr Journalisten durch so eine starke Haltung auszeichnen w\u00fcrden. [Karl]<\/p>\n<p>5. In Deutschland sollen zwar auf absehbare Zeit die Atomkraftwerke stillgelegt werden, aber staatliche Pensionsfonds investieren nach wie vor eine Menge Geld (Tendenz steigend) in Aktien von ausl\u00e4ndischen Atomkonzernen, wie ein <a href=\"https:\/\/www.tagesspiegel.de\/politik\/staatliche-fonds-verstoss-gegen-den-koalitionsvertrag-bund-kauft-atom-aktien\/23132694.html\" target=\"_blank\" rel=\"noopener\">Artikel im <em>Tagesspiegel<\/em><\/a> berichtet. Klingt absurd? Ist es auch. Und verst\u00f6\u00dft vor allem auch gegen Vereinbarungen, die im Koalitionsvertrag getroffen wurden. Aber das scheint in der Bundesregierung niemanden so richtig zu st\u00f6ren &#8230; [Karl]<\/p>\n<p>6. In einem <a href=\"https:\/\/faktenfinder.tagesschau.de\/inland\/messer-delikte-101.html\" target=\"_blank\" rel=\"noopener\">Artikel vom <em>ARD-faktenfinder<\/em> der <em>tagesschau<\/em><\/a> wird unter die Lupe genommen, was es denn mit der sogenannten Messereinwanderung auf sich hat, die von der AfD je immer wieder propagiert und zum Zwecke der Stimmungsmache verwendet wird. Das Ergebnis \u00fcberrascht wenig: Die AfD verzerrt ganz bewusst die Realit\u00e4t, um \u00c4ngste zu sch\u00fcren, und schmei\u00dft in einer Tabelle einfach alles M\u00f6glich zusammen: Messerangriffe von Deutschen, Straftaten, bei denen zwar mit einem Messer gedroht, dieses aber nicht angewendet wurde, usw. In Summe sind 87 % der dortigen aufgelisteten Angaben somit falsch. Zudem erf\u00e4hrt man in dem Artikel auch noch einiges Interessantes zur Erstellung von Kriminalit\u00e4tsstatistiken. [Karl]<\/p>\n<p>7. Und noch was zur AfD: Die Rechtspartei versucht ja immer wieder, sich das verharmlosende M\u00e4ntelchen einer lediglich nationalkonservativen Gruppierung \u00fcberzustreifen, aber wenn man mal ein bisschen genauer hinschaut, entdeckt man doch immer wieder Rechtsextremisten in deren Reihen. So auch in der Oberpfalz, wie ein <a href=\"https:\/\/www.br.de\/nachrichten\/bayern\/die-verbindungen-oberpfaelzer-afd-kandidaten-nach-rechtsaussen,R5D2QE7\" target=\"_blank\" rel=\"noopener\">Artikel auf <em>BR24<\/em><\/a> berichtet: Dort haben n\u00e4mlich die beiden Spitzenkandidaten auf der Landeswahlliste nur sehr wenige Ber\u00fchrungs\u00e4ngste mit Rechtsradikalen und Neonazis. Es ist also nicht nur ein Bj\u00f6rn H\u00f6cke, der in der AfD immer wieder nationalsozialistische Parolen raushaut, sondern die gesamte Partei ist von solchen Typen durchsetzt. [Karl]<\/p>\n<p>8. AfD, zum Dritten: Ein <a href=\"https:\/\/www.jetzt.de\/politik\/poetry-slam-in-speyer-14-jaehrige-traegt-rassistisches-gedicht-vor\" target=\"_blank\" rel=\"noopener\">Artikel auf <em>jetzt<\/em><\/a> berichtet von einem eigentlich als antirassistischen gestarteten Poetry Slam in Speyer, der unter dem Motto Zivilcourage stattfand. Diese Veranstaltung wurde dann von der 14-j\u00e4hrigen Tochter der rechtsextremen AfD-Bundestagsabgeordneten Nicole H\u00f6chst quasi gekapert, indem sie dort rassistische und fremdenfeindliche Texte vortrug. Die Veranstalter standen dem leider recht hilflos gegen\u00fcber, da dieser Vortrag auch noch mit Beifall bedacht wurde. Wie eklig ist das bitte, wie die AfD-Freaks nun schon ihren eigenen Nachwuchs indoktrinieren und auf ihre eigene menschenverachtende Linie bringen? [Karl]<\/p>\n<p>9. W\u00e4hrend vom Verfassungsschutz, der CDU und der AfD die Hetzjagden von Chemnitz immer wieder heruntergespielt wurden, hat nun die Polizei dort sechs M\u00e4nner aufgrund des Verdachts der Bildung einer rechtsterroristischen Vereinigung festgenommen, wie eine <a href=\"http:\/\/www.spiegel.de\/politik\/deutschland\/chemnitz-generalbundesanwalt-nimmt-sechs-mutmassliche-rechtsterroristen-fest-a-1230949.html\" target=\"_blank\" rel=\"noopener\">Meldung auf <em>Spiegel Online<\/em><\/a> besagt. Und es gilt als wahrscheinlich, dass diese Typen bei den Ausschreitungen Anfang September auch mitgemischt haben. Waren also wohl doch nicht nur trauernde Besorgtb\u00fcrger, sondern handfeste Rechtsextremisten dort am Start &#8230; [Karl]<\/p>\n<p>10. In letzter Zeit wird ja immer wieder mal darauf hingewiesen, dass wir auf \u00e4hnliche Zust\u00e4nde wie zum Ende der Weimarer Republik um 1930 rum zusteuern w\u00fcrden. Ob das tats\u00e4chlich so ist, hat Henning Hirsch mal in einem pointierten <a href=\"https:\/\/diekolumnisten.de\/2018\/09\/30\/wiederholt-sich-1930\/?utm_source=feedburner&amp;utm_medium=email&amp;utm_campaign=Feed%3A+DieKolumnisten+%28Die+Kolumnisten.+Pers\u00f6nlich.+Parteiisch.+Provokant.%29\" target=\"_blank\" rel=\"noopener\">Artikel f\u00fcr <em>Die Kolumnisten<\/em><\/a> unter die Lupe genommen, wozu er sich auch Sebastian Haffners &#8222;Anmerkungen zu Hitler&#8220; bedient hat. Das Ergebnis: Es gibt zwar teilweise Parallelen, aber eben auch gro\u00dfe Unterschiede. Ein Grund zur Beruhigung ist das allerdings (sowohl f\u00fcr den Autor als auch f\u00fcr den demokratisch \u00fcberzeugten Leser) leider auch nicht &#8230; [Karl]<\/p>\n<p>11. Was bildungspolitisch Interessierten und Menschen, die sich gern mal mit Gerald H\u00fcther besch\u00e4ftigen, schon l\u00e4nger klar ist, wird nun durch eine Studie, \u00fcber die ein <a href=\"https:\/\/kontrast.at\/maximaler-erfolg-fuer-alle-schuelerinnen-feedback-statt-schulnoten\/?utm_source=mailpoet&amp;utm_medium=email&amp;utm_campaign=newsalert\" target=\"_blank\" rel=\"noopener\">Artikel auf <em>Kontrast.at<\/em><\/a> berichtet, best\u00e4tigt: Schulnoten sind kontraproduktiv f\u00fcrs Lernen, ein gezieltes und individuelles Feedback hingegen steigert den Lernerfolg betr\u00e4chtlich. Es w\u00e4re sch\u00f6n, wenn sich derartige wissenschaftliche Erkenntnisse auch mal im bildungspolitischen Diskurs wiederfinden w\u00fcrden, der leider ja immer mehr ideologischen Grabenk\u00e4mpfen gleicht und zunehmend von rechtskonservativen und rein wirtschaftlichen Gesichtspunkten gepr\u00e4gt ist. [Karl]<\/p>\n<p>12. Und noch ein wissenschaftlicher Beleg f\u00fcr etwas, das politisch vielseitig Informierte schon l\u00e4nger so mutma\u00dften: In einem <a href=\"https:\/\/www.boeckler.de\/wsi_blog_116016.htm\" target=\"_blank\" rel=\"noopener\">Artikel der Hans-B\u00f6ckler-Stiftung<\/a> belegt Thomas Lux anhand von aktuellen Studienergebnissen, dass die W\u00e4hlerschaft der AfD in gr\u00f6\u00dferem Ma\u00dfe als bei allen anderen Parteien aus der sogenannten Unterschicht stammt. Daraus folgt dann auch, dass man diejenigen, die die AfD aus Protest gew\u00e4hlt haben, durchaus mit einer verbesserten Sozialpolitik ansprechen k\u00f6nnte. Leider wird ja von fast allen Parteien das genaue Gegenteil davon praktiziert &#8230; [Karl]<\/p>\n<p>13. Erschreckendes geht aus einem <a href=\"https:\/\/www.t-online.de\/gesundheit\/krankheiten-symptome\/krebs\/id_83337414\/enthuellungsjournalist-ueber-krebsbehandlungen-in-deutschland-es-ist-das-perfekte-verbrechen-.html\" target=\"_blank\" rel=\"noopener\">Interview mit Oliver Schr\u00f6m<\/a> auf <em>t-online.de<\/em> hervor: Nach ausf\u00fchrlichen und mehrj\u00e4hrigen Recherchen im Bereich der Krebsmedikation musste der Enth\u00fcllungsjournalist feststellen, dass Krebspatienten oft bereits abgelaufene und daher u. U. entweder unwirksame oder sogar keimbelastete Medikamente bekamen, was beides zum Tod f\u00fchren, aber nur schlecht nachgewiesen werden kann. Ursache daf\u00fcr: Ein Gerangel von Herstellern, Apotheken und Krankenkassen um die Rentabilit\u00e4t der Therapie bzw. die damit verbundenen Kosten &#8211; und das zulasten der diesen Machenschaften weitgehend ohnm\u00e4chtig ausgelieferten Patienten. Woran man mal wieder sieht: Betriebswirtschaftliches Denken sollte das Gesundheitswesen nicht dominieren! [Karl]<\/p>\n<p>14. Bei <em>Frontal21<\/em> (<em>ZDF<\/em>) widmet man sich in einem <a href=\"https:\/\/www.zdf.de\/politik\/frontal-21\/diesel-und-fahrverbote-100.html\" target=\"_blank\" rel=\"noopener\">sechsmin\u00fctigen Bericht<\/a> der\u00a0\u201eL\u00f6sung\u201c des Dieselskandals durch die Regierung. Wie viele Fahrzeuge sind betroffen ? Und welche Euronormen sind nun eigentlich noch zukunftstr\u00e4chtig? Die L\u00f6sung soll in erster Linie wieder eine Finanzierung der Automobilindustrie durch den Steuerzahler werden, indem Pr\u00e4mien ausgesch\u00fcttet werden. Einige Hersteller schlie\u00dfen Umr\u00fcstungen von vornherein aus, wie z. B. BMW. [Dirk]<\/p>\n<p>15. Den passenden Kommentar zum im vorherigen Hinweis erw\u00e4hnten Dieselskandal bringt Christoph S\u00fc\u00df in <em>quer<\/em> (<em>BR<\/em>) in einem <a href=\"https:\/\/www.br.de\/mediathek\/video\/die-regierung-und-die-autoindustrie-endlich-eine-loesung-im-diesel-streit-av:5bb6734fa58526001806a6ba\" target=\"_blank\" rel=\"noopener\">eineinhalbmin\u00fctigen Beitrag<\/a>. Wer regiert denn nun Deutschland, wenn die Regierung die Industrie bittet und die Automobilhersteller letzten Endes sich selbst ihre Pflichten schreiben? [Dirk]<\/p>\n<p>16. In Sachen Astronomie gibt es auch in unserem Sonnensystem immer wieder \u00dcberraschungen. Andreas M\u00fcller berichtet auf <em>grenzwissenschaft-aktuell<\/em> von der <a href=\"https:\/\/www.grenzwissenschaft-aktuell.de\/hinweis-auf-planet-nine-kleinplanet-im-aeusseren-sonnensystem-entdeckt20181003\/\" target=\"_blank\" rel=\"noopener\">Entdeckung eines Kleinplaneten<\/a> (wenn nicht gar Zwergplaneten) in unserem Sonnensystem. Seine Umlaufbahn um die Sonne betr\u00e4gt 40.000 Jahre, und er wurde nur deshalb entdeckt, weil er sich gerade an seinem sonnenn\u00e4chsten Punkt innerhalb ebendieser Umlaufbahn befindet. Schon l\u00e4nger vermuten Astronomen innerhalb unseres Sonnensystems noch einen neunten Planeten mit der zehnfachen Masse der Erde. Spannend! [Dirk]<\/p>\n<p>17, Die Vorg\u00e4nge im Hambacher Forst besch\u00e4ftigen die deutsche \u00d6ffentlichkeit stark in den letzten Wochen. Olaf Georg Klein weist nun in einem <a href=\"http:\/\/www.taz.de\/Debatte-Hambacher-Forst\/!5536729\/\" target=\"_blank\" rel=\"noopener\">Kommentar in der <em>taz<\/em><\/a> auf einen Aspekt hierbei hin, der zeigt, wie umfassend solche Geschehnisse auf eine Gesellschaft wirken: Durch die Instrumentalisierung von Politik und Polizei durch den Konzern RWE zur Durchsetzung von dessen Interessen wird eine Demokratieverdrossenheit gesch\u00fcrt, und das besonders in den \u00f6stlichen Bundesl\u00e4nder, wo Menschen leben, die noch reale diktatorische Erfahrungen gemacht haben. Mal wieder Futter f\u00fcr die AfD, die solchen Unmut ja leider zu nutzen wei\u00df. [Karl]<\/p>\n<p>18. Roberto J. De Lapuente befasst sich in einem <a href=\"https:\/\/www.neulandrebellen.de\/2018\/10\/die-shishaisierung-der-stadtteile\/\" target=\"_blank\" rel=\"noopener\">Artikel auf <em>neulandrebellen<\/em><\/a> mit der Shishaisierung von Stadtteilen, die in Gro\u00dfst\u00e4dten immer mehr zu beobachten ist. Unter diesen Shisha-Bars bzw. der durch ihren Rund-um-die-Uhr-Betrieb verursachten L\u00e4rmbel\u00e4stigung leiden Anwohner immer mehr. Doch ist das eben eine Konsequenz der mittlerweile \u00fcberwiegend nur noch egoistisch ausgelegten Liberalisierung: Jede Grenze wird als Einschr\u00e4nkung der pers\u00f6nlichen Freiheit empfunden, auch wenn damit die Freiheiten anderer massiv gest\u00f6rt werden. R\u00fccksichtslosigkeit breitet sich aus &#8211; und kaputt gesparte \u00f6ffentliche Stellen k\u00f6nnen dem Ganzen auch nicht mehr Herr werden. Treffende Analyse! [Karl]<\/p>\n<p>19. Prof. Rainer Mausfeld haben wir ja schon oft auf <em>unterstr\u00f6mt<\/em> erw\u00e4hnt (u. a. <a href=\"https:\/\/www.unterstroemt.de\/?p=3592\" target=\"_blank\" rel=\"noopener\">hier<\/a>). Auch in <a href=\"https:\/\/www.heise.de\/tp\/features\/Wir-leben-in-einer-Zeit-der-Gegenaufklaerung-4178715.html\" target=\"_blank\" rel=\"noopener\">diesem Interview<\/a> mit <em>Telepolis<\/em>-Autor Paul Schreyer weist er wieder darauf hin, dass auch hochgebildete Menschen vor den Manipulations- und Kontrolltechniken der M\u00e4chtigen nicht sicher sind. Er weist darauf hin, wie wichtig es ist, die eigenen blinden Flecken aufzudecken, um die Beeinflussungen \u00fcberhaupt durchschauen zu k\u00f6nnen. Die Besch\u00e4ftigung mit der allt\u00e4gliche Informationsflut aus Politik und Wirtschaft l\u00e4sst uns glauben, wir w\u00e4ren informiert, aber die Betrachtung von der Metaebene aus, die Mausfeld uns nahebringen will, zeigt, dass wir in Wirklichkeit einer Hypnose erliegen. Auch wenn man das eine oder andere von Prof. Mausfeld schon kennt, unbedingt zu empfehlen &#8211; Wiederholung ist gerade bei diesem Thema unbedingt n\u00f6tig, weil wir alle dazu neigen, unbequeme Dinge zu verdr\u00e4ngen! [Gerald]<\/p>\n","protected":false},"excerpt":{"rendered":"<p>An dieser Stelle pr\u00e4sentieren wir regelm\u00e4\u00dfig Links, die wir unter der Woche entdeckt haben, zu denen wir selbst nicht mehr viel schreiben m\u00fcssen und die wir teilenswert finden. Viel Spa\u00df beim Lesen und Anschauen!<\/p>\n","protected":false},"author":5,"featured_media":0,"comment_status":"open","ping_status":"open","sticky":false,"template":"","format":"standard","meta":{"footnotes":""},"categories":[193],"tags":[],"class_list":["post-12084","post","type-post","status-publish","format-standard","hentry","category-woechentliches"],"_links":{"self":[{"href":"https:\/\/www.unterstroemt.de\/index.php?rest_route=\/wp\/v2\/posts\/12084","targetHints":{"allow":["GET"]}}],"collection":[{"href":"https:\/\/www.unterstroemt.de\/index.php?rest_route=\/wp\/v2\/posts"}],"about":[{"href":"https:\/\/www.unterstroemt.de\/index.php?rest_route=\/wp\/v2\/types\/post"}],"author":[{"embeddable":true,"href":"https:\/\/www.unterstroemt.de\/index.php?rest_route=\/wp\/v2\/users\/5"}],"replies":[{"embeddable":true,"href":"https:\/\/www.unterstroemt.de\/index.php?rest_route=%2Fwp%2Fv2%2Fcomments&post=12084"}],"version-history":[{"count":24,"href":"https:\/\/www.unterstroemt.de\/index.php?rest_route=\/wp\/v2\/posts\/12084\/revisions"}],"predecessor-version":[{"id":12229,"href":"https:\/\/www.unterstroemt.de\/index.php?rest_route=\/wp\/v2\/posts\/12084\/revisions\/12229"}],"wp:attachment":[{"href":"https:\/\/www.unterstroemt.de\/index.php?rest_route=%2Fwp%2Fv2%2Fmedia&parent=12084"}],"wp:term":[{"taxonomy":"category","embeddable":true,"href":"https:\/\/www.unterstroemt.de\/index.php?rest_route=%2Fwp%2Fv2%2Fcategories&post=12084"},{"taxonomy":"post_tag","embeddable":true,"href":"https:\/\/www.unterstroemt.de\/index.php?rest_route=%2Fwp%2Fv2%2Ftags&post=12084"}],"curies":[{"name":"wp","href":"https:\/\/api.w.org\/{rel}","templated":true}]}}