{"id":12366,"date":"2018-10-28T16:07:27","date_gmt":"2018-10-28T15:07:27","guid":{"rendered":"https:\/\/www.unterstroemt.de\/?p=12366"},"modified":"2018-10-28T16:07:27","modified_gmt":"2018-10-28T15:07:27","slug":"interessantes-aus-kw-43-2018","status":"publish","type":"post","link":"https:\/\/www.unterstroemt.de\/?p=12366","title":{"rendered":"Interessantes aus KW 43\/2018"},"content":{"rendered":"<p>An dieser Stelle pr\u00e4sentieren wir regelm\u00e4\u00dfig Links, die wir unter der Woche entdeckt haben, zu denen wir selbst nicht mehr viel schreiben m\u00fcssen und die wir teilenswert finden. Viel Spa\u00df beim Lesen und Anschauen!<\/p>\n<p>1. Dass die Gefl\u00fcchteten den deutschen Steuerzahler sehr viel Geld kosten w\u00fcrden, ist ein beliebtes &#8222;Argument&#8220; in rechten und auch sogenannten b\u00fcrgerlichen Kreisen. Diese Aussage basiert allerdings auf einigen Denkfehlern, die ein <a href=\"https:\/\/www.heise.de\/tp\/features\/Die-Fluechtlinge-sind-zu-teuer-4197816.html?fbclid=IwAR2ZRAGCvi67Cpm2mgQVAgtu3ZAd9jDoJFO8bg-0NvUV5ZfQdtX1LVeA_P8\" target=\"_blank\" rel=\"noopener\">Artikel auf <em>Telepolis<\/em><\/a> offenlegt. Zudem wird das Geld, was f\u00fcr die Transferleistungen f\u00fcr Gefl\u00fcchtete ausgegeben wird, dort auch noch in Relation gesetzt zu Geldern, die durch Steuerhinterziehung und -vermeidung jedes Jahr den \u00f6ffentlichen Kassen vorenthalten werden. Da wei\u00df man dann auch gleich, warum ausgerechnet diejenigen, die von solchen Steuerbetr\u00fcgereien profitieren, so gern die Gefl\u00fcchteten als S\u00fcndenb\u00f6cke pr\u00e4sentieren. [Karl]<\/p>\n<p>2. F\u00fcr <em>der Freitag<\/em> f\u00fchrte Jakob Augstein ein lesenswertes <a href=\"https:\/\/www.freitag.de\/autoren\/jaugstein\/es-geht-nicht-um-die-nation?fbclid=IwAR3hMiu-OOKi7bOE5tJRo8hkVQ88T-p-YIHAhw2k_0V8OkEQySFpArhhM4I\" target=\"_blank\" rel=\"noopener\">Interview mit Sahra Wagenknecht<\/a>, in dem es nat\u00fcrlich um ihre neue Bewegung &#8222;Aufstehen&#8220;, aber auch um die &#8222;Unteilbar&#8220;-Demo und die AfD-W\u00e4hler geht. Wagenknecht bezieht darin erfreulicherweise deutlich Stellung gegen Rassismus und Nationalismus (was ihr ja beides immer wieder vorgeworfen wird) und erl\u00e4utert nachvollziehbar, warum Sozialpolitik zurzeit nur von einzelnen Staaten gestaltet werden kann: Es gibt schlichtweg keine \u00fcberstaatlichen Organisationen, die daf\u00fcr zust\u00e4ndig w\u00e4ren. [Karl]<\/p>\n<p>3. Zweimal was Interessantes von <em>Der Volksverpetzer<\/em>, beides zum gleichen Thema: der medialen und \u00f6ffentlichen Aufmerksamkeit in Bezug auf skandalisierte Meldungen \u00fcber Gefl\u00fcchtete und den Cum-Ex-Skandal, dessen immer gr\u00f6\u00dferer Schaden gerade aktuell wieder durch die Presse ging. Wie ein <a href=\"https:\/\/www.volksverpetzer.de\/schwer-verpetzt\/cumex\/?fbclid=IwAR0X2N7uqpQbrlwr4Maakmf6qRAKOlCIeZNrdaQ5kkfQGWP46i9bb1llZjc\" target=\"_blank\" rel=\"noopener\">Artikel von Thomas Laschyk<\/a> n\u00e4mlich feststellt, wird Letzteres nur mal kurz zu wenig nachhaltiger Aufregung genutzt, die allerdings wohl deutlich gr\u00f6\u00dfer w\u00e4re, wenn Gefl\u00fcchtete einen derartigen Milliardenschaden angerichtet h\u00e4tten. Und <a href=\"https:\/\/www.volksverpetzer.de\/kommentar\/koeln\/\" target=\"_blank\" rel=\"noopener\">Nasir Ahmad beschreibt in einem Artikel<\/a> anhand von einigen Beispielen, wie sehr die Medienlandschaft dazu beitr\u00e4gt, dass auf deutsche Straft\u00e4ter wesentlich weniger fokussiert wird als auf nicht deutsche. So bekommen AfD und Co. immer mehr Futter geliefert f\u00fcr ihre Angstmacherei. [Karl]<\/p>\n<p>4. Rayk Anders hat sich in einem <a href=\"https:\/\/www.youtube.com\/watch?v=SoeTTS2yRP0\" target=\"_blank\" rel=\"noopener\">Beitrag seines Videoblogs <em>Headlinez<\/em><\/a> mit den Portalen besch\u00e4ftigt, welche die AfD in einigen Bundesl\u00e4ndern online gestellt hat und in denen Sch\u00fcler ihre Lehrer melden sollen, wenn diese nicht im Sinne der AfD unterrichten. Was darunter zu verstehen ist, ist wenig \u00fcberraschend und nat\u00fcrlich mal wieder einseitig fremdenfeindlich und rassistisch &#8211; und offenbart, dass die AfD von einer Meinungspluralit\u00e4t gar nichts h\u00e4lt (wie bei Faschisten halt \u00fcblich). Zudem stellt Rayk jedoch fest, dass die Funktionalit\u00e4t dieser Onlinepranger praktisch so gut wie nicht gegeben ist, da die AfD derartige Beschwerden eh nur auf dem \u00fcblichen Amtswege weiterleiten kann. Es geht also mal wieder vor allem um plumpes und provokantes Marketing der Rechtspartei. [Karl]<\/p>\n<p>5. Noch immer dominiert das Bild (gerade auch durch <em>BILD<\/em>) von Hartz-IV-Empf\u00e4nger(innen), die den ganzen Tag faulenzen und <em>RTL2<\/em> schauen die \u00f6ffentliche Sichtweise. Die bekommen die Miete gezahlt und machen sich dann ein sch\u00f6nes Leben. Dass es aber praktisch immer schwieriger wird, \u00fcberhaupt Wohnraum zu finden, der noch vom Jobcenter komplett finanziert wird, steht auf einem anderen Blatt. Ein <a href=\"https:\/\/www.ndr.de\/fernsehen\/sendungen\/panorama3\/Jobcenter-uebernehmen-oft-zu-wenig-Wohnkosten,hartzvier228.html\" target=\"_blank\" rel=\"noopener\">achteinhalbmin\u00fctiger Bericht<\/a> auf <em>panorama3<\/em> (<em>NDR<\/em>) zeigt, wie h\u00e4ufig die\u00a0\u201eangemessenen Mieten\u201c eben nicht mehr ausreichend sind. Was ist an \u201eGrundsicherung\u201c so schwer zu verstehen? [Dirk]<\/p>\n<p>6. In einem anderen Beitrag auf <em>panorama3<\/em> (<em>NDR<\/em>) geht es um die \u00f6ffentlichen Verkehrsmittel und wie diese in St\u00e4dten attraktiver gemacht werden k\u00f6nnen. Neben dem <a href=\"https:\/\/www.ndr.de\/nachrichten\/Wie-der-Norden-Nahverkehr-vernachlaessigt,nahverkehr226.html\" target=\"_blank\" rel=\"noopener\">zehnmin\u00fctigen Bericht<\/a> finden sich noch zahlreiche Informationen auf der Beitragsseite. In Z\u00fcrich wurde zur Reduzierung des Verkehrs bereits vor Jahrzehnten ein radikaler Ansatz befeuert: Es wurden Parkpl\u00e4tze gestrichen, Ampelphasen verl\u00e4ngert und die Nutzung des Automobils schlichtweg unattraktiver gestaltet (nat\u00fcrlich nicht ohne die \u00f6ffentlichen Verkehrsnetze gleichsam attraktiver zu machen). Dann mal zu! [Dirk]<\/p>\n<p>7. Kritik am sogenannten UN-Migrationspakt kommt zurzeit leider vor allem von der AfD, dabei w\u00e4re es auch von Links sinnvoll, sich dagegen zu positionieren. Norbert H\u00e4ring erl\u00e4utert in einem <a href=\"http:\/\/norberthaering.de\/de\/27-german\/news\/1049-migrationsabkommen-sargnagel?fbclid=IwAR2hcUINvYyNM7fQV5Oqdv5S9Lx-gNYZwzcQLey7HF1rGvbgFsi9edL3nZ4\" target=\"_blank\" rel=\"noopener\">Artikel seines Blogs<\/a>, wieso dieser Pakt eben nicht das halten wird, was offiziell verlautbart wird, sondern vielmehr weiter dazu f\u00fchren wird, die Wirtschaft der L\u00e4nder der n\u00f6rdlichen Hemisph\u00e4re auf Kosten des globalen S\u00fcdens anzukurbeln. Wobei es auch im Norden etliche Verlierer dieser Entwicklung geben wird, da diese eben nur auf Konzerninteressen ausgerichtet ist. Na ja, wenn schon die Bundesregierung ma\u00dfgeblich an der Gestaltung so eines Pakts mitwirkt, dann kann da ja auch nichts Vern\u00fcnftige bei rauskommen &#8230; [Karl]<\/p>\n<p>8. Die AfD profiliert sich ja vor allem durch Angstmacherei. Dabei besteht eher Anlass, vor AfDlern Angst zu haben, wie zwei Meldungen belegen: Ein <a href=\"https:\/\/www.regensburg-digital.de\/warnschuss-schoss-ein-afd-bundestagskandidat-auf-gegendemonstranten\/24102018\/?fbclid=IwAR17msjLjNF9xbR7Luy_Qo-H3rr5eedEAX_7AvurteotdSwHCeJOMmcS2Sk\" target=\"_blank\" rel=\"noopener\">Artikel auf <em>regensburg-digital<\/em><\/a> berichtet von einem Vorfall nach einer AfD-Veranstaltung, bei der AfD-Mitglied Tim K. mit einer Schreckschusspistole auf Gegendemonstranten geschossen hat, und laut einer <a href=\"http:\/\/www.fr.de\/rhein-main\/kriminalitaet\/frankfurt-seckbach-afd-wahlkaempfer-bedroht-mann-mit-waffe-a-1606712\" target=\"_blank\" rel=\"noopener\">Meldung der <em>Frankfurter Rundschau<\/em><\/a> hat ein AfD-Wahlhelfer in Frankfurt nach einem Streit mit einem Passanten eine scharfe Pistole gezogen. Und mit dem Messer k\u00f6nnen die es auch, wie aus einem <a href=\"https:\/\/www.mopo.de\/hamburg\/politik\/infostand-tumult-der-messermann-der-afd-31483212?fbclid=IwAR3UlvqgZ4Tz2ODU17Bp4vo05aoerD3pmHdTBPgLkeg2SUkfYWud5tzYbbE\" target=\"_blank\" rel=\"noopener\">Artikel in der Hamburger <em>MoPo<\/em><\/a> hervorgeht: Bereits im September ist da ein AfD-Mitglied an einem Wahlkampfstand mit dem Messer auf eine Mann losgegangen. [Karl]<\/p>\n<p>9. \u00dcber den Cum-Ex-Skandal kann man gar nicht oft genug berichten, zumal ja viele der Mainstream-Medien das Thema weitgehend totschweigen. Damit befasst sich auch ein <a href=\"https:\/\/www.vice.com\/de\/article\/3kmm4j\/cum-ex-steuergelder-warum-es-ok-ist-dass-wir-das-leben-von-superreichen-finanzieren?fbclid=IwAR2eR1HsLm8_fKW_lsHX2uKOZeSzq0M1k3vwIde_boLl0h6V6BBqdfI7uh8\" target=\"_blank\" rel=\"noopener\">Artikel auf <em>VICE<\/em><\/a>, in dem der Frage nachgegangen wird, warum wir uns \u00fcber vermeintlichen &#8222;Kleinigkeiten&#8220; aufregen und es deswegen \u00f6ffentliche Diskussionen gibt, der gr\u00f6\u00dfte Steuerbetrug in der europ\u00e4ischen Geschichte hingegen bisher noch in keiner einzigen Talkshow thematisiert wurde. Klar, da wurde ja auch die Kriminalit\u00e4t derjenigen offensichtlich, die gern mit ihren Machenschaften im Dunkeln bleiben und auch alle (medialen und politischen M\u00f6glichkeiten zur Verschleierung haben. [Karl]<\/p>\n<p>10. Die Bundesregierung will den Solidarit\u00e4tszuschlag schrittweise abschaffen, um kleine und mittlere Einkommen zu entlasten. Warum dieses Ansinnen so eine dreiste L\u00fcge ist, erl\u00e4utert Ulrike Herrmann in einem <a href=\"http:\/\/www.taz.de\/Debatte-Solidarzuschlag\/!5541625\/?fbclid=IwAR34aMGDS5BU30z2qYiScICRmRokEAk0XLIvyXM32hychlapcJQULVzWMFA\" target=\"_blank\" rel=\"noopener\">Kommentar in der <em>taz<\/em><\/a>, denn schlie\u00dflich zahlen vor allem h\u00f6he Einkommen diese Abgabe. Also mal wieder Politik f\u00fcr diejenigen, denen es eh schon gut geht, und die SPD macht brav und flei\u00dfig dabei mit. Besonders perfide: Das Ganze soll erst 2021 umgesetzt werden, sodass sich dann die n\u00e4chste Regierung mit den fehlenden Einnahmen rum\u00e4rgern darf. [Karl]<\/p>\n<p>11. In einem <a href=\"https:\/\/www.freitag.de\/autoren\/der-freitag\/wie-wird-der-neoliberalismus-enden?fbclid=IwAR0ujNyKG6b0XzuUiqn27PKWMMYiJGkeucFFTbAgANCpEoCx64Lsoi9xUcw\" target=\"_blank\" rel=\"noopener\">Artikel f\u00fcr <em>der Freitag<\/em><\/a> entwirft Stephan Schulmeister zwei Szenarien, wie der Neoliberalismus, dessen Scheitern immer offensichtlicher wird, zu Ende gehen k\u00f6nnte. Dabei liefert er zun\u00e4chst einmal einen historischen Abriss, der darstellt, wie diese Ideologie \u00fcberhaupt ihre (wirtschafts-)politische Dominanz entfalten konnte, um dann die derzeitige Sackgasse aufzuzeigen, in die man sich damit man\u00f6vriert hat. Dieser langfristige Blick erlaubt dann auch eine stimmige Analyse und daraus abgeleitete Prognosen. [Karl]<\/p>\n<p>12. Facebook und YouTube haben in den USA kurz vor den dort anstehenden Wahlen zum Repr\u00e4sentantenhaus die Kan\u00e4le von etwa 800 kritischen oppositionellen Seiten gel\u00f6scht. In einem <a href=\"https:\/\/www.heise.de\/tp\/features\/Facebook-Loeschungen-Manufacturing-Consent-4193284.html?fbclid=IwAR1iP8ukahc_h6DKR46wv1tV8LsfYMj1pcg2FWTKIxgQXLqNi22GKZuUfDw\" target=\"_blank\" rel=\"noopener\">Artikel auf <em>Telepolis<\/em><\/a> beleuchtet J\u00f6rg Gastmann nun nicht nur die Hintergr\u00fcnde dieses zutiefst antidemokratischen Vorgehens, sondern zeigt auch auf, welche Konsequenzen dies f\u00fcr den \u00f6ffentlichen Debattenraum, den Facebook und YouTube ja in quasi monopolistischer Art und Weise darstellen, haben d\u00fcrfte. Da wird dann die Forderung nach einer demokratisch kontrollierten \u00f6ffentlichen digitalen Social-Media-Infrastruktur nachvollziehbar. [Karl]<\/p>\n<p>13. In der EU ist Geldw\u00e4sche im ganz gro\u00dfen Stil nach wie vor an der Tagesordnung, wie ein <a href=\"https:\/\/www.tagesspiegel.de\/politik\/geldwaesche-in-der-eu-europa-bleibt-ein-paradies-fuer-geldwaescher\/23204922.html?fbclid=IwAR1ahLuEE4FSMnU2RceZIEn2RIjAZM1omj8Bx_z_4B8u2A0a86ZIGQl3b1E\" target=\"_blank\" rel=\"noopener\">Artikel von Harald Schumann<\/a> im <em>Tagesspiegel<\/em> berichtet. Doch liegt der Fehler hierbei einmal nicht bei der EU, sondern bei den Regierungen der Einzelstaaten, die aus nationalem Egoismus (man will schlie\u00dflich keinen Geldfluss ins Land unterbinden) die EU-Richtlinie zur Bek\u00e4mpfung der Geldw\u00e4sche nicht wirklich umsetzen. Es w\u00e4re also sinnvoll, in einem gemeinsamen Binnenmarkt auch gemeinschaftliche Institutionen zu schaffen, die Derartiges unterbinden k\u00f6nnten &#8211; allein es fehlt offensichtlich der politische Wille dazu. [Karl]<\/p>\n<p>14. Leider wenig \u00dcberraschendes geht aus einem <a href=\"https:\/\/www.sueddeutsche.de\/wirtschaft\/wohnen-mieten-steigen-selbst-in-kleinen-orten-rasant-1.4180064?fbclid=IwAR2CwHnOcq7dSVht1oVFrhvMaIS57vUf136FoqGneP-yqj6oT3Lrfr5mRLw\" target=\"_blank\" rel=\"noopener\">Artikel in der <em>S\u00fcddeutschen Zeitung<\/em><\/a> hervor: Nachdem in den deutschen Ballungszentren doe Mieten in den letzten Jahren explodiert sind, ziehen nun auch kleinere St\u00e4dte nach, sodass die Menschen auch dort immer mehr Geld f\u00fcrs Wohnen ausgeben m\u00fcssen. Kein Wunder, denn die Mietpreisbremse ist ja nun nicht mehr als ein Papiertiger, und aufgrund der niedrigen Kapitalmarktzinsen dr\u00e4ngen immer mehr Investoren mit hohen Renditeerwartungen in den Wohnungsmarkt. So wird das Begleichen der Miete f\u00fcr immer mehr Menschen zu einer existenziellen Bedrohung &#8211; und die Umverteilung von unten nach oben wird so auch noch weiter forciert. [Karl]<\/p>\n<p>15. Die &#8222;Neuen deutschen Medienmacher&#8220; haben einen Preis aufgerufen: die Goldene Kartoffel. Diese Auszeichnung ist allerdings wenig schmeichelhaft f\u00fcr ihren Empf\u00e4nger, denn sie wird an Journalisten und Radaktionen verliehen, die sich durch besonders diskriminierenden und einseitige Berichterstattung auszeichnen. Kein Wunder also, dass der erste Preistr\u00e4ger laut einem <a href=\"http:\/\/www.taz.de\/Preis-fuer-diskriminierenden-Journalismus\/!5545370\/?fbclid=IwAR23FYZhyI35ArMuoC6AVhEeog0n6XKPIv_jZVvgaSOD28B_zTx4mzH1RDo\" target=\"_blank\" rel=\"noopener\">Artikel in der <em>taz<\/em><\/a> <em>BILD<\/em>-Chefredakteur Julian Reichelt ist. Herzlichen Gl\u00fcckwunsch! [Karl]<\/p>\n<p>16. In einem <a href=\"https:\/\/ze.tt\/wir-brauchen-endlich-ein-drei-tage-wochenende\/?wt_zmc=sm.int.zonaudev.facebook.ref.zeitde.redpost_zon.link.sf&amp;utm_campaign=ref&amp;utm_medium=sm&amp;utm_content=zeitde_redpost_zon_link_sf&amp;utm_term=facebook_zonaudev_int&amp;utm_source=facebook_zonaudev_int&amp;fbclid=IwAR2U2QbKMoXR2IPyWl3gHo2WxwwH6kBa_uu7-N4SZ8UdW2GpS5ezQKvUdE8\" target=\"_blank\" rel=\"noopener\">Artikel auf <em>ze.tt<\/em><\/a> von <em>Zeit Online<\/em> pl\u00e4diert Jessica Wagner f\u00fcr ein Drei-Tage-Wochenende. In einigen L\u00e4ndern (Schweden, Neuseeland) wurde damit ja schon positive Erfahrungen gemacht, und nun belegt Jan De Neve von der Universit\u00e4t Oxford mit seiner aktuellen Forschung, dass eine solche Arbeitszeitverk\u00fcrzung nicht nur die Work-Life-Balance der Angestellten verbessern, sondern auch deren Produktivit\u00e4t erh\u00f6hen w\u00fcrde. Klingt logisch: Wer zufriedener ist, arbeitet auch konzentrierter und effektiver. Leider d\u00fcrfte es dennoch schwierig sein, am Dogma der 5-Tage-40-Stunden-Woche zu r\u00fctteln. [Karl]<\/p>\n<p>17. Unsch\u00f6ne Aussichten! In Brasilien k\u00f6nnte heute der Rechtsradikale Jair Bolsonaro zum Pr\u00e4sidenten gew\u00e4hlt werden. Der machte bereits in der Vergangenheit durch diskriminierenden Aussagen gegen\u00fcber Frauen, Homosexuellen und Schwarzen von sich reden und findet die ehemalige Milit\u00e4rdiktatur richtig prima. Nun hat er gerade aktuell, wie aus einem <a href=\"https:\/\/www.sueddeutsche.de\/politik\/brasilien-bolsonaro-saeuberung-1.4181458?sc_src=email_348535&amp;sc_lid=40475242&amp;sc_uid=mvIK3yo8CP&amp;sc_llid=983&amp;utm_medium=email&amp;utm_source=emarsys&amp;utm_content=www.sueddeutsche.de%2Fpolitik%2Fbrasilien-bolsonaro-saeuberung-1.4181458&amp;utm_campaign=Espresso+am+Abend+23.10.2018&amp;fbclid=IwAR2uDElfdxxTM9O7ob3t65RHMCn_UNxBxzscYKp7Oy-Ff-guPWg67LIDAUQ\" target=\"_blank\" rel=\"noopener\">Artikel der <em>S\u00fcddeutschen Zeitung<\/em><\/a> hervorgeht, seinen politischen Gegnern gedroht, sie nach einem Amtsantritt zu inhaftieren oder aus dem Land zu jagen. Nach dem Staatsstreich der Neoliberal-Marktradikalen um Noch-Pr\u00e4sident Temer vor gut zwei Jahren droht Brasilien nun als Reaktion darauf in den offenen Faschismus abzurutschen. [Karl]<\/p>\n<p>18. Der Soziologe Michael Hartmann hat h\u00e4ufig Interessantes zu sagen. So auch in einem <a href=\"https:\/\/kontrast.at\/elite-soziale-ungleichheit-hartmann\/?fbclid=IwAR00by_zrUR6TZg34AMlMeBnLUBBrt9DRA460r-NaH4OqhwzSuVQ7hc33jg\" target=\"_blank\" rel=\"noopener\">Interview mit <em>Kontrast.at<\/em><\/a>, in dem er den h\u00e4ufig verwendeten Begriff &#8222;Elite&#8220; konkret definiert, die dazugeh\u00f6rigen Menschen beschreibt und deren demokratiegef\u00e4hrdendes Treiben eindeutig benennt. Die Entwicklung der letzten Jahre geht problematischerweise n\u00e4mlich dahin, dass sich die Eliten zunehmend aus sich selbst rekrutieren und somit immer weniger Bezug zum Leben von &#8222;normalen&#8220; Menschen haben, auf das sie durch ihre Entscheidungen jedoch gro\u00dfen Einfluss nehmen. [Karl]<\/p>\n<p>19. In einem <a href=\"https:\/\/www.nachdenkseiten.de\/?p=46723&amp;fbclid=IwAR3oHa269qPXoQraB5HcOPQFaWCVEnDOtdSLXDPOm-NIxlZwbpV8nCk7i0c\" target=\"_blank\" rel=\"noopener\">Artikel auf den <em>NachDenkSeiten<\/em><\/a> \u00e4u\u00dfert sich Albrecht M\u00fcller sehr zu Recht kritisch dazu, dass die beiden Chefredakteure von <em>ARD<\/em> und <em>ZDF<\/em>, Kai Gniffke und Peter Frey, der Einladung zu einer AfD-Veranstaltung gefolgt und die rechtsextreme Partei somit ein St\u00fcck weit &#8222;geadelt&#8220;, zumindest ihr den Anschein von politischer Normalit\u00e4t verliehen haben. Das ist nicht nur gute Werbung f\u00fcr die AfD, sondern zudem auch noch ein fatales politisches Zeichen f\u00fcr potenzielle AfD-Koalitionspartner (vor allem CDU\/CSU). Und vermutlich d\u00fcrfen wir uns dann zuk\u00fcnftig auf noch st\u00e4rker AfD-freundliche Berichterstattung und viele Einladungen in Talkshows der \u00f6ffentlich-rechtlichen Sender gefasst machen. [Karl]<\/p>\n<p>20. Und weil es nach wie vor wichtig ist, soll auch noch mal darauf hingewiesen werden, dass laut einem knapp f\u00fcnfmin\u00fctigen <a href=\"https:\/\/www.deutschlandfunk.de\/fall-oury-jalloh-vor-einstellung-initiative-wirft-behoerden.1769.de.html?dram%3Aarticle_id=431297&amp;fbclid=IwAR3EqPYQqSakCGlkdDD6XPfW9D9QXhcV-lMp47B4fAi0isgz4N8mPAuG54A\" target=\"_blank\" rel=\"noopener\">Beitrag vom <em>Deutschlandfunk<\/em><\/a> (liegt auch in transkribierter Form vor) die Ermittlungen der Staatsanwaltschaft Naumburg im Fall Oury Jalloh, der in einer Dessauer Polizeizelle aller Wahrscheinlichkeit nach ermordet wurde, demn\u00e4chst eingestellt werden sollen. Ob die Wahrheit hier wohl jemals ans Licht kommen wird? [Karl]<\/p>\n<p>21. Eine absolut informative und spannende <a href=\"https:\/\/www.arte.tv\/de\/videos\/082806-000-A\/fake-america-great-again\/\" target=\"_blank\" rel=\"noopener\">58-min\u00fctige Doku<\/a> lieferte <em>arte<\/em> vor einigen Tagen:\u00a0\u201eFake America Great Again\u201c. Die franz\u00f6sische Dokumentation aus diesem Jahr zeigt auf, wie Donald Trump mit 77.000 Stimmen zum Pr\u00e4sidenten wurde, obgleich er fast drei Millionen Stimmen weniger als Hilllary Clinton erhielt. Ein geschickt eingef\u00e4delter Clou \u00fcber das System der Wahlm\u00e4nner mithilfe von\u00a0Investor Robert Mercer, <em>Breitbart News<\/em>, der Datenfirma Cambridge Analytica und <em>Facebook<\/em>. Noch bis Januar 2019 in der Mediathek zu bestaunen. [Dirk]<\/p>\n","protected":false},"excerpt":{"rendered":"<p>An dieser Stelle pr\u00e4sentieren wir regelm\u00e4\u00dfig Links, die wir unter der Woche entdeckt haben, zu denen wir selbst nicht mehr viel schreiben m\u00fcssen und die wir teilenswert finden. Viel Spa\u00df beim Lesen und Anschauen!<\/p>\n","protected":false},"author":5,"featured_media":0,"comment_status":"open","ping_status":"open","sticky":false,"template":"","format":"standard","meta":{"footnotes":""},"categories":[193],"tags":[],"class_list":["post-12366","post","type-post","status-publish","format-standard","hentry","category-woechentliches"],"_links":{"self":[{"href":"https:\/\/www.unterstroemt.de\/index.php?rest_route=\/wp\/v2\/posts\/12366","targetHints":{"allow":["GET"]}}],"collection":[{"href":"https:\/\/www.unterstroemt.de\/index.php?rest_route=\/wp\/v2\/posts"}],"about":[{"href":"https:\/\/www.unterstroemt.de\/index.php?rest_route=\/wp\/v2\/types\/post"}],"author":[{"embeddable":true,"href":"https:\/\/www.unterstroemt.de\/index.php?rest_route=\/wp\/v2\/users\/5"}],"replies":[{"embeddable":true,"href":"https:\/\/www.unterstroemt.de\/index.php?rest_route=%2Fwp%2Fv2%2Fcomments&post=12366"}],"version-history":[{"count":22,"href":"https:\/\/www.unterstroemt.de\/index.php?rest_route=\/wp\/v2\/posts\/12366\/revisions"}],"predecessor-version":[{"id":12476,"href":"https:\/\/www.unterstroemt.de\/index.php?rest_route=\/wp\/v2\/posts\/12366\/revisions\/12476"}],"wp:attachment":[{"href":"https:\/\/www.unterstroemt.de\/index.php?rest_route=%2Fwp%2Fv2%2Fmedia&parent=12366"}],"wp:term":[{"taxonomy":"category","embeddable":true,"href":"https:\/\/www.unterstroemt.de\/index.php?rest_route=%2Fwp%2Fv2%2Fcategories&post=12366"},{"taxonomy":"post_tag","embeddable":true,"href":"https:\/\/www.unterstroemt.de\/index.php?rest_route=%2Fwp%2Fv2%2Ftags&post=12366"}],"curies":[{"name":"wp","href":"https:\/\/api.w.org\/{rel}","templated":true}]}}