{"id":12773,"date":"2018-11-18T11:41:13","date_gmt":"2018-11-18T10:41:13","guid":{"rendered":"https:\/\/www.unterstroemt.de\/?p=12773"},"modified":"2018-11-23T10:02:52","modified_gmt":"2018-11-23T09:02:52","slug":"interessantes-aus-kw-46-2018","status":"publish","type":"post","link":"https:\/\/www.unterstroemt.de\/?p=12773","title":{"rendered":"Interessantes aus KW 46\/2018"},"content":{"rendered":"<p>An dieser Stelle pr\u00e4sentieren wir regelm\u00e4\u00dfig Links, die wir unter der Woche entdeckt haben, zu denen wir selbst nicht mehr viel schreiben m\u00fcssen und die wir teilenswert finden. Viel Spa\u00df beim Lesen und Anschauen!<\/p>\n<p>1. Was w\u00e4re ein Start in die w\u00f6chentlichen Hinweise ohne <em>ttt<\/em> (<em>AR<\/em>D): Der <a href=\"https:\/\/www.ardmediathek.de\/tv\/ttt-titel-thesen-temperamente\/Soziale-Ungleichheit-als-Gefahr-f\u00fcr-die-\/Das-Erste\/Video?bcastId=431902&amp;documentId=57587528\" target=\"_blank\" rel=\"noopener\">siebenmin\u00fctige Beitrag\u00a0\u201eSoziale Ungleichheit als Gefahr f\u00fcr die demokratische Gesellschaft\u201c<\/a> besch\u00e4ftigt sich mit dem brisantesten Thema unserer nationalen Politik. Auch wenn uns parasit\u00e4re Kr\u00e4fte der Gesellschaft aus Politik und Wirtschaft immer eintrichtern, dass die\u00a0\u201eKonjunktur brummt\u201c, so stimmt dies eben nur f\u00fcr die oberen zwei bis drei Prozent. Solidarit\u00e4t als Schimpfwort, der Markt als Lenker und Regierung. Zeit, das Thema in die Hand zu nehmen und die starren Strukturen in Berlin mit Aktionen und Widerstand zu durchbrechen. [Dirk]<\/p>\n<p>2. So weit sind wir also schon wieder: Ein <a href=\"http:\/\/taz.de\/!5550833\/?fbclid=IwAR0rpv7qIPGUUMPXrAmyQlAd1W_N1Ngqw4XNPOUaERWJbUtdiww04EGGOvA\" target=\"_blank\" rel=\"noopener\">Artikel in der <em>taz<\/em><\/a> berichtet, dass eine Sch\u00fclervorstellung des Films &#8222;Wildes Herz&#8220; \u00fcber die linke Band Feine Sahne Fischfilet abgesagt wurde aufgrund von rechtsterroristischen Drohungen. Und das nicht irgendwo in den \u00f6stlichen Bundesl\u00e4ndern, sondern in Bad Schwartau. Was f\u00fcr ein Trauerspiel! Ach ja: Die Generalsekret\u00e4r der th\u00fcringischen CDU hat sich neulich auch schon mal gegen die Auff\u00fchrung des preisgekr\u00f6nten Films ausgesprochen. Womit man wieder mal sieht, wes Geistes Kind die CDU mehr und mehr ist. [Karl]<\/p>\n<p>3. Die Zust\u00e4nde in der deutschen Altenpflege sind teilweise katastrophal, das Personal ist permanent \u00fcberlastet und wird schlecht bezahlt, w\u00e4hrend Investoren Traumrenditen einfahren. Wie es auch anders gehen kann, schildert ein knapp achtmin\u00fctiger <a href=\"https:\/\/www.deutschlandfunkkultur.de\/sozialstaat-daenemark-wo-pflegenotstand-ein-fremdwort-ist.976.de.html?dram%3Aarticle_id=432408&amp;fbclid=IwAR1d8pU4pW6S2o-g9D1z7L0agunOeceEeqKh2AN4dT8Tvco86QCRauB08Oc\" target=\"_blank\" rel=\"noopener\">Beitrag auf <em>Deutschlandfunk Kultur<\/em><\/a> (liegt auch in transkribierter Form vor), indem einmal nach D\u00e4nemark geschaut wird. Dort werden alte Menschen n\u00e4mlich dabei unterst\u00fctzt, wenn sie in ihren eigenen vier W\u00e4nden bleiben wollen, Altenheime kann sich dort jeder leisten, zur Not tr\u00e4gt der Staat die Differenz zur Rente. In W\u00fcrde altern &#8211; unsere Nachbarn im Norden machen&#8217;s vor, wie das geht. [Karl]<\/p>\n<p>4. Das Bombenwetter im Sommer hat viele erfreut, allerdings gibt es dabei auch ein paar Schattenseiten, wie ein <a href=\"https:\/\/www.zeit.de\/wissen\/umwelt\/2018-11\/berlin-wassermangel-trockenheit-regen-brandenburg-sachsen?utm_medium=sm&amp;utm_source=facebook_zonaudev_int&amp;utm_content=zeitde_redpost_zon_link_sf&amp;utm_term=facebook_zonaudev_int&amp;utm_campaign=ref&amp;wt_zmc=sm.int.zonaudev.facebook.ref.zeitde.redpost_zon.link.sf\" target=\"_blank\" rel=\"noopener\">Artikel auf <em>Zeit Online<\/em><\/a> berichtet. So nimmt der Wassermangel in und um Berlin langsam immer dramatischere Z\u00fcge an, denn der Sommer war nicht nur sehr warm, sondern auch ausgesprochen trocken. Nun muss teilweise improvisiert werden, um gen\u00fcgen Trinkwasser bereitzustellen, dessen Qualit\u00e4t zudem auch gef\u00e4hrdet ist aufgrund des Wassermangels. Die Auswirkungen des Klimawandels sind nun also nicht mehr nur ein Problem des globalen S\u00fcdens, sondern auch schon sp\u00fcrbar bei uns angekommen. [Karl]<\/p>\n<p>5. Nicht sehr sch\u00f6n, was da gerade in Polen abgeht. Wie aus einem <a href=\"http:\/\/taz.de\/Kommentar-Unabhaengigkeitstag-Polen\/!5549674\/?fbclid=IwAR15jnn2snyfE6g9RpS0U1L8insOJ2aCN13mPXNv6LSrhnHSPspOmoT0V74\" target=\"_blank\" rel=\"noopener\">Kommentar von Gabriele Lesser<\/a> in der <em>taz<\/em> hervorgeht, \u00fcben dort die Nationalpopulisten der polnischen Regierung gerade den Schulterschluss mit offen Rechtsextremen, die am liebsten die III. Republik, die 1989 vor allem aufgrund des langen Kampfes von Lech Walesas Arbeiterbewegung Solidarnosc entstanden ist, abschaffen wollen. Anlass daf\u00fcr boten die Feiern zum 100. Unabh\u00e4ngigkeitstag Polens, an dem man sch\u00f6n Seite an Seite marschierte. Keine guten Aussichten f\u00fcr die Parlamentswahlen dort im n\u00e4chsten Jahr &#8230; [Karl]<\/p>\n<p>6. Die Junge Union (JU) war ja schon immer daf\u00fcr bekannt, deutlich konservativer und rechter drauf zu sein als die Mutterpartei CDU. Nun haben gerade ein paar JU-Mitglieder in Berlin genau dies best\u00e4tigt, indem sie ausgerechnet am 9. November, dem 80. Jahrestag der sogenannten Reichskristallnacht mit ihren antij\u00fcdischen Pogromen, besoffen in einer Berliner Kneipe erst homosexuellenfeindliche Gegr\u00f6le und dann noch ein Wehrmachtslied zum Besten gaben, wie aus einem <a href=\"https:\/\/www.tagesspiegel.de\/berlin\/berlin-moabit-empoerung-nach-wehrmachts-eklat-der-jungen-union\/23623424.html?utm_referrer=https%3A%2F%2Fwww.google.de%2F&amp;fbclid=IwAR1FWftDmS3xTm8h2he8H5N6I48DwlcyVvb00Kt2_baVYezVztojYWfjEiA\" target=\"_blank\" rel=\"noopener\">Artikel im <em>Tagesspiegel<\/em><\/a> hervorgeht. Das Problem des offen praktizierten Rechtsextremismus ist keines allein der AfD, sondern schon l\u00e4ngst in der CDU angekommen. Ekelhaft! [Karl]<\/p>\n<p>7. In einem <a href=\"http:\/\/www.taz.de\/!5547061\/?fbclid=IwAR1EEqJnnehLjZ_96lT-5adtLpaPyIphdGWaMojuwrLQ3RjA9YEmMioZqoc\" target=\"_blank\" rel=\"noopener\">Kommentar in der <em>taz<\/em><\/a> benennt Malte Kreutzfeld klipp und klar die Sch\u00e4bigkeit des Chemiekonzerns Bayer. Dessen\u00a0Kommunikationschef Christian Maertin hat erst k\u00fcrzlich verlauten lassen, dass Journalisten sich bei ihrer Berichterstattung an die Wahrheit halten sollen. Bayer selbst hingegen nimmt es damit nicht so genau, sondern h\u00e4lt es eher wie Donald Trump: Erst werden Aussagen get\u00e4tigt (insbesondere zum Thema Glyphosat), und wenn diese sich dann als nachweislich falsch erweisen, wird ein bisschen zur\u00fcckgerudert, dass das alles nur missverstanden worden sei. Na ja, vermutlich auch deshalb ist Bayer einer der gr\u00f6\u00dften ausl\u00e4ndischen Wahlkampfspender von Trumps Republikanern. Was f\u00fcr ein durchweg widerlicher Dreckskonzern! [Karl]<\/p>\n<p>8. Dass mit Rechtspopulisten keine ernsthafte und konstruktive Politik zu machen ist, kann man gerade mal wieder an der schwarzblaubraunen \u00f6sterreichischen Regierung sehen, wie ein <a href=\"https:\/\/www.profil.at\/ausland\/ablehnung-un-migrationspakt-chronologie-10460384?fbclid=IwAR1y2jwKG0ckeOFuCz0qhi-a3DQbQ-TxW6WdlRh2uEI9jc71s3RE45aD6xM\" target=\"_blank\" rel=\"noopener\">Artikel von <em>profil<\/em><\/a> dokumentiert: Diese lehnt n\u00e4mlich den UN-Migrationspakt seit Kurzem ab, obwohl sie zuvor bei dessen Ausgestaltung nicht nur beteiligt war, sondern auch keine Bedenken ge\u00e4u\u00dfert hat. So hoffen Kurz und Co. wohl, Zustimmung aus rechten Kreisen zu bekommen, was sich auch darin zeigt, dass sich im\u00a0Ministerratsvortrag zur Ablehnung des Pakts die gleichen \u00dcbersetzungsfehler wie auf rechten Hetzseiten finden &#8211; da hat man wohl einfach abgeschrieben. Man kann nur hoffen, dass die \u00d6sterreicher bald erkennen, was f\u00fcr Antipolitikern sie da die Regierungsverantwortung gegeben haben. [Karl]<\/p>\n<p>9. Der Parteispendenskandal um die Gelder, die Alice Weidel (AfD) erhalten hat, nimmt immer gr\u00f6\u00dfere Ausma\u00dfe an, wie aus einem <a href=\"https:\/\/www.lobbycontrol.de\/2018\/11\/afd-spendenskandal-verdeckte-wahlkampfhilfe-muss-ein-ende-haben\/?fbclid=IwAR3FoH7ZzgGhVuB7eNFRhLgT2rJU6S8K0XcQDhdVeUom24Hn79NoIgUIf1w\" target=\"_blank\" rel=\"noopener\">Pressekommentar von <em>LobbyControl<\/em><\/a> hervorgeht. Das Schweizer Pharmaunternehmen, dass 130.000 Euro in kleinen Tranchen (damit diese nicht meldepflichtig sind) als Wahlkampfunterst\u00fctzung an den Weidels Kreisverband \u00fcberwiesen hat, agierte n\u00e4mlich allem Anschein nach nur als Strohmann, um den wahren Spender zu verschleiern. Und das ist ja nicht das erste Mal, dass die AfD mit intransparenten Spendengeldern von sich reden macht. Na ja, so ein Verhalten sollte einen bei Karrieristen mit offensichtlich hoher krimineller Energie irgendwie auch nicht wundern, oder? [Karl]<\/p>\n<p>10. Allerdings ist die AfD nicht die einzige Partei, die ihre Zuwendungen intransparent gestaltet, so was gibt es (keine \u00dcberraschung) auch bei der anderen rechtspopulistischen Partei im Bundestag, der FDP. Deren Fraktionsvorsitzender Alexander Graf Lambsdorff weigert sich, die Herkunft von Vertragshonoraren zu ver\u00f6ffentlichen, und beruft sich laut einem <a href=\"https:\/\/www.abgeordnetenwatch.de\/blog\/2018-11-09\/fdp-fraktionsvize-haelt-herkunft-von-vortragshonoraren-geheim?pk_campaign=nl20181111\" target=\"_blank\" rel=\"noopener\">Artikel auf <em>abgeordnetenwatch.de<\/em><\/a> dabei auf\u00a0 eine Geheimhaltungsklausel, die allerdings die Transparenzregeln des Bundestags ad absurdum f\u00fchrt. Bisher ist Lambsdorff (dessen Onkel ja interessanterweise auch schon durch fragw\u00fcrdige und illegale Praktiken im Zuge der Flick-Aff\u00e4re aufgefallen und verurteilt wurde) der einzige Bundestagsabgeordnete, der sich so verh\u00e4lt. Hoffen wir mal, dass dieses miese Beispiel keine Schule macht. [Karl]<\/p>\n<p>11. Coltan ist ein wichtiger Rohstoff in der Produktion von Computern und Smartphones. Einen Einblick in die Coltan-Gewinnung in der Mine Rubaya im Kongo, eine der wichtigsten F\u00f6rderst\u00e4tten des seltenen Erzes weltweit, gibt ein <a href=\"http:\/\/taz.de\/Coltanabbau-im-Kongo\/!5547168\/?fbclid=IwAR1er79ocz_ui8XAkBWjkP7x1Bw2dO4kTvidCNlYevSApIG8LhvgAuqsD8M\" target=\"_blank\" rel=\"noopener\">Artikel in der taz<\/a>. So erf\u00e4hrt man, was geschieht, wenn etwas weltwirtschaftlich derartig Wichtiges in politisch fragilen Regionen abgebaut wird: Es gilt jeder gegen jeden, einige wenige profitieren im gro\u00dfen Ma\u00dfe davon, f\u00fcr viele bedeutet das jedoch Knochenarbeit bei generell unsicherer Lebensperspektive. Darauf baut unser Wohlstand und Konsum auf &#8211; das sollte man sich zumindest mal bewusst machen. [Karl]<\/p>\n<p>12. Das sind doch mal gute Nachrichten! Laut einem <a href=\"https:\/\/www.ksta.de\/region\/rhein-erft\/kerpen\/freigesprochen-und-entschaedigt-hambach-aktivisten-siegen-vor-gericht-31587734?dmcid=sm_fb&amp;fbclid=IwAR3dLO0UYbFIOUsYHhJWNOXtkDKN9Pxl4HBKhTD4Yj81NBftKrLn3yWxZeM\" target=\"_blank\" rel=\"noopener\">Artikel im <em>K\u00f6lner Stadt-Anzeiger<\/em><\/a> sind vier Aktivisten aus dem Hambacher Forst gerade freigesprochen worden, nachdem sie aufgrund von Widerstand gegen die Staatsgewalt in Untersuchungshaft genommen wurden. Es wurde gerichtlich festgestellt, dass die vorgeworfenen Widerstandshandlungen so nicht haltbar waren, zudem musste festgestellt werden, dass vonseiten der Polizei wohl gelogen wurde, um die Vorw\u00fcrfe aufrechtzuerhalten. Mal wieder erweist sich die Polizei als eine Institution, die sich nicht an rechtsstaatliche Gepflogenheiten halten zu m\u00fcssen meint und mit Einsch\u00fcchterungen ihre Positionen zu verteidigen sucht. [Karl]<\/p>\n<p>13. In einem gut viermin\u00fctigen <a href=\"https:\/\/www.deutschlandfunkkultur.de\/kapitalismus-wir-brauchen-gerechte-preise.1005.de.html?dram%3Aarticle_id=433001&amp;fbclid=IwAR2HWK-Pf5E7fSjnp9EIaSULkufFg4m3ju41Yw_oZtrdcZaJiW4Fa39D74g\" target=\"_blank\" rel=\"noopener\">Debattenbeitrag auf <em>Deutschlandfunk Kultur<\/em><\/a> (liegt auch in transkribierter Form vor) thematisiert Christoph Fleischmann die Preisgestaltung in unserer kapitalistischen Wirtschaft. Und dieser kann er kein allzu gutes Zeugnis ausstellen, denn bereits im Mittelalter hat man erkannt, dass Angebot und Nachfrage keine wirklich wirksamen Parameter sind, um Preise festzulegen. Die heutigeMarkth\u00f6rigkeit blendet eben einfach Faktoren wie Gerechtigkeit aus &#8211; und ist somit kein ad\u00e4quates Mittel, um Gemeinwohl sicherstellen zu k\u00f6nnen. [Karl]<\/p>\n<p>14. Ein <a href=\"https:\/\/www.tagesschau.de\/ausland\/browntogreen-101.html?fbclid=IwAR3P7KBuz-aa_L_G-1ujbYghLxr9EJGOg8gLiun7x-d3G03HFzblNXylAbY\" target=\"_blank\" rel=\"noopener\">Artikel auf <em>tagesschau.de<\/em><\/a> berichtet, dass die Organisation Climate Transparency untersucht hat, ob die nach dem Pariser Klimaabkommen von den G20-Staaten beschlossenen Ma\u00dfnahmen ausreichen, die menschgemachte Erderw\u00e4rmung auf zwei Grad Celsius zu begrenzen. Das ern\u00fcchternde Ergebnis: Es reicht nicht. Die ergriffenen Ma\u00dfnahmen sind viel zu wenig wirksam und oft eben nur Placebos. Tja, so wird das wohl nichts damit, unseren Planeten noch als Lebensraum zu erhalten &#8211; die kommenden Generationen werden es uns danken. [Karl]<\/p>\n<p>15. Christian Baron ist Journalist &#8211; und kommt dabei aus nicht gerade b\u00fcrgerlichen Verh\u00e4ltnissen. Damit ist er ein Deutschland eine ziemlich Ausnahmen, wie er in einem <a href=\"https:\/\/www.nachdenkseiten.de\/?p=47186&amp;fbclid=IwAR28Yaa8b6X_rq0wsaMM2XescvGzUhuHb1Jp37Sl5J4FlNuMWCC0uQmgSN0\" target=\"_blank\" rel=\"noopener\">Interview mit den <em>NachDenkSeiten<\/em><\/a> darlegt, denn gerade im Journalismus gilt nach wie vor ein recht elit\u00e4res, standesbewusstes Denken, dass eben Menschen aus nicht akademischen Familien den Zugang weitestgehend verwehrt. Dass sich daraus dann nicht gerade Meinungspluralit\u00e4t entwickelt, versteht sich eigentlich ziemlich von selbst, oder? [Karl]<\/p>\n<p>16. Passend zum vorherigen Hinweis ein <a href=\"https:\/\/www.freitag.de\/autoren\/cbaron\/hate-speech-gegen-arme?fbclid=IwAR2VSdm920TEdK1nveXxqbGecWH8zYnJevoVpXel53FnCDhVWtjl-0rftCc\" target=\"_blank\" rel=\"noopener\">Artikel von Christian Baron f\u00fcr <em>der Freitag<\/em><\/a>. Darin wird beschrieben, wie sehr arme Menschen in Deutschland seit vielen Jahren gerade vonseiten der Politik eine Verachtung erfahren, die nicht anders denn als &#8222;Hate Speech&#8220; bezeichnet werden kann. Und die auch dazu beitr\u00e4gt dass \u00fcber systemische Ursachen f\u00fcr soziale Ungerechtigkeit so gut wie nicht gesprochen wird, da eben jedem Einzelnen die Schuld daran zugesprochen wird, dass er nicht gut \u00fcber die Runden kommt. Ich w\u00fcrde so was ja eher die Sch\u00e4bigkeit des Neoliberalismus nennen &#8230; [Karl]<\/p>\n<p>17. Noch einmal das Thema Polizeigewalt: Die Sendung <em>Monitor<\/em> (<em>ARD<\/em>) zeigt einen <a href=\"https:\/\/www1.wdr.de\/daserste\/monitor\/sendungen\/polizeigewalt-106.html\" target=\"_blank\" rel=\"noopener\">zehnmin\u00fctigen Beitrag<\/a> mit Beispielen \u00fcbertriebener Polizeigewalt und der Ungleichstellung von Polizei und B\u00fcrgern in Bezug auf Strafverfolgung. Nat\u00fcrlich ist es wichtig, die Polizei durch angemessene Gesetze zu sch\u00fctzen, aber wie k\u00f6nnen die nicht f\u00fcr jeden B\u00fcrger gleicherma\u00dfen gelten? Sicherlich ein schwieriges Thema, denn die Respektlosigkeit gegen\u00fcber der Polizei und Hilfskr\u00e4ften scheint ja in den letzten Jahren zuzunehmen. [Dirk]<\/p>\n<p>18. Auch <em>quer<\/em> (<em>BR<\/em>) brilliert mit zwei sehenswerten Beitr\u00e4gen mit Christoph S\u00fc\u00df: Im <a href=\"https:\/\/www.br.de\/mediathek\/video\/kritische-berichte-was-pressefreiheit-mit-krebs-zu-tun-hat-av:5bede4d5bf85ef001c4b29d6\" target=\"_blank\" rel=\"noopener\">viereinhalbmin\u00fctigen Kammerst\u00fcck<\/a> geht es um die Pressefreiheit in Deutschland. Gerade hat ein Gericht die Ver\u00f6ffentlichung eines internen Berichts des BfR (Bundesinstitut f\u00fcr Risikobewertung) durch <em>FAKT<\/em> (<em>BR<\/em>) untersagt und sich dabei auf geistiges Eigentum berufen. Es ging um die Neubewertung des Glyphosat. Etwas k\u00fcrzer, aber nicht weniger treffend, der <a href=\"https:\/\/www.br.de\/mediathek\/video\/verkehrsminister-scheuer-der-mann-vom-auto-kundendienst-av:5bede5c6b0ef720018538461\" target=\"_blank\" rel=\"noopener\">zweite Beitrag von zweieinahlb Minuten<\/a> \u00fcber die Glanzleistungen unseres Verkehrsministers Andreas Scheuer (CSU) in Sachen Nachr\u00fcstung der Dieselfahrzeuge.\u00a0 [Dirk]<\/p>\n<p>19. Ein <a href=\"https:\/\/www.heise.de\/tp\/features\/Der-amerikanische-Krieg-gegen-den-Terror-hat-mindestens-500-000-Tote-gekostet-4217435.html?fbclid=IwAR2H-TFKl-1FSWo82QfZeU6Ke8Jt-b6cWZXhnwUE5FeDo8Bq6Mhp1bGqtUk\" target=\"_blank\" rel=\"noopener\">Artikel auf <em>Telepolis<\/em><\/a> besch\u00e4ftigt sich mit der Bilanz des sogenannten Kriegs gegen den Terror, den die USA seit 2001 in Afghanistan, dem Irak und Pakistan f\u00fchren. Und diese f\u00e4llt laut dem\u00a0Costs of War Project der Brown University ziemlich erschreckend aus: mindestens 500.000 Tote, davon die meisten Zivilisten, bei Kriegskosten von 4,6 Billionen US-Dollar. Und dabei sind die Kriege in Libyen, Somalia, Jemen und Syrien genauso wenig inkludiert wie die indirekten Toten, die auf der Flucht oder aufgrund von Nahrungs- und Wassermangel (als Kriegsfolgen) gestorben sind. Wahrlich keine Erfolgsgeschichte &#8211; au\u00dfer f\u00fcr den milit\u00e4risch-industriellen Komplex. [Karl]<\/p>\n<p>20. Interessant! Wissenschaftler der Uni Augsburg haben mal ausgerechnet, wie viel teurer Lebensmittel in Deutschland w\u00e4ren, w\u00fcrden Umweltsch\u00e4den eingepreist, die bei der Produktion entstehen, wie ein <a href=\"https:\/\/www.br.de\/radio\/bayern2\/umweltfolgen-nicht-eingepreist-die-wahren-kosten-der-lebensmittel-100.html?fbclid=IwAR2WulWaRF1zLg6znGL3F4NiXUOu1Rps3Z2ty9dNGDQx5fD5WZr9U7B7pE4\" target=\"_blank\" rel=\"noopener\">Artikel auf der Website von <em>Bayern 2<\/em><\/a> berichtet. Diese Kosten schlagen sich n\u00e4mlich nicht in den Nahrungspreisen nieder, sondern werden auf andere umgelegt, teilweise sogar einfach in die Zukunft verlagert. Das Resultat grob zusammengefasst: Fleisch m\u00fcsste deutlich teurer sein, und Bioprodukte verursachen weniger Folgekosten, da sie die Umwelt weniger in Mitleidenschaft ziehen. Umso absurder, dass die industrialisierte Landwirtschaft immer noch mit \u00f6ffentlichen Geldern gef\u00f6rdert wird. [Karl]<\/p>\n<p>21. Ein etwa achtmin\u00fctiger <a href=\"https:\/\/www.ndr.de\/fernsehen\/sendungen\/panorama3\/Ermittlungen-gegen-private-Seenotretter,panoramadrei2972.html?fbclid=IwAR3NfNgAqo03GbQG16_l6O-gOqR3hYSRfpXTc9Xoh8vwymGK-iBMwxuY_pw\" target=\"_blank\" rel=\"noopener\">Bericht von <em>panorama3<\/em><\/a> (<em>NDR<\/em>) befasst sich mit privaten Seenotrettern auf dem Mittelmeer, die derzeit vonseiten der italienischen Beh\u00f6rden massiv kriminalisiert und der Schlepperei bezichtigt werden. Das Resultat dieses Vorgehens ist, dass \u00a0mittlerweile kaum noch private Seenotrettung stattfindet und immer mehr Gefl\u00fcchtete im Mittelmeer ertrinken. Dass Menschen, die Leben retten und daf\u00fcr ihre Zeit und Energie hingeben, nicht als Helden angesehen, sondern mit Strafverfahren \u00fcberzogen und mit Gef\u00e4ngnis bedroht werden, zeigt f\u00fcr mich, dass die EU-Politik der Abschottung nichts anderes ist als der Ausdruck eines Unrechtssystems. [Karl]<\/p>\n<p>&nbsp;<\/p>\n","protected":false},"excerpt":{"rendered":"<p>An dieser Stelle pr\u00e4sentieren wir regelm\u00e4\u00dfig Links, die wir unter der Woche entdeckt haben, zu denen wir selbst nicht mehr viel schreiben m\u00fcssen und die wir teilenswert finden. Viel Spa\u00df beim Lesen und Anschauen!<\/p>\n","protected":false},"author":5,"featured_media":0,"comment_status":"open","ping_status":"open","sticky":false,"template":"","format":"standard","meta":{"footnotes":""},"categories":[193],"tags":[],"class_list":["post-12773","post","type-post","status-publish","format-standard","hentry","category-woechentliches"],"_links":{"self":[{"href":"https:\/\/www.unterstroemt.de\/index.php?rest_route=\/wp\/v2\/posts\/12773","targetHints":{"allow":["GET"]}}],"collection":[{"href":"https:\/\/www.unterstroemt.de\/index.php?rest_route=\/wp\/v2\/posts"}],"about":[{"href":"https:\/\/www.unterstroemt.de\/index.php?rest_route=\/wp\/v2\/types\/post"}],"author":[{"embeddable":true,"href":"https:\/\/www.unterstroemt.de\/index.php?rest_route=\/wp\/v2\/users\/5"}],"replies":[{"embeddable":true,"href":"https:\/\/www.unterstroemt.de\/index.php?rest_route=%2Fwp%2Fv2%2Fcomments&post=12773"}],"version-history":[{"count":26,"href":"https:\/\/www.unterstroemt.de\/index.php?rest_route=\/wp\/v2\/posts\/12773\/revisions"}],"predecessor-version":[{"id":12915,"href":"https:\/\/www.unterstroemt.de\/index.php?rest_route=\/wp\/v2\/posts\/12773\/revisions\/12915"}],"wp:attachment":[{"href":"https:\/\/www.unterstroemt.de\/index.php?rest_route=%2Fwp%2Fv2%2Fmedia&parent=12773"}],"wp:term":[{"taxonomy":"category","embeddable":true,"href":"https:\/\/www.unterstroemt.de\/index.php?rest_route=%2Fwp%2Fv2%2Fcategories&post=12773"},{"taxonomy":"post_tag","embeddable":true,"href":"https:\/\/www.unterstroemt.de\/index.php?rest_route=%2Fwp%2Fv2%2Ftags&post=12773"}],"curies":[{"name":"wp","href":"https:\/\/api.w.org\/{rel}","templated":true}]}}