{"id":13483,"date":"2018-12-23T12:00:43","date_gmt":"2018-12-23T11:00:43","guid":{"rendered":"https:\/\/www.unterstroemt.de\/?p=13483"},"modified":"2018-12-23T11:52:13","modified_gmt":"2018-12-23T10:52:13","slug":"interessantes-aus-kw-51-2018","status":"publish","type":"post","link":"https:\/\/www.unterstroemt.de\/?p=13483","title":{"rendered":"Interessantes aus KW 51\/2018"},"content":{"rendered":"<p>An dieser Stelle pr\u00e4sentieren wir regelm\u00e4\u00dfig Links, die wir unter der Woche entdeckt haben, zu denen wir selbst nicht mehr viel schreiben m\u00fcssen und die wir teilenswert finden. Viel Spa\u00df beim Lesen und Anschauen!<\/p>\n<p>1. Die AfD schafft es doch echt immer wieder, ihre eigene Sch\u00e4bigkeit zu toppen! So berichtet ein sechseinhalbmin\u00fctiger <a href=\"https:\/\/www.swr.de\/report\/afd-im-rassenkrieg-der-abgeordnete-petr-bystron-und-seine-suedafrikanischen-freunde\/-\/id=233454\/did=22786966\/nid=233454\/1kw92e6\/index.html?fbclid=IwAR3rCCdAF2ZahuzNugIAs8AJheNIkIYTQJ4Tnpo0jWTX4AHEwHkoMMbN2fU\" target=\"_blank\" rel=\"noopener\">Beitrag von <em>Report Mainz<\/em><\/a> (<em>ARD<\/em>) vom rangh\u00f6chsten AfD-Au\u00dfenpolitiker Petr Bystron, Obmann seiner Partei im Ausw\u00e4rtigen Ausschuss des Bundestages, der in S\u00fcdafrika ein paar Hardcore-Rassisten der rechtsextreme Gruppierung &#8222;Suidlanders&#8220; besucht und dort an Schie\u00df\u00fcbungen teilgenommen hat. Eigentlich schon schlimm genug, doch was noch dazukommt: Der ganze Trip wurde aus Steuermitteln bezahlt! Was so ein widerw\u00e4rtiger Karrierist f\u00fcr eine Vorstellung von parlamentarischer Arbeit hat, ist schon bezeichnend f\u00fcr den Sauhaufen AfD. [Karl]<\/p>\n<p>2. In der vergangenen Woche gab es <a href=\"https:\/\/www.zdf.de\/comedy\/die-anstalt#\/kanaluebersicht\/2078314\" target=\"_blank\" rel=\"noopener\">die letzte Folge von <em>Die Anstalt<\/em> f\u00fcr dieses Jahr<\/a> im <em>ZDF<\/em>, und die hatte es wirklich in sich. Genau richtig zur Weihnachtszeit nahmen sich Max Uthoff und (in Urlaubsvertretung von Claus von Wagner) Erwin Pelzig des Themas Fleischkonsum an und brachten dabei mit ihren G\u00e4sten Luise Kinseher, \u00d6zcan Cosar und Arnulf Rating einige unangenehme Wahrheiten aufs Tableau, bei denen einem schon \u00f6fter das Lachen im Halse stecken bleiben konnte! [Karl]<\/p>\n<p>3. Und noch was zum Thema Fleischkonsum: Roberto J. De Lapuente stellt in einem <a href=\"https:\/\/www.neulandrebellen.de\/2018\/12\/klimaschutz-ist-eine-soziale-frage\/?fbclid=IwAR26q2NJTr4UhmVECikRKhBlbXAnOLK2cl_v4bNQuV-cfISZWPB_Vbx39zM\" target=\"_blank\" rel=\"noopener\">Artikel auf <em>neulandrebellen<\/em><\/a> fest, dass Klimaschutz zwingend eine soziale Frage ist. Dabei wirft er vielen Intellektuellen eine gewisse Betriebsblindheit vor, was die realen Lebensumst\u00e4nde gro\u00dfer Teile der Bev\u00f6lkerung anbelangt, indem stets dem einzelnen Konsumenten die alleinige Verantwortung f\u00fcr seine Ern\u00e4hrung aufgehalst wird, ohne dabei die systemischen Ursachen zu ber\u00fccksichtigen. So wird klar: Klimaschutz geht nur sozial. [Karl]<\/p>\n<p>4. Peter Nowak besch\u00e4ftigt sich in einem <a href=\"https:\/\/www.heise.de\/tp\/features\/Gelbe-Westen-Protestform-des-21-Jahrhunderts-4252183.html?seite=all&amp;fbclid=IwAR00TrSgMPEZT_lbqund6LEOttL9GYWczte19zqH60ZQPrm-4p1uPiXJzu8\" target=\"_blank\" rel=\"noopener\">Artikel auf <em>Telepolis<\/em><\/a> mit der franz\u00f6sischen Gelbwesten-Bewegung. Dabei wirft er einen differenzierten Blick darauf, wie es denn mit deren viel beschworener Rechtslastigkeit sei, und attestiert den Gelbwesten, eine Protestform der Zukunft initiiert zu haben, die in Zeiten von zunehmend schw\u00e4cheren Gewerkschaften und immer weniger Besch\u00e4ftigten im produzierenden Gewerbe eine M\u00f6glichkeit bietet, Unmut zu artikulieren. So ergibt sich eine Lekt\u00fcre mit jeder Menge Hintergrundinfos, die man in vielen anderen Medien eben leider nicht geboten bekommt. [Karl]<\/p>\n<p>5. Eine <a href=\"https:\/\/www.zeit.de\/wirtschaft\/2018-12\/folgen-klimawandel-sahelzone-russland-indonesien-auswirkungen-erderwaermung?fbclid=IwAR2Gwifwy291L-3mWzmF4xMJTK9IOfv5xgM6w_-0kVy3ApAz1cGoJ3aQYfU\" target=\"_blank\" rel=\"noopener\">Reportage von Thomas Aders<\/a> auf <em>Zeit Online<\/em> zeigt auf, wie der Klimawandel in verschiedenen Gegenden der Erde heute bereits deutliche Folgen zeigt in Form von D\u00fcrre, auftauenden Permafrostb\u00f6den, \u00dcberschwemmungen und anderen Ph\u00e4nomenen, die Menschen in ihrer Existenz bedrohen. Dagegen ist unser hei\u00dfer und trockener Sommer in diesem Jahr dann noch ziemlicher Kindergeburtstag, obwohl das nat\u00fcrlich schon alles miteinander zusammenh\u00e4ngt. Und sp\u00e4testens wenn Prognosen ins Spiel kommen, die von zwei bis drei Milliarden Klimafl\u00fcchtlingen in nicht allzu ferner Zukunft ausgehen, wird klar, dass es schon l\u00e4ngst zehn nach zw\u00f6lf ist &#8230; [Karl]<\/p>\n<p>6. Interessante wirtschaftliche Erkenntnisse gibt es aus einem <a href=\"https:\/\/www.heise.de\/tp\/features\/Die-Arbeitsmaerkte-waren-in-Deutschland-noch-nie-in-einem-so-schlechten-Zustand-4252613.html?fbclid=IwAR2UfSzsBIAXNNR02_kUY7SWN8FvriLpyqT0pHfDi43z_Wjeq_V1QRPGsSU\" target=\"_blank\" rel=\"noopener\"><em>Telepolis<\/em>-Interview mit dem \u00d6konomen Heinz-Josef Bontrup<\/a> zu gewinnen. Zun\u00e4chst einmal attestiert er Deutschland einen Arbeitsmarkt in einmalig schlechtem Zustand (was sich etwas anders anh\u00f6rt als das \u00fcbliche Mainstream-Gew\u00e4sch dazu), dann kritisiert er mit deutlichen Worten den neoliberalen politischen Kurs der meisten Parteien, bevor er dann noch darlegt, warum er ein bedingungsloses Grundeinkommen f\u00fcr ziemlichen Unsinn h\u00e4lt. Ausgesprochen erhellend und erkenntnisreich! [Karl]<\/p>\n<p>7. Der Solidarit\u00e4tszuschlag soll abgeschafft werden. In einem <a href=\"https:\/\/www.zeit.de\/2018\/53\/solidaritaetszuschlag-abschaffung-union-steuern-entlastung?utm_campaign=ref&amp;utm_content=zeitde_redpost_zon_link_sf&amp;utm_source=facebook_zonaudev_int&amp;utm_medium=sm&amp;wt_zmc=sm.int.zonaudev.facebook.ref.zeitde.redpost_zon.link.sf&amp;utm_term=facebook_zonaudev_int\" target=\"_blank\" rel=\"noopener\">Artikel auf <em>Zeit Online<\/em><\/a> wird nun dargestellt, wem das vor allem n\u00fctzen w\u00fcrde. Im Koalitionsvertrag ist ja festgelegt, dass die reichsten zehn Prozent davon ausgenommen sein sollen, und das w\u00e4re auch ausgesprochen sinnvoll, wenn man sich die in dem Artikel vorgelegten Zahlen anschaut. Allerdings ist die Union bestrebt, das zu kippen und auch den Verm\u00f6genden eine \u00fcberhaupt nicht ben\u00f6tigte &#8222;Entlastung&#8220; zu gew\u00e4hren. Mehr als deutlich wird daran, dass CDU\/CSU ausschlie\u00dflich Politik f\u00fcr eine kleine sehr reiche Klientel machen. Leider ist der Gro\u00dfteil von deren W\u00e4hler zu dumm, um das auch nur ansatzweise zu erkennen. [Karl]<\/p>\n<p>8. Dieses mal bei <em>Precht<\/em> (<em>ZDF<\/em>) der\u00a0Parteivorsitzende von B\u00fcndnis 90\/Die Gr\u00fcnen, Robert Habeck. Das Gespr\u00e4ch der <a href=\"https:\/\/www.zdf.de\/gesellschaft\/precht\/precht-194.html\" target=\"_blank\" rel=\"noopener\">43-min\u00fctigen Sendung<\/a> besch\u00e4ftigt sich mit dem Kapitalismus und wie durch ihn die Demokratie aufgefressen wird. Trotz der beiden wortgewandten Protagonisten scheinen sie h\u00e4ufig aneinander vorbeizureden. So richtig warm kann ich mit den beiden leider auch nicht werden, aber thematisch kann man aus der Sendung doch einiges an Fragen und Antworten ziehen. [Dirk]<\/p>\n<p>9. Wer sich gegen das geplante Autofahr-\u00dcberwachungs-Gesetz wehren will, kann dies nun <a href=\"https:\/\/aktion.digitalcourage.de\/keine-autofahr-ueberwachung\" target=\"_blank\" rel=\"noopener\">im Rahmen einer Petition<\/a> auf <em>digitalcourage<\/em> tun. Es ist einfach unglaublich: Die Autoindustrie l\u00fcgt und betr\u00fcgt mit Vorsatz, die Autofahrer sollen es ausbaden &#8211; und die Politiker? Messstation infrage stellen, Grenzwerte gesetzlich aufweichen und am Ende auch noch den \u00dcberwachungsstaat weiter ausbauen. Wann kommt der Tag, an dem die Menschheit sich einfach nicht mehr jeden Mist von Konzernen bieten l\u00e4sst und deren Erf\u00fcllungsgehilfen, die sogenannten Spitzenpolitiker, aus den \u00c4mtern jagt? Jetzt klinge ich schon fast wie der braune Opa von der AfD &#8230; [Dirk]<\/p>\n<p>10. Wie die <a href=\"https:\/\/www.jungewelt.de\/artikel\/345902.r\u00fccktritt-von-us-kriegsminister-trump-zieht-mattis-ab.html\" target=\"_blank\" rel=\"noopener\"><em>jungeWelt<\/em> berichtet<\/a>, werden wohl auch US-Truppen aus Afghanistan abgezogen. Im Prinzip finde ich jeden Abzug von Truppen eher begr\u00fc\u00dfenswert, wenn denn hinterher die Soldaten zu Zivilisten und die Waffen einge\u00e4schert werden. Allerdings hat keine Industrie die USA derma\u00dfen in der Hand wie der MIK (milit\u00e4risch-industrieller Komplex), und das wird auch mittelfristig so bleiben. Daher gehe ich fest davon aus, dass die aus Syrien und Afghanistan abgezogenen Truppen direkt dem Verb\u00fcndeten Israel beim fortw\u00e4hrenden Kampf gegen den Iran unterst\u00fctzt. Sch\u00f6n destabilisieren und Terror in die Welt senden, das ist der Kollateralschaden unserer amerikanischen Friedensstifter. [Dirk]<\/p>\n<p>11. Dass der Cum-Ex- und Cum-Cum-Betrug, immerhin der gr\u00f6\u00dfte Steuerraub der deutschen Geschichte, nach wie vor nicht hinreichend aufgearbeitet wurde, liegt auch daran, dass das Ganze in den meisten Medien wenig pr\u00e4sent ist und sich die meisten Deutschen nicht daf\u00fcr interessieren. Eine gute Aufarbeitung dieses Skandals bietet ein <a href=\"https:\/\/perspective-daily.de\/article\/698\/YmeyWsiF?fbclid=IwAR2pDnladRfHsCQZRjj_OX90gdefHr-rMgVH1ZLgQgYFQ_a78f1bBwH-h2I\" target=\"_blank\" rel=\"noopener\">Artikel auf <em>Perspective Daily<\/em><\/a>, in dem die Dimensionen dieses Verbrechens anhand anschaulicher Vergleiche aufgezeigt werden und der bisherige Stand der Konsequenzen aufgezeigt wird. Kann man gar nicht genug verbreiten, finde ich! [Karl]<\/p>\n<p>12. Auf <em>BuzzFeed.News<\/em> findet sich eine <a href=\"https:\/\/www.buzzfeed.com\/de\/karstenschmehl\/falschmeldungen-facebook-2018-fakes-luegen-fake-news?fbclid=IwAR39LfRIRHpjNBX9xV60akxkM7ghEsbfKX2EKoYRcKeJ0zOvB8iFvcKiP6s\" target=\"_blank\" rel=\"noopener\">Liste der acht erfolgreichsten Falschmeldungen des Jahres 2018<\/a>, die in sozialen Medien extrem hohe Interaktionen provoziert hatten. Wenig verwunderlich, dass es hierbei vor allem um rechte Hetze gegen Fl\u00fcchtlinge und Angela Merkel geht &#8211; klar, wer keine stichhaltigen Argumente hat, muss sich eben einfach welche ausdenken. Interessant auch, dass die Reichweite solche Fake News im Vergleich zum Vorjahr deutlich gestiegen ist, obwohl ja eigentlich vonseiten Facebooks genau das verhindert werden sollte mittels Ver\u00e4nderungen am Newsfeed. [Karl]<\/p>\n<p>13. In einem <a href=\"https:\/\/www.ipg-journal.de\/regionen\/nordamerika\/artikel\/detail\/warum-wir-ihm-dankbar-sein-muessen-3159\/?fbclid=IwAR0PR4TgtQK0mqqgwGxi-avExfuKUcWkXDXE9-3uS2KxuHoh2kmi5d8Buys\" target=\"_blank\" rel=\"noopener\">Artikel f\u00fcr das <em>IPG-Journal<\/em><\/a> kommt Paul Krugman zu einer zun\u00e4chst mal merkw\u00fcrdigen Feststellung: Wir m\u00fcssten Donald Trump dankbar sein. Wer die Ansichten des preisgekr\u00f6nten \u00d6konomen kennt, mag nun verwundert sein, wird aber sogleich aufgekl\u00e4rt, warum Krugman das so sieht: Er zeigt n\u00e4mlich auf, wie sehr die Republikanische Partei in den USA mittlerweile immer mehr in antidemokratische Verhaltensweisen, wie man sie beispielsweise aktuell aus Ungarn und Polen kennt, verf\u00e4llt, um so ihre Macht erhalten zu k\u00f6nnen. Und ohne einen unterirdisch schlechten Anf\u00fchrer wie Trump w\u00e4re dies vermutlich noch viel schlimmer. Nachvollziehbare, aber letztlich auch erschreckende Analyse, die zeigt, wie sehr die USA von autokratischen Kr\u00e4ften von innen bedroht sind, die deutlich gef\u00e4hrlicher sind als Trump! [Karl]<\/p>\n<p>14. Aus Portugal gibt es in einem <a href=\"https:\/\/www.heise.de\/tp\/features\/Portugal-schwimmt-gegen-den-Strom-zum-Erfolg-4254593.html?fbclid=IwAR1ESR0cJQ_K_RO4v3WNhavJfp9SJxL_vhFpD8mVckC581AOfUzpRxGagQw\" target=\"_blank\" rel=\"noopener\">Artikel auf <em>Telepolis<\/em><\/a> mal wieder gute Nachrichten zu vermelden: Die wirtschaftliche Genesung des Landes h\u00e4lt nach der Abkehr von der katastrophalen Austerit\u00e4tspolitik unter der aktuellen Linksregierung weiterhin an, zudem boomt der Torismus und sp\u00fclt weitere Einnahmen ins Land, und auch rechte bis rechtsextreme Parteien gibt es dort nicht. Gerade ein Vergleich mit dem benachbarten Spanien, dass bei Beibehaltung des Austerit\u00e4tskurses nach wie vor nicht aus der Krise kommt, ist hier bezeichnend. Ebenfalls bezeichnend, dass Wolfgang Sch\u00e4uble (CDU) 2016 prognostizierte, dass Portugal mit seinem Kurs scheitern w\u00fcrde &#8211; und damit nur gezeigt hat, was er selbst f\u00fcr ein ahnungsloser und verbohrter Betonkopf ist. [Karl]<\/p>\n<p>15. Zum Abschluss noch ein sch\u00f6nes besinnliches <a href=\"https:\/\/www.futurzwei.org\/article\/weil-ich-es-kann?fbclid=IwAR0wUX-koyzo2nWN63QDn1uL_zjdeW504ZBNXktIx3D_aO-sSLqpQGKVxKA\" target=\"_blank\" rel=\"noopener\">Gedicht von Bastian Strotmann<\/a> f\u00fcr die Weihnachtstage, das sich auf <em>FUTURZWEI<\/em> findet. Darin geht es allerdings weniger um kitschige Puderzuckerromantik als vielmehr um die Auswirkungen unseres allt\u00e4glichen Konsums. Aber das kann ja gerade zum Fest des komplett durchdrehenden Hyperkaufrausches auch mal nicht schaden &#8230; [Karl]<\/p>\n","protected":false},"excerpt":{"rendered":"<p>An dieser Stelle pr\u00e4sentieren wir regelm\u00e4\u00dfig Links, die wir unter der Woche entdeckt haben, zu denen wir selbst nicht mehr viel schreiben m\u00fcssen und die wir teilenswert finden. Viel Spa\u00df beim Lesen und Anschauen!<\/p>\n","protected":false},"author":5,"featured_media":0,"comment_status":"open","ping_status":"open","sticky":false,"template":"","format":"standard","meta":{"footnotes":""},"categories":[193],"tags":[],"class_list":["post-13483","post","type-post","status-publish","format-standard","hentry","category-woechentliches"],"_links":{"self":[{"href":"https:\/\/www.unterstroemt.de\/index.php?rest_route=\/wp\/v2\/posts\/13483","targetHints":{"allow":["GET"]}}],"collection":[{"href":"https:\/\/www.unterstroemt.de\/index.php?rest_route=\/wp\/v2\/posts"}],"about":[{"href":"https:\/\/www.unterstroemt.de\/index.php?rest_route=\/wp\/v2\/types\/post"}],"author":[{"embeddable":true,"href":"https:\/\/www.unterstroemt.de\/index.php?rest_route=\/wp\/v2\/users\/5"}],"replies":[{"embeddable":true,"href":"https:\/\/www.unterstroemt.de\/index.php?rest_route=%2Fwp%2Fv2%2Fcomments&post=13483"}],"version-history":[{"count":12,"href":"https:\/\/www.unterstroemt.de\/index.php?rest_route=\/wp\/v2\/posts\/13483\/revisions"}],"predecessor-version":[{"id":13496,"href":"https:\/\/www.unterstroemt.de\/index.php?rest_route=\/wp\/v2\/posts\/13483\/revisions\/13496"}],"wp:attachment":[{"href":"https:\/\/www.unterstroemt.de\/index.php?rest_route=%2Fwp%2Fv2%2Fmedia&parent=13483"}],"wp:term":[{"taxonomy":"category","embeddable":true,"href":"https:\/\/www.unterstroemt.de\/index.php?rest_route=%2Fwp%2Fv2%2Fcategories&post=13483"},{"taxonomy":"post_tag","embeddable":true,"href":"https:\/\/www.unterstroemt.de\/index.php?rest_route=%2Fwp%2Fv2%2Ftags&post=13483"}],"curies":[{"name":"wp","href":"https:\/\/api.w.org\/{rel}","templated":true}]}}