{"id":13753,"date":"2019-01-27T17:36:26","date_gmt":"2019-01-27T16:36:26","guid":{"rendered":"https:\/\/www.unterstroemt.de\/?p=13753"},"modified":"2019-01-27T18:15:14","modified_gmt":"2019-01-27T17:15:14","slug":"interessantes-aus-kw-4-2019","status":"publish","type":"post","link":"https:\/\/www.unterstroemt.de\/?p=13753","title":{"rendered":"Interessantes aus KW 4\/2019"},"content":{"rendered":"<p>An dieser Stelle pr\u00e4sentieren wir regelm\u00e4\u00dfig Links, die wir unter der Woche entdeckt haben, zu denen wir selbst nicht mehr viel schreiben m\u00fcssen und die wir teilenswert finden. Viel Spa\u00df beim Lesen und Anschauen!<\/p>\n<p>1. Harald Schumann fasst in einem <a href=\"https:\/\/www.tagesspiegel.de\/politik\/union-vs-deutsche-umwelthilfe-diskreditieren-kriminalisieren-finanziell-austrocknen\/23884808.html?fbclid=IwAR0UzaFngn98rI4Mlriq8URxFko1MzEFyA9xFiGP449ftUhgCD1ke1Rh_iI\" target=\"_blank\" rel=\"noopener\">Kommentar f\u00fcr den Tagesspiegel<\/a> zusammen, was an den Vorw\u00fcrfen von CDU\/CSU und BILD gegen die Deutsche Umwelthilfe (DUH) eigentlich so dran ist. Fazit: nichts. Die DUH macht nichts anderes, als staatliche Vers\u00e4umnissen aufzuarbeiten, indem sie geltendes Recht einfordert, und bereichert sich auch nicht daran. Da es nun aber gegen des Deutschen liebstes Objekt, das Auto, geht, ziehen viele gern bei diesem substanzlosen Gezeter mit und machen sich so zum Verbalschergen der in Orb\u00e1n-Manier agierenden Unionsparteien. Ein weiteres Indiz daf\u00fcr, dass die Demokratie zusehends demontiert wird in Deutschland. [Karl]<\/p>\n<p>2. Der Umweltaktivist Bill McKibben beschreibt in einem <a href=\"https:\/\/www.blaetter.de\/archiv\/jahrgaenge\/2019\/januar\/der-schrumpfende-planet?fbclid=IwAR01_xzodGnIM5ugx_0zmgdWWPF_fUT2LFnSbXsR0Ysv_7kc7mOy_wEQO_0\" target=\"_blank\" rel=\"noopener\">Artikel in den <em>Bl\u00e4ttern f\u00fcr deutsche und internationale Politik<\/em><\/a>, wie sehr der Klimawandel bereits fortgeschritten ist und zunehmend Teile unserer Biosph\u00e4re unbewohnbar macht. Das Bild vom schrumpfenden Planeten ist daher ausgesprochen treffend gew\u00e4hlt. Das liest sich schon sehr erschreckend, wenngleich wir in hiesigen mitteleurop\u00e4ischen Breiten bisher noch ziemlich von den Auswirkungen verschont geblieben sind. Dennoch erscheint es wichtig, endlich einmal eine globale Perspektive einzunehmen. Es ist n\u00e4mlich schon deutlich sp\u00e4ter als f\u00fcnf vor zw\u00f6lf &#8230; [Karl]<\/p>\n<p>3. \u00dcber Frank Magnitz, den Bremer AfD-Politiker, der bundesweit von sich reden machte, weil er eine Schubsattacke zu einem politisch motivierten Mordanschlag hochstilisiert hat, nimmt es wohl generell nicht so genau mit der Wahrheit. Zumindest weist ein <a href=\"https:\/\/www.weser-kurier.de\/bremen\/buergerschaftswahl-2019_artikel,-frank-magnitz-ungeeignet-fuer-jedes-amt-_arid,1800523.html?fbclid=IwAR308BxQVvaWSpJl_ompqyW_-F4RfYdd6VeYzXOL_4PKpTvuvRAzg0_BvqA\" target=\"_blank\" rel=\"noopener\">Kommentar von J\u00fcrgen Theiner<\/a> im <em>Weserkurier<\/em> nach, dass Magnitz auch noch vor wenigen Wochen gelogen hat, als er zu seinen Ambitionen f\u00fcr die Bremer B\u00fcrgerschaftswahl gefragt wurde. Ein charakterlich f\u00fcr jede verantwortungsvolle Amt komplett ungeeigneter Typ &#8211; aber davon haben sie in der AfD ja eine Menge. [Karl]<\/p>\n<p>4. Unsere Zeit wird immer knapper, weil man dank Smartphone immer alles zur Hand hat: Einkaufsm\u00f6glichkeiten, Informationen, Termine und nat\u00fcrlich das reiche Spektrum an sozialen Kontaktm\u00f6glichkeiten (weit jenseits der Telefonie). Diesem letzten Thema widmete sich die vorletzte Ausgabe von\u00a0<em>Die Story<\/em> (<em>WDR<\/em>) in ihrer <a href=\"https:\/\/www1.wdr.de\/mediathek\/video\/sendungen\/die-story\/video-wie-uns-soziale-medien-abhaengig-machen-100.html\" target=\"_blank\" rel=\"noopener\">43-min\u00fctigen Sendung<\/a> mit Brennpunkt auf Facebook. [Dirk]<\/p>\n<p>5. In der gleichen Woche lief auch wieder die erste Folge von <em>Monitor<\/em> (<em>ARD<\/em>), und auch die hatte es in sich: Neben der Abschiebung von Schwangeren und Kranken direkt aus dem Krankenhaus und den ausbleibenden Ermittlungen im Fall Oury Jalloh geht es in einem <a href=\"http:\/\/mediathek.daserste.de\/Monitor\/Machtkalk\u00fcl-statt-Europ\u00e4ische-Werte-Die\/Video?bcastId=438224&amp;documentId=59494364\" target=\"_blank\" rel=\"noopener\">neunmin\u00fctigem Beitrag<\/a> um die Europ\u00e4ischen Werte und mit welchen Partnern deutsche Politiker diese verteidigen. Quer durch alle Gro\u00dfparteien geht es um Macht und Prestige, aber sicher nicht um Demokratie und Rechtsstaatlichkeit. Ich kann die ganze Sendung (<a href=\"http:\/\/mediathek.daserste.de\/Monitor\/Monitor-vom-17-01-2019\/Video?bcastId=438224&amp;documentId=59494284\" target=\"_blank\" rel=\"noopener\">31 Minuten<\/a>) w\u00e4rmstens empfehlen. [Dirk]<\/p>\n<p>6. Wie sehr lassen sich Journalisten und Politiker von einem Realtime-Format wie Twitter beeinflussen? In Bezug auf die Geschwindigkeit von Neuigkeiten und auch durch die Wirkung und Reaktionen von Tweets prominenter Akteure? Dieses Thema greift <em>ZAPP<\/em> (<em>NDR<\/em>) in einem <a href=\"https:\/\/www.ndr.de\/fernsehen\/sendungen\/zapp\/Wie-Journalisten-mit-Twitter-umgehen,zapp11640.html\" target=\"_blank\" rel=\"noopener\">sechseinhalbmin\u00fctigen Bericht<\/a> auf und fragt unter anderem beim Chefredakteur der <em>dpa<\/em> (<em>Deutsche Presse Agentur<\/em>) und einem Parlamentsreporter nach. Sollte ein solches Medium mehr als eine Inspirationsquelle sein? [Dirk]<\/p>\n<p>7. Die meisten Fl\u00fcchtlinge aus Afrika kommen nicht \u00fcber das Mittelmeer, sondern verteilen sich innerhalb des ausgebeuteten Kontinents. In der Sendereihe <em>Mit offenen Karten<\/em> (<em>arte<\/em>) liefert die <a href=\"https:\/\/www.arte.tv\/de\/videos\/067846-025-A\/mit-offenen-karten\/\" target=\"_blank\" rel=\"noopener\">zw\u00f6lfmin\u00fctige Folge<\/a> handfeste Einblicke und Zahlen. Nicht nur die Routen, sondern auch die Ursachen wie Armut, Konflikte und Klimawandel werden thematisiert und kurz und pr\u00e4zise aufbereitet. [Dirk]<\/p>\n<p>8. Nichts Neues von der steigenden Ungleichheit: Aus einer Oxfam-Studie geht laut einem <a href=\"https:\/\/www.sn.at\/wirtschaft\/welt\/superreiche-gewinnen-2-5-milliarden-dollar-pro-tag-64426792?fbclid=IwAR0JoZUUoxRMdT6W9gvHX7o7UXHmzJy_kctJX-wcA-6X50dc5Gj9vsRYYJA\" target=\"_blank\" rel=\"noopener\">Artikel in den <em>Salzburger Nachrichten<\/em><\/a> hervor, dass die Superreichen ihr Verm\u00f6gen rasant vermehren (insgesamt pro Tag um 2,5 Mrd. Dollar), w\u00e4hrend die \u00e4rmere H\u00e4lfte der Weltbev\u00f6lkerung jeden Tag 500 Mio. Dollar an Verm\u00f6gen verliert. Leider sind diejenigen, die von dieser Entwicklung profitieren, auch die, die mit ihrem vielen Geld Politik und Medien beeinflussen und kontrollieren, sodass sich hieran wohl eher nichts \u00e4ndern wird. [Karl]<\/p>\n<p>9. Ein <a href=\"https:\/\/www.watson.ch\/!201849141?utm_medium=email&amp;utm_source=newsletter&amp;utm_campaign=20190121&amp;fbclid=IwAR0p-mD60XTVy8z3gDjyJUAI87JqSnVTmzsJ1hHqkWYuLLb8_jgx7-zMHVg\" target=\"_blank\" rel=\"noopener\">Artikel auf dem Schweizer Portal <em>Watson<\/em><\/a> berichtet von Steve Bannons neusten Aktivit\u00e4ten in Europa. Der ehemalige Trump-Berater, Rechtsradikale und Klimawandelleugner will nun in Italien eine ultrakonservative bis rechtsextreme Akademie in einem alten Kloster gr\u00fcnden, in der dann seine Hassbotschaften und seine kranke Weltsicht wissenschaftlich verbr\u00e4mt in junge K\u00f6pfe eingetrichtert werden. So will Bannon den Einfluss seiner Rechtsau\u00dfenbewegung &#8222;The Movement&#8220; st\u00e4rken. Genau so was brauchen wir zurzeit ja nun wirklich nicht &#8230; [Karl]<\/p>\n<p>10. Mit einer geh\u00f6rigen, aber durchaus angebrachten Portion Polemik betrachtet Roberto J. De Lapuente in einem <a href=\"https:\/\/www.neulandrebellen.de\/2019\/01\/das-volk-und-die-da-oben-30-jahre-spaeter\/?fbclid=IwAR2omcYBjgBvYgGzfMvIsDxfeSmqf-1MNgbBZaHOI04_XhZsK5XF-6mTjgU\" target=\"_blank\" rel=\"noopener\">Artikel auf <em>neulandrebellen<\/em><\/a> unsere heutige Politelite, der ja immer \u00f6fter nachgesagt wird, so weit von der normalen Bev\u00f6lkerung entfremdet zu sein wie seinerzeit die politische F\u00fchrung am Ende der DDR. Allerdings kommt De Lapuente zu dem Schluss, dass das so nicht ganz stimmt, denn unser heutiges Politpersonal ist doch noch ein ganzes St\u00fcck weiter weg von dem, was die Menschen im Lande umtreibt, und vagabundiert in seiner eigenen gut abgeschlossenen Blase umher. Das erkl\u00e4rt nat\u00fcrlich einiges &#8230; [Karl]<\/p>\n<p>11. Mal wieder eine lesenswerte <a href=\"http:\/\/www.spiegel.de\/kultur\/gesellschaft\/tempolimit-und-gender-maennlichkeit-am-limit-a-1249258.html\" target=\"_blank\" rel=\"noopener\">Kolumne von Margarete Stokowski<\/a> auf <em>Spiegel Online<\/em>! Dieses Mal besch\u00e4ftigt sie sich mit der zerbrechlichen M\u00e4nnlichkeit, die aufgrund dieser Fragilit\u00e4t st\u00e4ndig Symbole braucht, die dann auch mit aller H\u00e4rte verteidigt werden. Ob das nun Raserei auf Autobahnen, Geb\u00f6ller zu Silvester oder Fleischfresserei ist &#8211; wer hieran Hand anlegen oder Ver\u00e4nderungen herbeif\u00fchren m\u00f6chte, wird sofort als Gegner der Freiheit stigmatisiert. Das w\u00e4re im Grunde eigentlich hochgradig l\u00e4cherlich, wenn es nicht ein so weit verbreitetes Denkschema in unserer Gesellschaft w\u00e4re und durch \u00fcberwiegend m\u00e4nnlich dominierte Medien auch immer noch gest\u00fctzt w\u00fcrde. [Karl]<\/p>\n<p>12. Passend zum vorherigen Hinweis: Gewalt gegen Frauen von deren Lebenspartnern ist leider allt\u00e4glich, alle zwei bis drei Tage stirbt eine Frau sogar deswegen. Was dagegen helfen kann, sind Frauenh\u00e4user, doch deren Pl\u00e4tze sind, wie ein etwa sechsmin\u00fctiger <a href=\"https:\/\/daserste.ndr.de\/panorama\/archiv\/2019\/Kein-Schutz-wie-Deutschland-verpruegelte-Frauen-im-Stich-laesst,frauenhaus180.html?fbclid=IwAR3ow9fUGyed8O2NdoscsOmfsN2JOZeuKPN-3usQVo7vza5LSFOhVrrQGeE\" target=\"_blank\" rel=\"noopener\">Bereich der <em>ARD<\/em>-Sendung <em>panorama<\/em><\/a> aufzeigt, arg limitiert und viel zu wenig, um dem leider vorhandenen Bedarf gerecht zu werden. Hier wird mal wieder, und das auf lebensgef\u00e4hrliche Art und Weise, an den \u00c4rmsten im Land gespart. [Karl]<\/p>\n<p>13. Ich glaube, es hackt! Die Waffenschmiede Rheinmetall droht laut einer <a href=\"https:\/\/www.fr.de\/politik\/rheinmetall-verlangt-schadenersatz-11414617.html\" target=\"_blank\" rel=\"noopener\">Meldung der <em>Frankfurter Rundschau<\/em><\/a> der Bundesregierung mit einer Klage wegen entgangener Ums\u00e4tze, weil diese nach dem Mord an dem Journalisten Jamal Khashoggi Waffenlieferungen an die Kopf-ab-Monarchie Saudi-Arabien, die zudem gerade den Jemen in Schutt und Asche legt, erst mal untersagt hat. Da zeigt sich die Amoralit\u00e4t von R\u00fcstungskonzernen in ihrer ganzen Widerw\u00e4rtigkeit. Und so ganz am Rande erf\u00e4hrt man, dass eine Wirtschaftsdelegation unter F\u00fchrung von Peter Ramsauer (CSU) bereits wieder in Saudi-Arabien unterwegs ist, um ein bisschen auf gut Wetter zu machen. Sch\u00e4big! [Karl]<\/p>\n<p>14. Und um solche miesen Klagen von Konzernen zu verhindern, formiert sich gerade recht breiter Protest, wie aus einem <a href=\"http:\/\/www.taz.de\/!5564167\/?fbclid=IwAR1KcSp_TEefG5RJ45jTxfWe5vQG-3-5xXExzwbZPkpVvxZzunCyMpk1w3c\" target=\"_blank\" rel=\"noopener\">Artikel in der <em>taz<\/em><\/a> hervorgeht: 150 NGOs fordern die EU auf, Schiedsgerichte, die nur Konzernen offenstehen und an denen diese Staaten wegen entgangener Gewinne verklagen k\u00f6nnen, aus Handelsabkommen zu streichen. Dar\u00fcber hinaus wird verlangt, dass Konzerne juristisch belangt werden k\u00f6nnen, wenn sie oder ihre Zulieferer gegen Menschenrechte versto\u00dfen. Letzteres sollte eigentlich eine Selbstverst\u00e4ndlichkeit sein &#8211; das es das noch nicht ist, zeigt, wie sehr Konzerne unsere Wirtschaftspolitik dominieren. [Karl]<\/p>\n<p>15. Wenig \u00dcberraschendes vom faschistischen Pr\u00e4sidenten Brasiliens Jair Bolsonaro und seiner Sippe berichtet ein <a href=\"https:\/\/amerika21.de\/2019\/01\/220711\/bolsonaro-und-mord-marielle-franco\" target=\"_blank\" rel=\"noopener\">Artikel auf <em>amerika21<\/em><\/a>: Diese pflegt n\u00e4mlich, was bei Rechtsextremen ja durchaus \u00fcblich ist, sehr gute Beziehungen ins kriminelle Milieu. So hat der j\u00fcngst zum Senator gew\u00e4hlte Sohn Fl\u00e1vio die Ehefrau und Mutter eines ehemaligen Polizisten und Auftragsm\u00f6rders, der auch in den Mordfall an der linken Stadtr\u00e4tin Marielle Franco verwickelt ist, besch\u00e4ftigt. Die Mutter hat zudem illegale Finanztransaktionen f\u00fcr Fl\u00e1vio Bolsonaro abgewickelt. Und sch\u00e4bigerweise beruft sich Bolsonaro nun auf genau die Abgeordnetenimmunit\u00e4t, gegen die er und sein Vater seit Jahren immer gewettert haben, weil dies angeblich korrupte Politiker sch\u00fctzen w\u00fcrde. Ach was &#8230; [Karl]<\/p>\n<p>16. Verlogen Politiker haben wir allerdings auch in Deutschland, so zum Beispiel Bundeslandwirtschaftsministerin Julia Kl\u00f6ckner (CDU). Der <a href=\"https:\/\/blog.ard-hauptstadtstudio.de\/faktencheck-die-ministerin-und-die-ferkelkastration\/?fbclid=IwAR2uVHRdEerhIP0QshGPlg46YDFYMpKVU8fp14pp2ErxbknirFQkRTRBu4o\" target=\"_blank\" rel=\"noopener\"><em>ARD<\/em>-Faktencheck<\/a> zeigt n\u00e4mlich auf, dass sie zum Thema bet\u00e4ubungslose Ferkelkastration einfach das Blaue vom Himmel herunterl\u00fcgt, um dieses barbarische Verfahren zu rechtfertigen, welches die industrielle Tierhaltung freut, f\u00fcr die Ferkel und alle Menschen mit ein wenig ethischem Empfinden jedoch ein Gr\u00e4uel ist. Ach, w\u00e4re sie doch Weink\u00f6nigin geblieben, da h\u00e4tte sie nicht so viel Schaden anrichten k\u00f6nnen. [Karl]<\/p>\n<p>17. Neue Unglaublichkeiten gibt es mal wieder von der rechtsextremen FP\u00d6, die in \u00d6sterreich ja als Koalitionspartner von Kanzler Kurz&#8216; \u00d6VP fungiert, zu berichten: Laut einem <a href=\"https:\/\/derstandard.at\/2000096888042\/Kickl-stellt-Menschenrechtskonvention-in-Frage?fbclid=IwAR0XzK22OMN6yNyMJXzhif8ec1g2KiURYXzkVHHJbTjVbsUHY5Z71wrp9qc\" target=\"_blank\" rel=\"noopener\">Artikel von <em>Der Standard<\/em><\/a> stellte der Innenminister Herbert Kickl in einem ORF-Interview einfach mal so die Europ\u00e4ische Menschenrechtskonvention (&#8222;irgendwelche seltsamen rechtlichen Konstruktionen&#8220;) und das Prinzip der Rechtsstaats (&#8222;Das Recht hat der Politik zu folgen und nicht die Politik dem Recht&#8220;) infrage. Untragbar, der Typ, der zumindest von vielen Seiten eins auf den Deckel bekommen hat f\u00fcr seine Aussage &#8211; allerdings auch von seinen eigenen Parteispie\u00dfgesellen Unterst\u00fctzung erf\u00e4hrt. [Karl]<\/p>\n<p>18. Dass ums \u00d6l Kriege gef\u00fchrt werden, ist ja schon seit Jahrzehnten eine traurige Tatsache. Nun k\u00f6nnten aber in der n\u00e4chsten Zeit Konflikte um ein ganz anderes Gut hinzukommen: ums Wasser. Ein <a href=\"https:\/\/www.watson.ch\/!828626344?utm_medium=email&amp;utm_source=newsletter&amp;utm_campaign=20190123&amp;fbclid=IwAR0cuSLqyzh7q_B-7ZgNNOg9WiWDLmD5PtB5ZTFGsgYW5yPZNjlyba804wg\" target=\"_blank\" rel=\"noopener\">Artikel auf <em>Watson<\/em><\/a> zeigt vier potenzielle Krisenherde in Asien und Afrika auf, bei denen es schon jetzt Spannungen bez\u00fcglich der Wasserversorgung gibt, die, zumal in Zeiten von zunehmenden D\u00fcrren aufgrund des Klimawandels, schon bald milit\u00e4risch eskalieren k\u00f6nnten. Besorgnis erregend! [Karl]<\/p>\n<p>19. Zum Schluss ein bisschen was Hoffnungsfrohes: In Deutschland etabliert sich gerade eine Sch\u00fclerbewegung, die nach dem Vorbild der Schwedin Greta Thunberg immer freitags f\u00fcr mehr Klimaschutz demonstriert, statt zur Schule zu gehen. Ein <a href=\"https:\/\/www.zeit.de\/campus\/2019-01\/klimawandel-fridays-for-future-schuelerstreik-schule-schwaenzen-berlin\" target=\"_blank\" rel=\"noopener\">Artikel auf <em>Zeit Online<\/em><\/a> stellt einige der Organisatoren und Teilnehmer vor, beschreibt die Demo in Berlin und wie die Kids Bundeswirtschaftsminister Peter Altmaier abblitzen lie\u00df. Auch in anderen deutschen und europ\u00e4ischen St\u00e4dten nimmt die Bewegung Fahrt auf. Hoffen wir mal, dass das kein kurzfristiges Ph\u00e4nomen ist, sondern ein l\u00e4ngerfristiges Zeichen f\u00fcr die dringend notwendige Politisierung junger Menschen! [Karl]<\/p>\n","protected":false},"excerpt":{"rendered":"<p>An dieser Stelle pr\u00e4sentieren wir regelm\u00e4\u00dfig Links, die wir unter der Woche entdeckt haben, zu denen wir selbst nicht mehr viel schreiben m\u00fcssen und die wir teilenswert finden. Viel Spa\u00df beim Lesen und Anschauen!<\/p>\n","protected":false},"author":5,"featured_media":0,"comment_status":"open","ping_status":"open","sticky":false,"template":"","format":"standard","meta":{"footnotes":""},"categories":[193],"tags":[],"class_list":["post-13753","post","type-post","status-publish","format-standard","hentry","category-woechentliches"],"_links":{"self":[{"href":"https:\/\/www.unterstroemt.de\/index.php?rest_route=\/wp\/v2\/posts\/13753","targetHints":{"allow":["GET"]}}],"collection":[{"href":"https:\/\/www.unterstroemt.de\/index.php?rest_route=\/wp\/v2\/posts"}],"about":[{"href":"https:\/\/www.unterstroemt.de\/index.php?rest_route=\/wp\/v2\/types\/post"}],"author":[{"embeddable":true,"href":"https:\/\/www.unterstroemt.de\/index.php?rest_route=\/wp\/v2\/users\/5"}],"replies":[{"embeddable":true,"href":"https:\/\/www.unterstroemt.de\/index.php?rest_route=%2Fwp%2Fv2%2Fcomments&post=13753"}],"version-history":[{"count":15,"href":"https:\/\/www.unterstroemt.de\/index.php?rest_route=\/wp\/v2\/posts\/13753\/revisions"}],"predecessor-version":[{"id":13787,"href":"https:\/\/www.unterstroemt.de\/index.php?rest_route=\/wp\/v2\/posts\/13753\/revisions\/13787"}],"wp:attachment":[{"href":"https:\/\/www.unterstroemt.de\/index.php?rest_route=%2Fwp%2Fv2%2Fmedia&parent=13753"}],"wp:term":[{"taxonomy":"category","embeddable":true,"href":"https:\/\/www.unterstroemt.de\/index.php?rest_route=%2Fwp%2Fv2%2Fcategories&post=13753"},{"taxonomy":"post_tag","embeddable":true,"href":"https:\/\/www.unterstroemt.de\/index.php?rest_route=%2Fwp%2Fv2%2Ftags&post=13753"}],"curies":[{"name":"wp","href":"https:\/\/api.w.org\/{rel}","templated":true}]}}