{"id":13894,"date":"2019-02-13T17:12:30","date_gmt":"2019-02-13T16:12:30","guid":{"rendered":"https:\/\/www.unterstroemt.de\/?p=13894"},"modified":"2019-02-21T18:30:28","modified_gmt":"2019-02-21T17:30:28","slug":"wenn-polizisten-den-rechtsstaat-als-hinderlich-bezeichnen","status":"publish","type":"post","link":"https:\/\/www.unterstroemt.de\/?p=13894","title":{"rendered":"Wenn Polizisten den Rechtsstaat als hinderlich bezeichnen &#8230;"},"content":{"rendered":"<p>&#8230; dann sollte man hellh\u00f6rig werden, finde ich.<\/p>\n<p>So geschehen gerade in Form einer \u00c4u\u00dferung gegen\u00fcber der BILD, die der Bundespolizist Manuel Ostermann t\u00e4tigte:<\/p>\n<blockquote><p>Ich w\u00fcrde unseren Rechtsstaat nie in Frage stellen, aber bei Abschiebungen ist er teilweise hinderlich.<\/p><\/blockquote>\n<p>(Quelle:<a href=\"https:\/\/www.jungewelt.de\/bibliothek\/zitat\/?author=Manuel%20Ostermann\" target=\"_blank\" rel=\"noopener\"> junge Welt<\/a>, um nicht auf BILD zu verlinken)<\/p>\n<p>Daran anschlie\u00dfend meinte Ostermann:<\/p>\n<blockquote><p>Wir k\u00f6nnen viel besser werden. Die L\u00f6sungen sind einfach. Aber wir m\u00fcssen endlich anfangen damit! Es ist f\u00fcnf nach zw\u00f6lf.<\/p><\/blockquote>\n<p>Tja, wenn es also f\u00fcr einen Polizisten f\u00fcnf nach zw\u00f6lf deswegen ist, weil man sich nicht schnell genug Hilfesuchender entledigen kann, dann ist das ja schon mal eine Ansage &#8211; vor allem wenn er deswegen doch tats\u00e4chlich den Rechtsstaat infrage stellt, auch wenn er vorgibt, das nicht machen zu wollen.<\/p>\n<p>Ist ungef\u00e4hr genauso wie die ganzen Rechten, die ihre Aussagen mit &#8222;Ich bin ja kein Rassist, aber &#8230;&#8220; oder &#8222;Ich bin ja kein Nazi, aber &#8230;&#8220; beginnen, nur um dann rassistisches Zeug oder eben Nazi-Sprech folgen zu lassen.<\/p>\n<p>Es wird immer offensichtlicher, dass unsere Polizei nicht nur vom allgemeinen Rechtsruck genauso betroffen ist wie der Rest der Deutschen, sondern dass sich dort mittlerweile offen gegen den Rechtsstaat ge\u00e4u\u00dfert wird.<\/p>\n<p>Ob das Sanktionen gibt? Ich sch\u00e4tze mal, nicht, so wie die Polizei eben tickt. Ich finde den Zustand allerdings unhaltbar, dass Leute wie dieser Ostermann das Gewaltmonopol des Staates vertreten, ohne dessen rechtsstaatliche Grundlagen zu akzeptieren. Wenn es also nach mir ginge, m\u00fcsste der augenblicklich suspendiert werden.<\/p>\n<p>Aber das d\u00fcrfte wohl leider nur ein frommer Wunsch bleiben &#8230;<\/p>\n","protected":false},"excerpt":{"rendered":"<p>&#8230; dann sollte man hellh\u00f6rig werden, finde ich.<\/p>\n","protected":false},"author":3,"featured_media":0,"comment_status":"open","ping_status":"open","sticky":false,"template":"","format":"standard","meta":{"footnotes":""},"categories":[56,50,52],"tags":[135,288,622],"class_list":["post-13894","post","type-post","status-publish","format-standard","hentry","category-kurz-knapp","category-politisches","category-soziales","tag-polizei","tag-rechtsruck","tag-rechtsstaat"],"_links":{"self":[{"href":"https:\/\/www.unterstroemt.de\/index.php?rest_route=\/wp\/v2\/posts\/13894","targetHints":{"allow":["GET"]}}],"collection":[{"href":"https:\/\/www.unterstroemt.de\/index.php?rest_route=\/wp\/v2\/posts"}],"about":[{"href":"https:\/\/www.unterstroemt.de\/index.php?rest_route=\/wp\/v2\/types\/post"}],"author":[{"embeddable":true,"href":"https:\/\/www.unterstroemt.de\/index.php?rest_route=\/wp\/v2\/users\/3"}],"replies":[{"embeddable":true,"href":"https:\/\/www.unterstroemt.de\/index.php?rest_route=%2Fwp%2Fv2%2Fcomments&post=13894"}],"version-history":[{"count":4,"href":"https:\/\/www.unterstroemt.de\/index.php?rest_route=\/wp\/v2\/posts\/13894\/revisions"}],"predecessor-version":[{"id":13977,"href":"https:\/\/www.unterstroemt.de\/index.php?rest_route=\/wp\/v2\/posts\/13894\/revisions\/13977"}],"wp:attachment":[{"href":"https:\/\/www.unterstroemt.de\/index.php?rest_route=%2Fwp%2Fv2%2Fmedia&parent=13894"}],"wp:term":[{"taxonomy":"category","embeddable":true,"href":"https:\/\/www.unterstroemt.de\/index.php?rest_route=%2Fwp%2Fv2%2Fcategories&post=13894"},{"taxonomy":"post_tag","embeddable":true,"href":"https:\/\/www.unterstroemt.de\/index.php?rest_route=%2Fwp%2Fv2%2Ftags&post=13894"}],"curies":[{"name":"wp","href":"https:\/\/api.w.org\/{rel}","templated":true}]}}