{"id":14028,"date":"2019-03-03T15:42:12","date_gmt":"2019-03-03T14:42:12","guid":{"rendered":"https:\/\/www.unterstroemt.de\/?p=14028"},"modified":"2019-03-03T15:45:30","modified_gmt":"2019-03-03T14:45:30","slug":"interessantes-aus-kw-9-2019","status":"publish","type":"post","link":"https:\/\/www.unterstroemt.de\/?p=14028","title":{"rendered":"Interessantes aus KW 9\/2019"},"content":{"rendered":"<p>An dieser Stelle pr\u00e4sentieren wir regelm\u00e4\u00dfig Links, die wir unter der Woche entdeckt haben, zu denen wir selbst nicht mehr viel schreiben m\u00fcssen und die wir teilenswert finden. Viel Spa\u00df beim Lesen und Anschauen!<\/p>\n<p>1. Es kommt immer dicker, was in der Bundeswehr so alles falsch l\u00e4uft zurzeit: So berichtet ein <a href=\"https:\/\/www.heise.de\/tp\/features\/Vertraege-der-Bundeswehr-verbieten-ihr-das-Reparieren-von-Waffen-4317035.html?fbclid=IwAR13syrf1JgSAgH7RbXAZ16QZSeSzpeBnReg9ANcHPe1ilJ1QZoy4J5-5kk\" target=\"_blank\" rel=\"noopener\">Artikel auf <em>Telepolis<\/em><\/a>, dass eine Kleine Anfrage der Linksfraktion ans Bundesverteidigungsministerium ergeben hat, dass beim deutschen Milit\u00e4r umfassende Selbstreparaturverzichtserkl\u00e4rungen mit den Waffenherstellern abgeschlossen wurden, sodass nun f\u00fcr jeden Defekt externe Experten herangezogen werden m\u00fcssen. Das kostet nicht nur viel Geld, sondern f\u00fchrt auch dazu, dass viele Ger\u00e4te nicht einsatzf\u00e4hig sind. Unglaublich, was unter der komplett unf\u00e4higen Ursula von der Leyen (CDU) da f\u00fcr eine Misswirtschaft betrieben wird! Aber Hauptsache, mehr Geld f\u00fcr R\u00fcstung ausgeben &#8230; [Karl]<\/p>\n<p>2. Keine Woche, ohne Uns\u00e4gliches von der AfD: Ein <a href=\"https:\/\/www.derwesten.de\/panorama\/hunde-sterben-fuer-den-islam-afd-macht-mit-skurriler-behauptung-wahlkampf-id216528191.html?fbclid=IwAR1cHMy783-K5V8Mk3Z5cEoF82Wai6Is7Z2kQh8XIIJGVaz9S7nA_u0OpW0\" target=\"_blank\" rel=\"noopener\">Artikel auf <em>Der Westen<\/em><\/a> berichtet \u00fcber eine neue Hetzkampagne der Rechtsradikalen in den sozialen Medien, bei der Tierfreunde angesprochen werden. Es wird n\u00e4mlich einfach behauptet, dass Hunde f\u00fcr den radikalen Islam sterben w\u00fcrden. \u00a0Klingt absurd? Ist es auch, denn die AfD benutzt f\u00fcr diese Botschaft einen Vorfall von vor einem Jahr, bei dem ein Syrer w\u00e4hrend eines Streits einen Hund aus dem Fenster des dritten Stocks geworfen hat. Schlimm, in der Tat, aber der Mann wurde bereits daf\u00fcr verurteilt, und zudem besteht kein Grund, so was dann zu verallgemeinern. Au\u00dfer, wenn man mal wieder ein bisschen plump hetzen und dem grenzdebilen Anhang Futter liefern m\u00f6chte. [Karl]<\/p>\n<p>3. Tja, so l\u00e4uft das bei der FDP: Gib denen Geld, dann bekommst Du eine politische Gegenleistung. Wie dreist diese offensichtliche Art der Korruption mittlerweile praktiziert wird, geht aus einem <a href=\"https:\/\/www.ksta.de\/politik\/vergabe-von-projekt-nrw-schulministerin-gebauer-geraet-unter-druck-32102382\" target=\"_blank\" rel=\"noopener\">Artikel im <em>K\u00f6lner Stadt-Anzeiger<\/em><\/a> hervor: Da hat eine FDP-nahe Unternehmerin 2017 der Partei 51.000 Euro gespendet, daf\u00fcr bekommt ihr Unternehmen nun einen lukrativen Auftrag von NRW-Schulministern Yvonne Gebauer (nat\u00fcrlich FDP) in H\u00f6he von 600.000 Euro zugeschanzt &#8211; ohne solche l\u00e4stigen Dinge wie Ausschreibungsverfahren zu ber\u00fccksichtigen. Wie korrumpiert kann man eigentlich sein als Politiker? [Karl]<\/p>\n<p>4. Der Bundesfinanzhof hat in einem Urteil entschieden, dass die globalisierungskritische NGO Attac nicht gemeinn\u00fctzig sei. Das hat f\u00fcr Attac fiese Folgen, da nun Spenden nicht mehr steuerlich geltend gemacht werden k\u00f6nnen, was viele Spender abschrecken d\u00fcrfte. F\u00fcr dieses offensichtlich politisch motivierte und die Demokratie gef\u00e4hrdende Urteil hagelt es reichlich berechtigte Kritik, so zum Beispiel von <a href=\"https:\/\/www.sueddeutsche.de\/politik\/gemeinnuetzigkeit-die-entscheidung-gegen-attac-ist-ein-schlechter-witz-1.4346665\" target=\"_blank\" rel=\"noopener\">Heribert Prantl in der <em>S\u00fcddeutschen Zeitung<\/em><\/a>, von <a href=\"https:\/\/taz.de\/!5576860\/?fbclid=IwAR0cUXmkYe24vymyy416B6v2PwBzOY6iQRPIZLdTJN6mdpCHIoep-oVhfpc\" target=\"_blank\" rel=\"noopener\">Ingo Arzt in der <em>taz<\/em><\/a>, von <a href=\"https:\/\/www.tagesspiegel.de\/politik\/bundesfinanzhof-ein-alarmierender-angriff-auf-attac\/24042124.html?fbclid=IwAR3NriKtvXeUZJpScUXp8XKUTazm6xcP8IM94udjuUgV5KAK8ph6Kjq6HkE&amp;utm_referrer=https%3A%2F%2Fwww.google.com%2F\" target=\"_blank\" rel=\"noopener\">Caroline Fetscher im <em>Tagesspiegel<\/em><\/a> und von <a href=\"https:\/\/www.deutschlandfunkkultur.de\/aufhebung-der-gemeinnuetzigkeit-hier-geht-es-um-mehr-als-um.996.de.html?dram%3Aarticle_id=442172&amp;fbclid=IwAR21CIoXZt8ReArdVSv0JoRQa2WU4ZecggWHBVweHMd465BnK0bum6CptNM\" target=\"_blank\" rel=\"noopener\">Michael Watzke im <em>Deutschlandfunk<\/em><\/a>. Bleibt zu hoffen, dass das Bundesverfassungsgericht dieses Skandalurteil schnell wieder kippt, bevor so noch weitere unliebsame Organisationen au\u00dfer Gefecht gesetzt werden sollen. [Karl]<\/p>\n<p>5. Und schon wieder besteht ein berechtigter Verdacht von Rechtsextremismus bei der hessischen Polizei. Wie aus einer <a href=\"https:\/\/www.op-online.de\/hessen\/main-kinzig-kreis-ort29017\/schluechtern-volksverhetzung-deutschland-hessenfahne-polizeistation-falsch-gehisst-11804838.html?fbclid=IwAR2cqHaRl-3prfL_Mv2teL55brKbpmnahGdmH2ieA4z2CMCfE2sP7kc5EBU\" target=\"_blank\" rel=\"noopener\">Meldung von <em>op-online.d<\/em>e<\/a> hervorgeht, wurden im osthessischen Schl\u00fcchtern die Deutschland- und die Hessenfahne am Holocaust-Gedenktag vor einem Polizeirevier falsch herum gehisst. Das d\u00fcrfte zum einen kaum Zufall gewesen sein und ist f\u00fcr Leute, denen Fahnen wichtig sind, zudem eine klar Ansage der Ablehnung. [Karl]<\/p>\n<p>6. Und noch was zur Polizei und Rechtsextremen: Laut einer <a href=\"http:\/\/www.spiegel.de\/politik\/deutschland\/nuernberg-polizei-laesst-rechtsextreme-auf-reichsparteitagsgelaende-marschieren-a-1255216.html\" target=\"_blank\" rel=\"noopener\">Meldung auf <em>Spiegel Online<\/em><\/a> haben einige Rechtsextremisten auf dem Reichsparteitagsgel\u00e4nde in N\u00fcrnberg einen Fackelmarsch abgehalten, diesen gefilmt und das Ganze dann zu Propagandazwecken im Internet verbreitet. Das Brisante daran: Die rechte Truppe wurde auf dem Weg dorthin von der Polizei angehalten, aber bekam nur einen Platzverweis f\u00fcr die Gegend rund um ein Asylbewerberheim ausgesprochen &#8211; man habe die Lage falsch eingesch\u00e4tzt. Schon auff\u00e4llig, wie oft sich die Polizei Fehler und Falscheinsch\u00e4tzungen bei Rechtsradikalen leistet &#8230; [Karl]<\/p>\n<p>7. Doch nicht nur bei Rechtsextremisten &#8222;versagt&#8220; die Polizei, sondern auch im Kindermissbrauchsfall vom Campingplatz im nordrhein-westf\u00e4lischen L\u00fcdge, auf den wir schon letzte Wochen hingewiesen haben, kommen immer neue &#8222;Pannen&#8220; ans Tageslicht. So hat eine 15-J\u00e4hrige mit ihrer Mutter schon im Fr\u00fchjahr 2018 Anzeige aufgrund einer Vergewaltigung erstattet, die Aussagen wurden auch aufgenommen, dann wurden die Ermittlungen allerdings pl\u00f6tzlich eingestellt, wie aus einem <a href=\"https:\/\/www.sueddeutsche.de\/panorama\/missbrauchsfall-luegde-verdaechtiger-anzeige-1.4345437?sc_lid=62891864&amp;sc_src=email_562685&amp;utm_medium=email&amp;sc_uid=mvIK3yo8CP&amp;sc_llid=41158&amp;utm_content=www.sz.de%2F1.4345437&amp;utm_source=emarsys&amp;utm_campaign=Espresso+am+Morgen+26.02.2019&amp;fbclid=IwAR3zSHbf0VC1a2vPlbICWc6IYweLN9BOSQbPeEzQZ5KFkLCe2iRjuEOP-T8\" target=\"_blank\" rel=\"noopener\">Artikel in der <em>S\u00fcddeutschen Zeitung<\/em><\/a> hervorgeht. F\u00fcr mich sieht das so aus, als ob dort von der Polizei Dinge verschleiert und T\u00e4ter in den Schutz genommen werden. [Karl]<\/p>\n<p>8. Ein <a href=\"https:\/\/ze.tt\/ich-zeige-dass-bautzen-nicht-nur-braun-ist-warum-rechte-eine-demo-gegen-diese-frau-planen\/?utm_term=facebook_zonaudev_int&amp;wt_zmc=sm.int.zonaudev.facebook.ref.zeitde.redpost_zon.link.sf&amp;utm_source=facebook_zonaudev_int&amp;utm_content=zeitde_redpost_zon_link_sf&amp;utm_campaign=ref&amp;utm_medium=sm&amp;fbclid=IwAR34rjZaglDHnEImsS6Df5agzYOXfe8_NXUXV9MBArMazUF6ZEXlhDGSMHc\" target=\"_blank\" rel=\"noopener\">Artikel auf <em>ze.tt<\/em><\/a> befasst sich mit Annalena Schmidt. Die Bloggerin lebt seit einiger Zeit in Bautzen und positioniert sich dort eindeutig gegen Rechts, was ihr viele Feindseligkeiten eingebracht hat. Nun ist sogar eine Demonstration eines ehemaligen NPDlers geplant, die sich explizit gegen Schmidt und ihre Stadtratskandidatur f\u00fcr die Gr\u00fcnen richtet. Dabei ist solches Engagement mit Haltung, wie Schmidt es praktiziert, gerade extrem wichtig. Wenn man dann allerdings auch liest, dass sie es mittlerweile aufgegeben hat, Beleidigungen und Drohungen gegen sich zur Anzeige zu bringen, da dies ohnehin nichts bringe, dann sieht man auch, dass das leider auch ein Kampf gegen Windm\u00fchlen ist. [Karl]<\/p>\n<p>9. In einem <a href=\"https:\/\/taz.de\/!5572372\/?fbclid=IwAR1-zyXEOiU-5K29mMgT4rrM-MuHdZS9-rwf52wPWDs8BHBQoC_unpXkiy4\" target=\"_blank\" rel=\"noopener\">Kommentar f\u00fcr die <em>taz<\/em><\/a> besch\u00e4ftigt sich Ingo Arzt mit rechten Klimawandelleugnern. Interessant daran ist vor allem, dass er aufzeigt, warum Rechte den Klimawandel nicht akzeptieren k\u00f6nnen und er eben nicht in ihr Weltbild passt: Zum einen muss dagegen global und nicht national agiert werden, es ist also ein Denken in der Kategorie &#8222;Menschheit&#8220; und nicht &#8222;Volk&#8220; notwendig. Zum anderen offenbart der Klimawandel, dass westliche Industriestaaten, also &#8222;wir&#8220;, schon lange und immer noch auf Kosten der Menschen im globalen S\u00fcden leben &#8211; die uns ja in rechter Ideologie etwas wegnehmen wollen und nicht umgekehrt von uns bestohlen werden. [Karl]<\/p>\n<p>10.\u00a0Wenn kriminellen Bankster, die uns alle mit Cum-Ex-Deals um etliche Milliarden betrogen haben, dann selbst leitende Posten bei den Gremien bekommen, die solche Deals beaufsichtigen und unterbinden sollen, dann zeigt sich, dass das ganze finanzindustrielle System hochgradig korrumpiert ist.\u00a0Elisabeth Roegele war als Chefsyndika der Dekabank mittendrin in diesen verbrecherischen Gesch\u00e4ften, hat sogar im Namen ihrer Bank eine Klage angestrebt, um die Gelder zur\u00fcckzuerhalten, die nie bezahlt wurden.\u00a0Nun ist sie, wie ein <a href=\"https:\/\/www.handelsblatt.com\/finanzen\/banken-versicherungen\/cum-ex-steuerskandal-bafin-vizepraesidentin-verteidigte-in-ihrem-frueheren-job-umstrittene-aktiendeals\/24049784.html?fbclid=IwAR2TJL4zn5Wg1sTveHQ7ogmzMa2GqxtW2XCiOfrmOnYjRuRRrb-a_ihaxtw\" target=\"_blank\" rel=\"noopener\">Artikel im <em>Handelsblatt<\/em><\/a> berichtet, Vizepr\u00e4sidentin der Bankenaufsicht Bafin &#8211; und wenig \u00fcberraschend bei den &#8222;Kollegen&#8220; aus der Finanzbranche sehr beliebt.\u00a0Kann man sich nicht ausdenken, oder? [Karl]<\/p>\n<p>11. Kerstin Hensel beschreibt in einem viermin\u00fctigen <a href=\"https:\/\/www.deutschlandfunkkultur.de\/bauer-sucht-bachelor-und-anderer-trash-the-show-must-go-down.1005.de.html?dram%3Aarticle_id=442318&amp;fbclid=IwAR1M2CbsqByx2f7-tdu0NbEKsABCahFpzuiNrL2Hgf-27YX_Rfy9o7h2nJA\" target=\"_blank\" rel=\"noopener\">Kommentar auf <em>Deutschlandfunk Kultur<\/em><\/a> (liegt auch in transkribierter Form vor), was Trash-TV mit den Zuschauern anstellt. Und das ist nichts Gutes, denn so werden Eigenschaften wie Geh\u00e4ssigkeit, \u00dcberheblichkeit und Voyeurismus gef\u00f6rdert, und das oft auf Kosten von Menschen, die sich f\u00fcr wenig Geld und falsche Versprechungen in den Sendungen exhibitionieren und so oft genug der L\u00e4cherlichkeit preisgeben. Das pr\u00e4gt dann unseren aktuellen Zeitgeist mehr, als manchem lieb sein d\u00fcrfte &#8211; aber das ist m. E. auch genau die Absicht hinter solchen Formaten. [Karl]<\/p>\n<p>12. Kaum ist der INF-Vertrag Geschichte, laufen die Gesch\u00e4fte mit der Waffenindustrie in den USA auf Hochtouren. Ein <a href=\"https:\/\/www1.wdr.de\/daserste\/monitor\/videos\/video-hochruesten-um-jeden-preis-die-neuen-nuklearen-plaene-der-usa-100.html\" target=\"_blank\" rel=\"noopener\">neunmin\u00fctiger Bericht<\/a> auf <em>Monitor<\/em> (<em>WDR<\/em>) zeigt die Pl\u00e4ne f\u00fcr\u00a0\u201eregional begrenzten Atomkrieg\u201c mit kleineren Atombomben, die auch in Deutschland stationiert werden. Eine Welt mit lauter (unreflektierten und st\u00f6rrischen) Kleinkindern in Regierungsgewalt, gesteuert durch multinationale R\u00fcstungs-, Versicherungs- und Energiekonzerne. Anders lassen sich das Festhalten an \u00d6l- und Dieselfahrzeugen, das weltweite Aufr\u00fcsten und das 2-%-Ziel der Nato, die private Altersvorsorge und lauter andere, schwachsinnige und weltzerst\u00f6rerische Tendenzen kaum noch erkl\u00e4ren. [Dirk]<\/p>\n<p>13. Wie kindlich und ohne jeden Plan von internationaler Wirtschaft die Politiker unserer Gro\u00dfm\u00e4chte wirklich sind, zeigt die <a href=\"https:\/\/www.zdf.de\/dokumentation\/zdfzoom\/zdfzoom-zocken-mit-zoellen-100.html\" target=\"_blank\" rel=\"noopener\">aktuelle Sendung<\/a> <em>zoom<\/em> (<em>ZDF<\/em>). Die Strafz\u00f6lle zwischen den USA, China und Deutschland treffen das eigene Land teilweise h\u00e4rter als die jeweiligen Exporteure, und was derartige Z\u00f6lle sonst noch so machen, wird auch gleich in der Sendung mit verwurstet. Und wieder einmal zeigt sich auch Europa von seiner imperialistischen Seite und unterdr\u00fcckt, wer das Spiel eben mitspielen muss. Am Ende der Sendung noch der besonders absurde Fall der afrikanischen Erntehelfer in Italien. Wirtschaftsinteressen holen aus allem das schlechteste hervor. [Dirk]<\/p>\n<p>14. Auf <em>Zeit Online<\/em> findet sich ein interessantes <a href=\"https:\/\/www.zeit.de\/politik\/deutschland\/2019-02\/afd-waehler-rechtsextremismus-nsdap-gemeinden-milieu\/komplettansicht?fbclid=IwAR3iUyICRwF7dNcUlkQ6goZe5fkLIZq-dbpGtkgd_-xQY7n8c3_JeVYGDwo\" target=\"_blank\" rel=\"noopener\">Interview mit dem Historiker Davide Cantoni<\/a>, der Wahlergebnisse in 11.000 deutschen Gemeinden untersucht und historisch verglichen hat. Das Resultat: Wo in den 30er-Jahren die NSDAP stark gew\u00e4hlt wurde, wird heute in gro\u00dfem Ma\u00dfe die AfD gew\u00e4hlt. Dabei geht es nat\u00fcrlich nicht um eine Gleichsetzung der beiden Parteien, sondern es soll aufgezeigt werden, wie sich bestimmte Denkmuster regional tradieren. Eine weitere interessante Erkenntnis: Je mehr Menschen Kontakt mit Fremden haben, desto weniger fremdenfeindlich sind sie. [Karl]<\/p>\n<p>15. Bodyshaming ist ein weit verbreitetes Ph\u00e4nomen, das Kindern und Jugendlichen von der PR- und Werbeindustrie eingepflanzt wird: Du bist nicht gut genug, sch\u00e4m Dich daf\u00fcr, nicht irgendwelchen optischen Idealen zu entsprechen. Wie damit schon Elfj\u00e4hrige konfrontiert werden, wenn sie lediglich eine Jeans bei H&amp;M kaufen wollen, berichtet Till Raether am Beispiel seiner Tochter in einem <a href=\"https:\/\/sz-magazin.sueddeutsche.de\/mode\/einfach-nur-verletzend-86882?fbclid=IwAR0GfiZwKlRMNLbDwBCAVfpHRIl_V-gHdeCTA-SydwjDZ-LMpdZSLFGEgRI\" target=\"_blank\" rel=\"noopener\">Artikel im Magazin der <em>S\u00fcddeutschen Zeitung<\/em><\/a>. Es ist einfach nur pervers, wie die Modeindustrie gezielt jungen Menschen das Selbstbewusstsein raubt, um sie so zu gef\u00fcgigeren Konsumenten zu machen. Und diesen Mechanismen zu entkommen ist heutzutage kaum mehr m\u00f6glich. Was f\u00fcr eine kranke Gesellschaft, in der wir leben! [Karl]<\/p>\n<p>16. Der Anschlag auf den Berliner Weihnachtsmarkt von 2016 wirft immer noch reichlich Fragen auf, wie ein <a href=\"https:\/\/www.heise.de\/tp\/features\/Amri-und-Ben-Ammar-Terror-Zwillinge-mit-Geheimdienstkontakt-4316888.html\" target=\"_blank\" rel=\"noopener\">Artikel auf <em>Telepolis<\/em><\/a> berichtet. So wurde ein enger Freund des Attent\u00e4ters Anis Amri, der allem Anschein nach sogar in den Anschlag verwickelt war, kurz danach nach Tunesien abgeschoben, wo er dann untertauchen konnte. Zudem scheint dieser Kumpel Bilel Ben Ammar auch noch Kontakte zum marokkanischen Geheimdienst gehabt zu haben, der ja vor dem Anschlag genau davor warnte, dass so etwas geschehen k\u00f6nnte. Da wird gemauschelt, vertuscht und gelogen, bis sich die Balken biegen, sodass die Wahrheit wohl kaum je ans Licht kommen wird, sich der Verdacht aber immer mehr erh\u00e4rtet, dass dieser Anschlag ein Job der deutschen Sicherheitsdienste gewesen sein d\u00fcrfte. [Karl]<\/p>\n<p>17. Ein <a href=\"https:\/\/www.sueddeutsche.de\/gesundheit\/deutschland-weltweit-luftverschmutzung-diesel-feinstaub-ozon-1.4346703?sc_src=email_565509&amp;sc_lid=63120897&amp;sc_uid=mvIK3yo8CP&amp;sc_llid=54249&amp;utm_medium=email&amp;utm_source=emarsys&amp;utm_content=www.sueddeutsche.de%2Fgesundheit%2Fdeutschland-weltweit-luftverschmutzung-diesel-feinstaub-ozon-1.4346703&amp;utm_campaign=Espresso+am+Morgen+27.02.2019&amp;fbclid=IwAR2HPOrI9BvYEWCzOyCJn1mGJ-7WS2W55fJRxGjVjSTYylL9y1te6zmuWp8\" target=\"_blank\" rel=\"noopener\">Artikel in der <em>S\u00fcddeutschen Zeitung<\/em><\/a> berichtet \u00fcber eine Studie des\u00a0International Council on Clean Transportation (ICCT), die feststellte, dass die Nutzung von fossilen Energietr\u00e4gern in Deutschland pro Jahr nicht nur etwa 100 Milliarden Euro Kosten, sondern auch 43.000 Tote aufgrund der Folgen von Feinstaub und Ozon verursachen w\u00fcrde. Einen gro\u00dfen Anteil daran hat der Verkehr, sodass Konzepte, die den Ausbau von Fahrradinfrastruktur und \u00f6ffentlichem Nahverkehr forcieren, hier Abhilfe schaffen k\u00f6nnten. So was d\u00fcrfte im Autoland Deutschland allerdings kaum umsetzbar sein. [Karl]<\/p>\n<p>18. Bei den Ereignissen derzeit in Venezuela kann es nicht schaden, mal auf die Anf\u00e4nge der bolivarianischen Bewegung zu schauen, die dazu f\u00fchrten, dass Hugo Chavez in dem s\u00fcdamerikanischen Land an die Macht kam. Dies macht Peter Nowak in einem <a href=\"https:\/\/www.heise.de\/tp\/features\/Venezuela-Ein-Massaker-ueber-das-die-westliche-Welt-nicht-redet-4320938.html\" target=\"_blank\" rel=\"noopener\">Artikel auf <em>Telepolis<\/em><\/a>, in dem er an das Massaker Caracazo erinnert, das vor 30 Jahren stattgefunden hat. Obwohl dabei Hunderte demonstrierende Bewohner der Armenviertel niedergemetzelt wurden, gab es keine internationalen Proteste deswegen. Diese Vorg\u00e4nge erkl\u00e4ren allerdings auch, warum die Maduro-Regierung bei allen zweifelsfrei vorhandenen Defiziten nach wie vor gro\u00dfen R\u00fcckhalt bei den armen Bev\u00f6lkerungsschichten hat. [Karl]<\/p>\n<p>19. Neues von unseren &#8222;Freunden&#8220; aus der Ukraine. In der Stadt Lviv wurde gerade eine Stra\u00dfe saniert und nach dem Nationalisten und Nazi-Kollaborateuer Stepan Bandera benannt, die dann auch noch zu einem sch\u00f6nen Denkmal f\u00fcr den Anf\u00fchrer der\u00a0sogenannten Organisation Ukrainischer Nationalisten (OUN) f\u00fchrt. Als ob das nicht schon schlimm genug w\u00e4re, so wird dieses Projekt auch noch mit deutschen Steuergeldern gef\u00f6rdert, wie ein <a href=\"https:\/\/www.heise.de\/tp\/features\/Lviv-ehrt-Nazikollaborateur-und-Kriegsverbrecher-4319933.html?fbclid=IwAR1I0bz1-4q312hjLUMM54vuiiTSEYIIW68HvwQ5uYlPSMSE2XMOSp44WSI\" target=\"_blank\" rel=\"noopener\">Artikel auf <em>Telepolis<\/em><\/a> berichtet. Die Begr\u00fcndungen, die man daf\u00fcr aus Freiburg, Leipzig und dem Bundesministerium f\u00fcr wirtschaftliche Zusammenarbeit liest, sind haarstr\u00e4ubend entpolitisierend. Unglaublich! [Karl]<\/p>\n<p>20. Tom Wellbrock macht sich in einem <a href=\"https:\/\/www.neulandrebellen.de\/2019\/02\/virtuelle-welten-als-widerstandsbrecher\/?fbclid=IwAR0EM6fL5jEG6bkENzAV80fL9po7tHhbrnTZP5WQ_wKNv7D8iBFtwkM_2nE\" target=\"_blank\" rel=\"noopener\">Artikel f\u00fcr <em>neulandrebellen<\/em><\/a> einige Gedanken zum Thema virtuelle Realit\u00e4t. Dabei setzt er den Fokus nicht auf die sonst \u00fcblichen wirtschaftlichen Folgen von digitaler Entwicklung, sondern wirft die Frage auf, in welchem Ma\u00dfe virtuelle Realit\u00e4t genutzt werden k\u00f6nnte, um Menschen mit einem tristen und be\u00e4ngstigenden Alltagsleben einen tempor\u00e4ren Ausweg darauf zu offerieren, um sie auf diese Weise ruhigzustellen. Eine \u00e4hnliche Funktion ist ja auch schon beim (Privat-)Fernsehen zu beobachten, nur d\u00fcrfte das Suchtpotenzial von virtueller Realit\u00e4t noch ungleich gr\u00f6\u00dfer sein. Mit deren massenhafter Ausbreitung k\u00f6nnte zwar der Einzelne sein Leben etwas ertr\u00e4glicher gestalten, die gesamtgesellschaftlichen Sch\u00e4den d\u00fcrften hingegen immens sein. Wichtiges Thema, wie ich finde! [Karl]<\/p>\n<p>&nbsp;<\/p>\n<p>&nbsp;<\/p>\n<p>&nbsp;<\/p>\n","protected":false},"excerpt":{"rendered":"<p>An dieser Stelle pr\u00e4sentieren wir regelm\u00e4\u00dfig Links, die wir unter der Woche entdeckt haben, zu denen wir selbst nicht mehr viel schreiben m\u00fcssen und die wir teilenswert finden. Viel Spa\u00df beim Lesen und Anschauen!<\/p>\n","protected":false},"author":5,"featured_media":0,"comment_status":"open","ping_status":"open","sticky":false,"template":"","format":"standard","meta":{"footnotes":""},"categories":[193],"tags":[],"class_list":["post-14028","post","type-post","status-publish","format-standard","hentry","category-woechentliches"],"_links":{"self":[{"href":"https:\/\/www.unterstroemt.de\/index.php?rest_route=\/wp\/v2\/posts\/14028","targetHints":{"allow":["GET"]}}],"collection":[{"href":"https:\/\/www.unterstroemt.de\/index.php?rest_route=\/wp\/v2\/posts"}],"about":[{"href":"https:\/\/www.unterstroemt.de\/index.php?rest_route=\/wp\/v2\/types\/post"}],"author":[{"embeddable":true,"href":"https:\/\/www.unterstroemt.de\/index.php?rest_route=\/wp\/v2\/users\/5"}],"replies":[{"embeddable":true,"href":"https:\/\/www.unterstroemt.de\/index.php?rest_route=%2Fwp%2Fv2%2Fcomments&post=14028"}],"version-history":[{"count":18,"href":"https:\/\/www.unterstroemt.de\/index.php?rest_route=\/wp\/v2\/posts\/14028\/revisions"}],"predecessor-version":[{"id":14098,"href":"https:\/\/www.unterstroemt.de\/index.php?rest_route=\/wp\/v2\/posts\/14028\/revisions\/14098"}],"wp:attachment":[{"href":"https:\/\/www.unterstroemt.de\/index.php?rest_route=%2Fwp%2Fv2%2Fmedia&parent=14028"}],"wp:term":[{"taxonomy":"category","embeddable":true,"href":"https:\/\/www.unterstroemt.de\/index.php?rest_route=%2Fwp%2Fv2%2Fcategories&post=14028"},{"taxonomy":"post_tag","embeddable":true,"href":"https:\/\/www.unterstroemt.de\/index.php?rest_route=%2Fwp%2Fv2%2Ftags&post=14028"}],"curies":[{"name":"wp","href":"https:\/\/api.w.org\/{rel}","templated":true}]}}