{"id":14031,"date":"2019-02-26T11:10:37","date_gmt":"2019-02-26T10:10:37","guid":{"rendered":"https:\/\/www.unterstroemt.de\/?p=14031"},"modified":"2019-02-26T11:10:58","modified_gmt":"2019-02-26T10:10:58","slug":"tut-endlich-etwas","status":"publish","type":"post","link":"https:\/\/www.unterstroemt.de\/?p=14031","title":{"rendered":"Tut endlich etwas"},"content":{"rendered":"<p>Das ist ein Appell. Ein Appell an jeden. An jeden Einzelnen, der das liest, auch an mich selbst manchmal.<\/p>\n<p>Wir m\u00fcssen aufh\u00f6ren, unsere Erde kaputt zu machen. Wir m\u00fcssen aufh\u00f6ren, immer h\u00f6her, weiter, besser werden zu wollen.<\/p>\n<p>Es geht nicht ins Unendliche. Irgendwann ist Schluss.<br \/>\nRessourcen sind weg. Die Natur geht kaputt. Und irgendwann auch wir.<\/p>\n<p>Ich war heute auf einem Gletscher. Also zumindest hie\u00df das Ganze so. Einen Gletscher habe ich allerdings nicht gesehen. Ein kleines Eisfeld, das ja. Darum herum viel Gr\u00fcn. Vor wenigen Jahren war dieser Gletscher in Neuseeland doppelt so gro\u00df. Schlimm genug.<\/p>\n<p>Doch wer, wenn nicht wir, k\u00f6nnte dem Ganzen noch die Krone aufsetzen? Im Minutentakt fliegen Helikopter zu diesem toten St\u00fcck Eis. Alle lechzen danach, einen Blick auf die &#8222;Natur&#8220; zu werfen. Im Minutentakt machen wir noch mehr kaputt.<\/p>\n<p>Meine Generation wacht gerade so ein bisschen auf. Die schwedische Aktivistin Greta als Vorbild, entsteht auch in Deutschland &#8222;Fridays for Future&#8220;, die Aktion von Sch\u00fclern gegen den Klimawandel. Doch die, die uns den ganzen Mist eingebrockt haben, ja, die Generation unserer Eltern, die es nicht geschafft hat, rechtzeitig den Schlussstrich zu ziehen. Die bel\u00e4chelt uns nur.<\/p>\n<p>L\u00e4chelt nicht dem Abgrund entgegen, sondern tut etwas.<\/p>\n<p>&#8212;<\/p>\n<p>Autor: Leon Witte (19) aus Hamburg, zur Zeit in Neuseeland.<\/p>\n<p>Quelle: \u201eAbgecheckt.\u201c Sch\u00fclerkolumne im Hamburger Wochenblatt, Ausgabe Barmbek, vom 20. 2. 2019.<\/p>\n<p>Die Ver\u00f6ffentlichung erfolgt mit freundlicher Genehmigung der WBV Wochenblatt Verlag GmbH.<\/p>\n","protected":false},"excerpt":{"rendered":"<p>Ein Gastartikel von Leon Witte.<\/p>\n<p>Das ist ein Appell. Ein Appell an jeden. An jeden Einzelnen, der das liest, auch an mich selbst manchmal.<\/p>\n","protected":false},"author":4,"featured_media":0,"comment_status":"open","ping_status":"open","sticky":false,"template":"","format":"standard","meta":{"footnotes":""},"categories":[616,50,52],"tags":[635,253],"class_list":["post-14031","post","type-post","status-publish","format-standard","hentry","category-umwelt","category-politisches","category-soziales","tag-fridays-for-future","tag-klimawandel"],"_links":{"self":[{"href":"https:\/\/www.unterstroemt.de\/index.php?rest_route=\/wp\/v2\/posts\/14031","targetHints":{"allow":["GET"]}}],"collection":[{"href":"https:\/\/www.unterstroemt.de\/index.php?rest_route=\/wp\/v2\/posts"}],"about":[{"href":"https:\/\/www.unterstroemt.de\/index.php?rest_route=\/wp\/v2\/types\/post"}],"author":[{"embeddable":true,"href":"https:\/\/www.unterstroemt.de\/index.php?rest_route=\/wp\/v2\/users\/4"}],"replies":[{"embeddable":true,"href":"https:\/\/www.unterstroemt.de\/index.php?rest_route=%2Fwp%2Fv2%2Fcomments&post=14031"}],"version-history":[{"count":1,"href":"https:\/\/www.unterstroemt.de\/index.php?rest_route=\/wp\/v2\/posts\/14031\/revisions"}],"predecessor-version":[{"id":14032,"href":"https:\/\/www.unterstroemt.de\/index.php?rest_route=\/wp\/v2\/posts\/14031\/revisions\/14032"}],"wp:attachment":[{"href":"https:\/\/www.unterstroemt.de\/index.php?rest_route=%2Fwp%2Fv2%2Fmedia&parent=14031"}],"wp:term":[{"taxonomy":"category","embeddable":true,"href":"https:\/\/www.unterstroemt.de\/index.php?rest_route=%2Fwp%2Fv2%2Fcategories&post=14031"},{"taxonomy":"post_tag","embeddable":true,"href":"https:\/\/www.unterstroemt.de\/index.php?rest_route=%2Fwp%2Fv2%2Ftags&post=14031"}],"curies":[{"name":"wp","href":"https:\/\/api.w.org\/{rel}","templated":true}]}}