{"id":1410,"date":"2014-04-13T18:36:15","date_gmt":"2014-04-13T16:36:15","guid":{"rendered":"https:\/\/www.unterstroemt.de\/?p=1410"},"modified":"2014-06-25T19:31:56","modified_gmt":"2014-06-25T17:31:56","slug":"manipulation-durch-verschweigen","status":"publish","type":"post","link":"https:\/\/www.unterstroemt.de\/?p=1410","title":{"rendered":"Manipulation durch Verschweigen"},"content":{"rendered":"<p>Vor zwei Wochen schrieb ich hier auf unterstr\u00f6mt ja bereits einen <a href=\"https:\/\/www.unterstroemt.de\/?p=1402\" target=\"_blank\">Beitrag \u00fcber dreiste Meinungsmache des ZDF bei der Ukraine-Berichterstattung<\/a>. Nun ist die Verbreitung der Unwahrheit oder selektiver Wahrheit nicht die einzige Methode, der sich deutsche Mainstream-Medien bedienen, um die \u00f6ffentliche Meinung zu beeinflussen. Immer h\u00e4ufiger werden gro\u00dfe, relevante Ereignisse, die sich gegen die herrschende neoliberale Ideologie richten, von nahezu allen sogenannten &#8222;Leitmedien&#8220; ignoriert. Wer da noch an Zufall glaubt, der ist bestimmt auch der Ansicht, dass der Mond aus K\u00e4se sein m\u00fcsste &#8230;<\/p>\n<p>Einige Beispiele:<\/p>\n<p>1. Proteste in Italien: Gerade an diesem Wochenende gab es in Rom wieder gro\u00dfe Demonstrationen gegen die von der Troika verordnete Austerit\u00e4tspolitik. Ein kleiner <a href=\"http:\/\/www.fr-online.de\/politik\/italien-krawalle-nach-protesten-gegen-sparpolitik,1472596,26830862.html\" target=\"_blank\">Beitrag<\/a>\u00a0dazu findet sich auf der Webseite der Frankfurter Rundschau, auf den Hauptseiten der Internetpr\u00e4senzen von Spiegel, FAZ, S\u00fcddeutscher und Zeit, die ich jetzt als Stichprobe daraufhin durchgeschaut habe, da sie schon mal eine m. E. repr\u00e4sentative Auswahl des deutschen Medien-Mainstreams bilden, findet sich kein einziger Hinweis darauf.<\/p>\n<p>2. Marsch der W\u00fcrde in Spanien: Eine \u00e4hnliche Thematik liegt dem Marsch der W\u00fcrde zugrunde, der in M\u00e4rz in Spanien stattfand und Hunderttausende Menschen mobilisierte, die in einer Art Sternmarsch aus verschiedenen St\u00e4dten nach Madrid pilgerten, um dort zu einer gro\u00dfer Demonstration gegen die Austerit\u00e4tspolitik zusammenzukommen. Der Freitag monierte in einem <a href=\"https:\/\/www.freitag.de\/autoren\/propagandaschau\/wie-eu-kritk-in-den-medien-diffamiert-wird\" target=\"_blank\">Artikel<\/a>\u00a0die nahezu vollst\u00e4ndige Ignoranz der deutschen Medien dieser Gro\u00dfveranstaltung gegen\u00fcber.<\/p>\n<p>3. Proteste in Br\u00fcssel: Auch in Br\u00fcssel gingen am vergangenen Wochenende Zehntausende, vornehmlich Gewerkschafter, auf die Stra\u00dfen, um gegen die Krisenpolitik der EU und den daraus resultierenden Sozialabbau zu demonstrieren. Die Nachdenkseiten thematisierten, dass hier\u00fcber ebenfalls nahezu keine Berichterstattung stattfand (<a href=\"http:\/\/www.nachdenkseiten.de\/?p=21309\" target=\"_blank\">Beitrag 9<\/a>) bzw. dass das einzig Berichtenswerte kleinere Zusammenst\u00f6\u00dfe von Polizei und einigen Demonstranten waren &#8211; worum es bei der Demonstration ging, wurde dabei dann zu Nebensache.<\/p>\n<p>4. <a href=\"http:\/\/en.wikipedia.org\/wiki\/March_Against_Monsanto\" target=\"_blank\">March against Monsanto<\/a>: Diese weltweite Gro\u00dfdemonstration fand im letzten Jahr zweimal statt mit mehreren Millionen Teilnehmern in Hunderten St\u00e4dten. <a href=\"http:\/\/www.usatoday.com\/story\/news\/world\/2013\/05\/25\/global-protests-monsanto\/2361007\/\" target=\"_blank\">USA Today berichtete auch dar\u00fcber<\/a>, die deutschen Medien hielten sich hier wieder nahezu komplett zur\u00fcck. Ich selbst habe \u00fcber Facebook davon erfahren. Aus pers\u00f6nlichen Gespr\u00e4chen wei\u00df ich, dass die meisten Deutschen nicht einmal wissen, was Monsanto \u00fcberhaupt ist &#8211; was ja auch kein Wunder ist, wenn selbst ein derart gro\u00dfer Protest gegen diesen menschenverachtenden Konzern keine Berichterstattung erf\u00e4hrt.<\/p>\n<p>Eine Demokratie setzt eigentlich m\u00fcndige B\u00fcrger voraus, da diese ja letztendlich den politischen Souver\u00e4n darstellen sollten. Wie ist es damit in Einklang zu bringen, dass diesen B\u00fcrgern gezielt Informationen vorenthalten werden, da diese nicht ideologiekonform sind, dass also eine Entm\u00fcndigung der B\u00fcrger stattfindet? Wer sich seine Informationen nicht gezielt beschafft, beispielsweise \u00fcber das Internet, bekommt so ein verzerrtes Bild der Realit\u00e4t vorgesetzt. Einfach unliebsame Informationsquellen zu verbieten, funktioniert heutzutage nicht mehr, da dies als typisches Merkmal von totalit\u00e4ren Regimes erkannt und somit entlarvend wirken w\u00fcrde. Also muss die Medienlandschaft entsprechend gestaltet werden, dass kritische Informationen nicht so ohne Weiteres verbreitet werden, indem sie einfach weggelassen oder eben auch verf\u00e4lscht oder von haufenweise irrelevanten Informationen \u00fcberlagert werden. Einfach nur die Tagesschau anzuschalten funktioniert also \u00fcberhaupt nicht mehr &#8211; wenngleich viele Menschen dies immer noch machen und dann der Ansicht sind, dass sie sich schon ganz gut politisch informieren.<\/p>\n<p>Noch dreister wird es dann, wenn tats\u00e4chlich per Gesetz beschlossen wird, dass Desinformation zum Schutz von Wirtschaftsinteressen bestehen soll, wie dies gerade aktuell der Fall ist: Lebensmittelkontrollbeh\u00f6rden sollen k\u00fcnftig nicht mehr uneingeschr\u00e4nkt die \u00d6ffentlichkeit \u00fcber die Ergebnisse ihrer Arbeit informieren d\u00fcrfen. Auf der <a href=\"http:\/\/www.foodwatch.org\/de\/informieren\/informationsgesetz\/aktuelle-nachrichten\/eu-kommission-plant-maulkorb-fuer-kontrollbehoerden\/\" target=\"_blank\">Webseite von Foodwatch wird dar\u00fcber berichtet<\/a>\u00a0&#8211;\u00a0und ich kann mir fast vorstellen, dass auch dies nicht gerade gro\u00dfes Medienecho erfahren d\u00fcrfte.<\/p>\n<p>Ein m\u00fcndiger B\u00fcrger zu sein erfordert also heutzutage eine Menge Engagement und Medienkompetenz, damit man sich einigerma\u00dfen umfassend informieren kann: Blogs sind da zum Beispiel eine M\u00f6glichkeit, genauso wie Webseiten von NGOs wie eben Foodwatch, Campact, LobbyControl usw., nur werden diese eben nicht so prominent pr\u00e4sentiert wie Fernsehen, Radio sowie gro\u00dfe Zeitungen und Zeitschriften. Unsere Medienlandschaft ist in jedem Fall einer Demokratie ausgesprochen unw\u00fcrdig, und das auch \u00f6ffentlich-rechtliche Medien bei der Desinformation und damit Entm\u00fcndigung der B\u00fcrger massiv mitmischen, macht das Ganze noch schlimmer.<\/p>\n","protected":false},"excerpt":{"rendered":"<p>Vor zwei Wochen schrieb ich hier auf unterstr\u00f6mt ja bereits einen Beitrag \u00fcber dreiste Meinungsmache des ZDF bei der Ukraine-Berichterstattung. Nun ist die Verbreitung der Unwahrheit oder selektiver Wahrheit nicht die einzige Methode, der sich deutsche Mainstream-Medien bedienen, um die \u00f6ffentliche Meinung zu beeinflussen. Immer h\u00e4ufiger werden gro\u00dfe, relevante Ereignisse, die normalerweise berichtenswert erscheinen sollte, von nahezu allen sogenannten &#8222;Leitmedien&#8220; ignoriert. Wer da noch an Zufall glaubt, der ist auch der Ansicht, dass der Mond bestimmt aus K\u00e4se sein m\u00fcsste &#8230;<\/p>\n","protected":false},"author":3,"featured_media":0,"comment_status":"open","ping_status":"closed","sticky":false,"template":"","format":"standard","meta":{"footnotes":""},"categories":[67],"tags":[164,165],"class_list":["post-1410","post","type-post","status-publish","format-standard","hentry","category-medial-manipulatives","tag-manipulation","tag-meinungsmache"],"_links":{"self":[{"href":"https:\/\/www.unterstroemt.de\/index.php?rest_route=\/wp\/v2\/posts\/1410","targetHints":{"allow":["GET"]}}],"collection":[{"href":"https:\/\/www.unterstroemt.de\/index.php?rest_route=\/wp\/v2\/posts"}],"about":[{"href":"https:\/\/www.unterstroemt.de\/index.php?rest_route=\/wp\/v2\/types\/post"}],"author":[{"embeddable":true,"href":"https:\/\/www.unterstroemt.de\/index.php?rest_route=\/wp\/v2\/users\/3"}],"replies":[{"embeddable":true,"href":"https:\/\/www.unterstroemt.de\/index.php?rest_route=%2Fwp%2Fv2%2Fcomments&post=1410"}],"version-history":[{"count":4,"href":"https:\/\/www.unterstroemt.de\/index.php?rest_route=\/wp\/v2\/posts\/1410\/revisions"}],"predecessor-version":[{"id":1559,"href":"https:\/\/www.unterstroemt.de\/index.php?rest_route=\/wp\/v2\/posts\/1410\/revisions\/1559"}],"wp:attachment":[{"href":"https:\/\/www.unterstroemt.de\/index.php?rest_route=%2Fwp%2Fv2%2Fmedia&parent=1410"}],"wp:term":[{"taxonomy":"category","embeddable":true,"href":"https:\/\/www.unterstroemt.de\/index.php?rest_route=%2Fwp%2Fv2%2Fcategories&post=1410"},{"taxonomy":"post_tag","embeddable":true,"href":"https:\/\/www.unterstroemt.de\/index.php?rest_route=%2Fwp%2Fv2%2Ftags&post=1410"}],"curies":[{"name":"wp","href":"https:\/\/api.w.org\/{rel}","templated":true}]}}