{"id":14745,"date":"2019-04-08T13:36:30","date_gmt":"2019-04-08T11:36:30","guid":{"rendered":"https:\/\/www.unterstroemt.de\/?p=14745"},"modified":"2019-04-08T19:36:30","modified_gmt":"2019-04-08T17:36:30","slug":"das-koennte-der-anfang-vom-ende-sein","status":"publish","type":"post","link":"https:\/\/www.unterstroemt.de\/?p=14745","title":{"rendered":"Das k\u00f6nnte der Anfang vom Ende sein"},"content":{"rendered":"<p>Ich warnte davor, vor einigen Tagen schon, dass sich die Fridays-For-Future-Bewegung nicht von den Parteien vereinnahmen lassen sollte. Ich h\u00e4tte st\u00e4rker warnen sollen, vor mehr als nur den Parteien h\u00e4tte ich warnen sollen. Nun haben wir den Salat, und die Trittbrettfahrer sind dabei, diese Bewegung f\u00fcr ihre Agenda zu missbrauchen. Das Tor ist offen, die Parteien werden es auch zu nutzen wissen. Die B\u00fcndnisgr\u00fcnen lechzen l\u00e4ngst danach, diese Bewegung zu vereinnahmen und mit ihrer Realpolitik zu zerdr\u00fccken.<\/p>\n<p><strong>Pulse of Europe macht es m\u00f6glich<\/strong><\/p>\n<p>Pulse of Europe, so <a href=\"https:\/\/www.swr.de\/swraktuell\/rheinland-pfalz\/koblenz\/Gemeinsame-Aktion-vor-dem-Rathaus-Pulse-of-Europa-demonstriert-gemeinsam-mit-Fridays-for-Future-in-Koblenz,pulse-of-europe-demonstriert-mit-fridays-for-future-in-koblenz-100.html?fbclid=IwAR1nPUi1qRZHK4W0zwNOUoioM9NHjPsh9RrQkYMm8lIFGw_t9X0W9coTNNc\">meldet der <em>SWR<\/em><\/a>, wird bei den Demos mitmarschieren, als Pulse of Europe sind sie schon mitmarschiert. Das ist der Anfang vom Ende, behaupte ich. Bald werden die gr\u00fcnen Fahnen geschwenkt werden, gemeinsam mit den europ\u00e4ischen Fahnen, und die Kids werden in den Hintergrund gedr\u00e4ngt werden. Ich f\u00fcrchte, dass das Ende dieser Bewegung damit angebrochen ist, sich die alten M\u00e4nner und Frauen von Pulse of Europe hier auch nur ein wenig erholen werden, eben auf Kosten der Kids, auf Kosten des Klimas am Ende, auch des gesellschaftlichen Klimas.<\/p>\n<p>Wenn es keinen Grund gab, die Bewegung von Links abzulehnen, so wird er nun geschaffen. Wenn es keinen von Rechts gab, so wird er nun geschaffen. Nat\u00fcrlich hatten die Bedenkentr\u00e4ger und Klimaleugner l\u00e4ngst ihre Vorbehalte. Nun bekommen sie diese best\u00e4tigt, nun k\u00f6nnen sie ein weiteres Argument ins Feld f\u00fchren. Und das nur, weil eine Bewegung, die sich nicht durch Klimaschutz hervorgetan hatte, ihren absteigenden Ast verlassen will und sich an die Kids heranh\u00e4ngt. <a href=\"https:\/\/www.unterstroemt.de\/?p=14609\">Ich warnte davor<\/a>, aus guten Gr\u00fcnden, wie ich immer noch meine. Nur mit Pulse of Europe hatte ich nun so wahr nicht gerechnet. H\u00e4tte ich aber tun m\u00fcssen. Mein Fehler!<\/p>\n<p><strong>Ich bin entt\u00e4uscht<\/strong><\/p>\n<p>Nicht von den Kids, denn die k\u00f6nnen nichts daf\u00fcr. Ich bin entt\u00e4uscht, weil ich sp\u00e4ter, viel sp\u00e4ter damit gerechnet hatte, weil ich gern weiter unterst\u00fctzt h\u00e4tte, viel l\u00e4nger unterst\u00fctzt h\u00e4tte. Ich werde auch weiterhin unterst\u00fctzen, aber kritisch trennen zwischen Fridays For Future und Pulse of Europe, dieser im Grunde neoliberalen Veranstaltung des Besitzb\u00fcrgertums. Ich werde so lange unterst\u00fctzen, wie die Kids laut bleiben, wie sie sich nicht deren Forderungen zu eigen machen werden, solange sie bei ihrem Kernthema bleiben.<\/p>\n<p>Werden sie von ihrem Kernthema ablassen, bin ich weg, werde ich wieder zum Beobachter, werde ich mich anderen zuwenden m\u00fcssen. Denn dann haben sie meinen Ratschlag in den Wind geschlagen, und das ohne Not dazu, es tun zu m\u00fcssen, ohne wirklich etwas erreicht zu haben. Und aufzuzwingen, meinen Rat aufzuzwingen, liegt mir v\u00f6llig fern.<\/p>\n<p>Also bleibt laut und frei von denen, die sich eurer Popularit\u00e4t bedienen wollen, und ich bleibe an eurer Seite. Wenn nicht, dann ziehe ich weiter und lasse euch zur\u00fcck. Zur\u00fcck, denn mit Pulse of Europe und mit gr\u00fcnen Fahnen werdet ihr stehen bleiben m\u00fcssen. Die sind viel zu weit zur\u00fcck geblieben, im Denken und Handeln, als dass sie mit euch auch nur ann\u00e4hernd Schritt halten k\u00f6nnten.<\/p>\n<p>Ich werde nicht warten, auch nicht auf euch!<\/p>\n","protected":false},"excerpt":{"rendered":"<p>Ich warnte davor, vor einigen Tagen schon, dass sich die Fridays-For-Future-Bewegung nicht von den Parteien vereinnahmen lassen sollte. Ich h\u00e4tte st\u00e4rker warnen sollen, vor mehr als nur den Parteien h\u00e4tte ich warnen sollen. Nun haben wir den Salat, und die Trittbrettfahrer sind dabei, diese Bewegung f\u00fcr ihre Agenda zu missbrauchen. Das Tor ist offen, die Parteien werden es auch zu nutzen wissen. Die B\u00fcndnisgr\u00fcnen lechzen l\u00e4ngst danach, diese Bewegung zu vereinnahmen und mit ihrer Realpolitik zu zerdr\u00fccken.<\/p>\n","protected":false},"author":6,"featured_media":0,"comment_status":"open","ping_status":"open","sticky":false,"template":"","format":"standard","meta":{"footnotes":""},"categories":[595,50,52],"tags":[],"class_list":["post-14745","post","type-post","status-publish","format-standard","hentry","category-aktuelles","category-politisches","category-soziales"],"_links":{"self":[{"href":"https:\/\/www.unterstroemt.de\/index.php?rest_route=\/wp\/v2\/posts\/14745","targetHints":{"allow":["GET"]}}],"collection":[{"href":"https:\/\/www.unterstroemt.de\/index.php?rest_route=\/wp\/v2\/posts"}],"about":[{"href":"https:\/\/www.unterstroemt.de\/index.php?rest_route=\/wp\/v2\/types\/post"}],"author":[{"embeddable":true,"href":"https:\/\/www.unterstroemt.de\/index.php?rest_route=\/wp\/v2\/users\/6"}],"replies":[{"embeddable":true,"href":"https:\/\/www.unterstroemt.de\/index.php?rest_route=%2Fwp%2Fv2%2Fcomments&post=14745"}],"version-history":[{"count":8,"href":"https:\/\/www.unterstroemt.de\/index.php?rest_route=\/wp\/v2\/posts\/14745\/revisions"}],"predecessor-version":[{"id":14753,"href":"https:\/\/www.unterstroemt.de\/index.php?rest_route=\/wp\/v2\/posts\/14745\/revisions\/14753"}],"wp:attachment":[{"href":"https:\/\/www.unterstroemt.de\/index.php?rest_route=%2Fwp%2Fv2%2Fmedia&parent=14745"}],"wp:term":[{"taxonomy":"category","embeddable":true,"href":"https:\/\/www.unterstroemt.de\/index.php?rest_route=%2Fwp%2Fv2%2Fcategories&post=14745"},{"taxonomy":"post_tag","embeddable":true,"href":"https:\/\/www.unterstroemt.de\/index.php?rest_route=%2Fwp%2Fv2%2Ftags&post=14745"}],"curies":[{"name":"wp","href":"https:\/\/api.w.org\/{rel}","templated":true}]}}