{"id":14914,"date":"2019-04-21T12:53:54","date_gmt":"2019-04-21T10:53:54","guid":{"rendered":"https:\/\/www.unterstroemt.de\/?p=14914"},"modified":"2019-04-21T12:53:54","modified_gmt":"2019-04-21T10:53:54","slug":"interessantes-aus-kw-16-2019","status":"publish","type":"post","link":"https:\/\/www.unterstroemt.de\/?p=14914","title":{"rendered":"Interessantes aus KW 16\/2019"},"content":{"rendered":"<p>An dieser Stelle pr\u00e4sentieren wir regelm\u00e4\u00dfig Links, die wir unter der Woche entdeckt haben, zu denen wir selbst nicht mehr viel schreiben m\u00fcssen und die wir teilenswert finden. Viel Spa\u00df beim Lesen und Anschauen!<\/p>\n<p>1. Im Rahmen der <em>ZDF<\/em>-Sendung <em>Terra X<\/em> diskutierte Harald Lesch in einem etwa <a href=\"https:\/\/www.youtube.com\/watch?v=pxLx_Y6xkPQ&amp;fbclid=IwAR2b6S8wCGwxSuKhyKsVng6Tu6WhSYZznJ7x_9cM5BsWGW6UZLZTLJV9i2s\" target=\"_blank\" rel=\"noopener\">15-min\u00fctigen Video<\/a> (zu sehen auf <em>YouTube<\/em>) mit dem Klimaforscher Prof. Stefan Rahmsdorf ein sogenanntes &#8222;Klimaquiz&#8220;, was die AfD bei &#8222;Fridays For Future&#8220; an Sch\u00fcler verteilt hat. Dabei geht es nat\u00fcrlich nicht um irgendetwas Wissenschaftliches, sondern um dumpfe Agitation der Rechtsau\u00dfenpartei, was Lesch und Rahmsdorf trefflich vorf\u00fchren, indem sie aufzeigen, dass die L\u00f6sungen dieses Quiz entweder komplett falsch sind oder eben suggestiv formuliert sind. Gutes Futter, wenn man selbst mal Klimawandelleugnern begegnet &#8211; wobei diese Hohlk\u00f6pfe ja meistens einer rationalen Argumentation eh nicht zug\u00e4nglich sind. [Karl]<\/p>\n<p>2. Auf Artikel, die sich mit dem rechten Terror in Neuk\u00f6lln besch\u00e4ftigen, habe ich hier ja in den letzten Wochen \u00f6fter mal hingewiesen. Nun stellte sich gerade heraus, wie ein <a href=\"https:\/\/www.rbb24.de\/politik\/beitrag\/2019\/04\/berlin-lka-beamter-treffen-neonazi-kontraste-rbb24-recherche.html?fbclid=IwAR20F1WURxUuR_yDBwQ91hQo9Y5udjPdGliqEVVNAiikc6NaRkdQudug0Hg\" target=\"_blank\" rel=\"noopener\">Artikel von <em>rbb24<\/em><\/a> berichtet, dass ein Berliner LKA-Beamter sich im M\u00e4rz 2018 in einer Kneipe mit einem vorbestraften Neonazi, der zudem in Verdacht steht, in die Anschl\u00e4ge verwickelt zu sein, privat getroffen hat &#8211; wobei er zuf\u00e4llig von zwei observierenden Beamten einer Sicherheitsbeh\u00f6rde gesehen wurde. Die Ermittlungen gegen diesen LKA-Beamten wurden allerdings schon wieder eingestellt &#8211; wen wundert&#8217;s? Genauso wenig, wie es einen wundern sollte, dass die Polizei sich bei den Ermittlungen gegen die rechten Terroristen einen &#8222;Fehler&#8220; nach dem anderen leistet. [Karl]<\/p>\n<p>3. Was einige NGOs ja schon lange gemutma\u00dft haben, ist nun Gewissheit: Eurofighter und Tornado-Kampfjets werden im Jemen eingesetzt. Dies wurde von der Bundesregierung immer wieder bestritten, aber nun kam die Wahrheit in einer\u00a0als geheim eingestuften Sitzung des Ausw\u00e4rtigen Ausschusses des Bundestags ans Licht, wie aus einer <a href=\"https:\/\/www.tagesschau.de\/ausland\/tornados-jemen-101.html?fbclid=IwAR1pndod0TSNM4qQpcttyxJtxpjxsVc--9YI_6ZPKxm5cT8fFNG3A71gXec\" target=\"_blank\" rel=\"noopener\">Meldung der <em>Tagesschau<\/em><\/a> hervorgeht. Mit deutschen Waffen werden als Kriegsverbrechen und Menschenrechtsverletzungen begangen, und die Bundesregierung hat nichts Besseres zu tun, als die \u00d6ffentlichkeit deswegen zu bel\u00fcgen. Pfui! [Karl]<\/p>\n<p>4. Und was der deutschen Regierung recht ist, ist der franz\u00f6sischen nur billig, denn auch franz\u00f6sische Waffen t\u00f6ten aktiv mit im Jemen-Krieg. Dies ergaben, wie ein <a href=\"https:\/\/www.heise.de\/tp\/features\/Frankreich-Waffenverkaeufe-fuer-den-schmutzigen-Krieg-im-Jemen-4400222.html?fbclid=IwAR0Py4Hx8htRnB0wiMtlwxDa4keV1yxxm9MTuv39C5PrMxgMKlGdW_vKqFg\" target=\"_blank\" rel=\"noopener\">Artikel auf Telepolis<\/a> berichtet, journalistische Recherchen. Dennoch bleiben die Franzosen bei ihrer Behauptung, die Waffen w\u00fcrden nur f\u00fcr defensive Aufgaben eingesetzt. Der Jemen-Krieg wird von der UN als aktuell gr\u00f6\u00dfte humanit\u00e4re Krise bezeichnet &#8211; wenn es dabei allerdings Geld zu verdienen gibt, dann scheren sich die Neoliberalen einen feuchten Kehricht um Derartiges. Noch mal pfui! [Karl]<\/p>\n<p>5. Roberto J. De Lapuente beschreibt in seiner <a href=\"https:\/\/www.neues-deutschland.de\/artikel\/1116504.menschenrechte-wir-verpackungsweltmeister.html\" target=\"_blank\" rel=\"noopener\">Kolumne f\u00fcrs <em>neue deutschland<\/em><\/a> sehr treffend, wie sehr Deutschland mittlerweile zu einer schicken Verpackung mit reichlich marodem Inhalt verkommen ist. Beispiele daf\u00fcr f\u00fchrt er etliche auf, vom Kaschieren der Menschenrechtsverletzungen deutscher Unternehmen im Ausland \u00fcber das besch\u00f6nigende Umschreiben des Armutsberichts bis hin zu Betr\u00fcgereien in der Automobilindustrie: Stets gilt es, die \u00d6ffentlichkeit anzul\u00fcgen, um den Exportweltmeister gl\u00e4nzend dastehen zu lassen. Dazu passt dann auch die &#8222;Deutschland geht&#8217;s gut&#8220;-Rhetorik von CDU und Co. Etwas naiv scheint dann aber vor allem der Glaube zu sein, dass nicht irgendwann die h\u00fcbsche Fassade br\u00f6ckelt und der schmutzige Kern zum Vorschein kommt. [Karl]<\/p>\n<p>6. Deutliche Kritik an der Verhaftung Julian Assanges \u00fcbte Noam Chomsky in einem Interview mit dem US-Internetsenders Democracy Now!, und ein <a href=\"https:\/\/www.jungewelt.de\/artikel\/353028.ein-mehrfacher-skandal-noam-chomsky-\u00fcber-die-festnahme-von-assange.html?fbclid=IwAR1gy1C_G8bYg9Ot8kzL-lQoZo5HNnNIabQn9wZ_DqKZKZB-cvzcCtBXmoA\" target=\"_blank\" rel=\"noopener\">Artikel in der <em>jungen Welt<\/em><\/a> macht diese Aussagen nun auch dem deutschen Publikum zug\u00e4nglich. Darin zieht der gro\u00dfe Intellektuelle auch eine Parallele zu den Vorg\u00e4ngen in Brasilien, wo der ehemalige Pr\u00e4sident Lula kurz vor seiner erneuten Wahl zum Staatsoberhaupt inhaftiert wurde und somit f\u00fcr Chomsky ein politischer Gefangener ist. Die Parallelen von den Neoliberalen zu den Faschisten treten in der Tat immer offensichtlicher zutage. [Karl]<\/p>\n<p>7. Dass internationale Konzerne ihre Gewinne gern in sogenannte Steueroasen verschieben, ist ja hinreichend bekannt. Nun hat eine Grafik des US-\u00d6konomen Brad Setser f\u00fcr Aufsehen gesorgt, in der er aufzeigt, wie viele Gewinne von gro\u00dfen US-Konzernen tats\u00e4chlich in gro\u00dfen M\u00e4rkten angegeben werden und wie viele in kleinen Steueroasen &#8211; und das Resultat ist ziemlich eindeutig, wie ein <a href=\"https:\/\/www.spiegel.de\/wirtschaft\/soziales\/steuertricks-grosser-konzerne-kapitalismus-pervers-a-1261496.html\" target=\"_blank\" rel=\"noopener\">Artikel auf <em>Spiegel Online<\/em><\/a> berichtet: 306,7 Mrd.Dollar wurden im Jahr 2018 in sieben kleinen, aber &#8222;steuerfreundlichen&#8220; L\u00e4ndern mit insgesamt 40 Mio. Einwohnern gemeldet, in sieben riesigen M\u00e4rkten mit etwa drei Milliarden Einwohnern, in denen die Ums\u00e4tze also tats\u00e4chlich generiert wurden, wurden hingegen nur 44,2 Mrd. Dollar als Gewinn ausgegeben. Und diese antisoziale Praktiken sind auch noch legal, da man sich eben die Gesetze auf den eigenen nimmersatten Leib schreiben l\u00e4sst. Kapitalismus pervers &#8211; in der Tat eine treffende Bezeichnung daf\u00fcr. [Karl]<\/p>\n<p>8. In keinem anderen Land der EU kann die Tabakindustrie ihre gesundheitssch\u00e4dlichen Produkte noch so in der \u00d6ffentlichkeit bewerben wie in Deutschland, was (mal wieder) an der korrupten CDU liegt, die sich gern Parteitage von der Zigarettenindustrie sponsern l\u00e4sst. Nun bewegt sich zwar mal etwas in der Union, sodass tats\u00e4chlich ein Verbot der Au\u00dfenwerbung (Plakate, Litfa\u00dfs\u00e4ulen) im Raum steht &#8211; und schon kontert die Tabakindustrie mit Einsch\u00fcchterungsma\u00dfnahmen, indem sie einen Brief mit der L\u00fcge, dass ein Totalwerbeverbot drohe, an CDU-Parlamentarier schickt, wie aus einem <a href=\"https:\/\/www.spiegel.de\/wirtschaft\/service\/tabakwerbung-das-maerchen-vom-totalen-werbeverbot-a-1262677.html\" target=\"_blank\" rel=\"noopener\">Artikel auf <em>Spiegel Online<\/em><\/a> hervorgeht. Das f\u00fchrt nun zu weiterem Rumgeeier, sodass es wohl dabei bleiben wird: Die Gesundheit der Bev\u00f6lkerung, gerade auch von Jugendlichen, ist nicht so wichtig wie der Profit von sch\u00e4dlichen Konzernen. [Karl]<\/p>\n<p>9. Deutschland bleibt nach wie vor ein Paradies f\u00fcr kriminelle Geldw\u00e4sche. Daran \u00e4ndert auch die vor eineinhalb Jahren vom damaligen Finanzminister Sch\u00e4uble ins Leben gerufene Geldw\u00e4sche-Spezialeinheit des Zolls FIU (Financial Intelligence Unit) nichts &#8211; ganz im Gegenteil, wie aus einem <a href=\"https:\/\/www.spiegel.de\/panorama\/justiz\/zoll-geldwaesche-spezialeinheit-kriegt-probleme-nicht-in-den-griff-a-1262871.html\" target=\"_blank\" rel=\"noopener\">Artikel auf <em>Spiegel Online<\/em><\/a> hervorgeht. Dort treten nun Probleme auf, die von Beginn an von Fachleuten prognostiziert wurden, zudem wird dort allzu oft fehlerhaft, ungenau und schlampig gearbeitet. Auf diese Weise wird zwar viel Verwaltungsaufwand betrieben, aber wenig gegen Finanzkriminalit\u00e4t unternommen. Na ja, h\u00e4tte mich auch gewundert, wenn gerade eine solche vom Schwarze-Kassen-Sch\u00e4uble geplante Einheit etwas Positives bewirkt h\u00e4tte. [Karl]<\/p>\n<p>10. \u00dcber weitere &#8222;Ermittlungspannen&#8220; im Fall des jahrelangen Kindesmissbrauchs auf einem Campingplatz in nordrhein-westf\u00e4lsichen L\u00fcdge berichtet ein Artikel auf der <a href=\"https:\/\/www.tagesschau.de\/investigativ\/ndr-wdr\/luegde-133.html?fbclid=IwAR00tOV_pKJ7jc5pjcDprRAN75rYnnWWa0UjwE4gRVRfeE1RurH-BTLsbK0\" target=\"_blank\" rel=\"noopener\">Website der <em>Tagesschau<\/em><\/a>. Nun wurde ein Schuppen des Hauptverd\u00e4chtigen &#8222;\u00fcbersehen&#8220; und zum Abriss freigegeben, wobei dann vermutlich einiges an Beweismaterial vernichtet worden sein d\u00fcrfte, denn zumindest der Abrissunternehmer spricht davon, Datentr\u00e4ger beim Ausr\u00e4umen des Schuppens gesehen zu haben. Entweder sind Polizei und Staatsanwaltschaft dort komplett unf\u00e4hig oder aber es sollen bewusst Beweismittel vernichtet werden &#8211; warum auch immer. [Karl]<\/p>\n<p>11. Daniel Kretschmar befasst sich in einem <a href=\"https:\/\/taz.de\/!5585189\/?fbclid=IwAR2KbVRlzt_kovMxNRh6SJwt_ku6_gifsKsX0AUZctxU7ra4J6nsP9LoSKc\" target=\"_blank\" rel=\"noopener\">Kommentar in der <em>taz<\/em><\/a> mit einem Artikel in Springers <em>Welt<\/em>, in dem tats\u00e4chlich versucht wurde, Adolf Hitler als in jungen Jahren auch mal linksextrem darzustellen. Was absurd klingt, verfolgt nat\u00fcrlich eine eindeutige Intention: generell alles Linke zu delegitimieren, somit jede Kritik an den herrschenden Zust\u00e4nden in die N\u00e4he der Nationalsozialisten r\u00fccken zu k\u00f6nnen und die sogenannte Mitte als Bewahrer der demokratischen Grundwerte dazustellen. So offensichtlich, so sch\u00e4big &#8211; aber so was ist man von Springers Hetzbl\u00e4ttern ja eh schon gewohnt, auch wenn es in diesem Fall wahrhaft groteske Bl\u00fcten treibt und man zudem den argumentativen Schulterschluss mit Rechtsextremen wie Erika Steinbach sucht. [Karl]<\/p>\n<p>12. F\u00fcr viel Wirbel sorgte ja in den letzten Wochen das Berliner\u00a0Volksbegehren\u00a0 \u201eDeutsche Wohnen &amp; Co. enteignen\u201c, und nat\u00fcrlich ist auch da wieder mal Springer vorn mit dabei, um Stimmung zu machen, diesmal vor allem mit der <em>BILD<\/em>. Da werden dann Behauptungen aufgestellt, die nicht zutreffen, Begriffe suggestiv verwendet und Aussagen verdreht oder verk\u00fcrzt, um gegen <em>BILDs<\/em>\u00a0Lieblingsfeind, die Gr\u00fcnen, hetzen zu k\u00f6nnen. In einem <a href=\"https:\/\/www.volksverpetzer.de\/aktuelles\/enteignungen\/?fbclid=IwAR1kTEOLDdgrG4UUtka8JUR00LGOCt-LmiUZN3VXk_AKrPNcNExQEnlAgAU\" target=\"_blank\" rel=\"noopener\">Artikel auf <em>Der Volksverpetzer<\/em><\/a> werden diese Unwahrheiten nun mal geradeger\u00fcckt, allerdings d\u00fcrfte das leider kaum dazu f\u00fchren, dass die <em>BILD<\/em>-L\u00fcgen aus dem \u00f6ffentlichen Diskurs verschwinden werden, da sie mittlerweile schon viel zu oft weitergetratscht wurden von <em>BILD<\/em>-Leser. [Karl]<\/p>\n<p>13. Die Bundesregierung macht weiter Fl\u00fcchtlingspolitik, wie sie auch von der AfD kaum menschenfeindlicher durchgef\u00fchrt werden k\u00f6nnte. Was sich f\u00fcr deutliche Verschlechterungen f\u00fcr Gefl\u00fcchtete mit dem in der letzen Wochen beschlossenen\u00a0sogenannten Geordnete-R\u00fcckkehr-Gesetz und einer \u00c4nderung des Asylbewerberleistungsgesetzes einhergehen, wird in einem <a href=\"https:\/\/www.proasyl.de\/news\/kabinett-beschliesst-massive-verschlechterungen-fuer-gefluechtete\/\" target=\"_blank\" rel=\"noopener\">Artikel von <em>PRO ASYL<\/em><\/a> geschildert. Dabei stehen diese neuen Ma\u00dfnahmen teilweise im Widerspruch zum Grundgesetz. Politik wird leider immer mehr auf Kosten der Schw\u00e4chsten gemacht &#8211; und die sogenannten Parteien der Mitte r\u00fccken immer weiter nach rechts. [Karl]<\/p>\n<p>&nbsp;<\/p>\n","protected":false},"excerpt":{"rendered":"<p>An dieser Stelle pr\u00e4sentieren wir regelm\u00e4\u00dfig Links, die wir unter der Woche entdeckt haben, zu denen wir selbst nicht mehr viel schreiben m\u00fcssen und die wir teilenswert finden. Viel Spa\u00df beim Lesen und Anschauen!<\/p>\n","protected":false},"author":5,"featured_media":0,"comment_status":"open","ping_status":"open","sticky":false,"template":"","format":"standard","meta":{"footnotes":""},"categories":[193],"tags":[],"class_list":["post-14914","post","type-post","status-publish","format-standard","hentry","category-woechentliches"],"_links":{"self":[{"href":"https:\/\/www.unterstroemt.de\/index.php?rest_route=\/wp\/v2\/posts\/14914","targetHints":{"allow":["GET"]}}],"collection":[{"href":"https:\/\/www.unterstroemt.de\/index.php?rest_route=\/wp\/v2\/posts"}],"about":[{"href":"https:\/\/www.unterstroemt.de\/index.php?rest_route=\/wp\/v2\/types\/post"}],"author":[{"embeddable":true,"href":"https:\/\/www.unterstroemt.de\/index.php?rest_route=\/wp\/v2\/users\/5"}],"replies":[{"embeddable":true,"href":"https:\/\/www.unterstroemt.de\/index.php?rest_route=%2Fwp%2Fv2%2Fcomments&post=14914"}],"version-history":[{"count":11,"href":"https:\/\/www.unterstroemt.de\/index.php?rest_route=\/wp\/v2\/posts\/14914\/revisions"}],"predecessor-version":[{"id":14937,"href":"https:\/\/www.unterstroemt.de\/index.php?rest_route=\/wp\/v2\/posts\/14914\/revisions\/14937"}],"wp:attachment":[{"href":"https:\/\/www.unterstroemt.de\/index.php?rest_route=%2Fwp%2Fv2%2Fmedia&parent=14914"}],"wp:term":[{"taxonomy":"category","embeddable":true,"href":"https:\/\/www.unterstroemt.de\/index.php?rest_route=%2Fwp%2Fv2%2Fcategories&post=14914"},{"taxonomy":"post_tag","embeddable":true,"href":"https:\/\/www.unterstroemt.de\/index.php?rest_route=%2Fwp%2Fv2%2Ftags&post=14914"}],"curies":[{"name":"wp","href":"https:\/\/api.w.org\/{rel}","templated":true}]}}