{"id":15109,"date":"2019-05-26T17:14:31","date_gmt":"2019-05-26T15:14:31","guid":{"rendered":"https:\/\/www.unterstroemt.de\/?p=15109"},"modified":"2019-05-26T17:14:31","modified_gmt":"2019-05-26T15:14:31","slug":"interessantes-aus-kw-21-2019","status":"publish","type":"post","link":"https:\/\/www.unterstroemt.de\/?p=15109","title":{"rendered":"Interessantes aus KW 21\/2019"},"content":{"rendered":"<p>An dieser Stelle pr\u00e4sentieren wir regelm\u00e4\u00dfig Links, die wir unter der Woche entdeckt haben, zu denen wir selbst nicht mehr viel schreiben m\u00fcssen und die wir teilenswert finden. Viel Spa\u00df beim Lesen und Anschauen!<\/p>\n<p>1. Schlechte Nachrichten aus Australien: Dort ist \u00fcberraschend (wenn man von den vorherigen Prognosen ausgeht) der konservative und wirtschaftsliberale Kohlefreund Scott Morrison als Premierminister wiedergew\u00e4hlt worden, wie ein <a href=\"https:\/\/www.klimareporter.de\/international\/australien-waehlt-kohlefreunde?fbclid=IwAR3ojy4Tj9A-wXK_NCTRJslbD1FBcn8xsDWQzm23lGtTRg4tKmwrQjGT0kk\" target=\"_blank\" rel=\"noopener noreferrer\">Artikel auf <em>klimareporter<\/em><\/a> berichtet. Klimaschutz scheint insofern f\u00fcr die Australier nicht so wichtig zu sein &#8211; und das, obwohl die Auswirkungen des Klimawandels dort schon deutlich zu sp\u00fcren sind. &#8222;Verbl\u00f6det in den Abgrund&#8220; scheint leider das Motto unserer Zeit zu sein &#8230; [Karl]<\/p>\n<p>2. Eine sehr gelungene <a href=\"https:\/\/www.falter.at\/archiv\/wp\/ich-ich-ich?fbclid=IwAR2SBsWqO-w3KmgrbtCpNnTTYWli3pZKzKMhp8IPVXgMzDdhUyjs_47Quvc\" target=\"_blank\" rel=\"noopener noreferrer\">Analyse des Neuwahl-Statements von Sebastian Kurz<\/a> bietet Natascha Strobl auf <em>Falter.at<\/em>. Darin zeigt sie auf, wie sehr der \u00f6sterreichische Bundeskanzler nur um sich selbst kreist, sich schon fast messianisch als Heilsbringer, M\u00e4rtyrer und Opfer geriert und so den eigentlichen Hintergrund des Scheitern des \u00d6VP-FP\u00d6-Regierung (das sogenannte Ibiza-Video) kaum thematisiert. Strobl erinnert das an die Rhetorik von J\u00f6rg Haider &#8211; mich, da ich gerade &#8222;LTI&#8220; von Victor Klemperer lese, noch an etwas viel Finsteres. [Karl]<\/p>\n<p>3. W\u00fcrde das jemanden wundern? Laut einer <a href=\"https:\/\/www.spiegel.de\/wirtschaft\/unternehmen\/deutsche-bank-mitarbeiter-wollten-offenbar-trump-transaktionen-melden-a-1268233.html\" target=\"_blank\" rel=\"noopener noreferrer\">Meldung auf <em>Spiegel Online<\/em><\/a> sollen Mitarbeiter der Deutschen Bank, die verd\u00e4chtige Finanztransaktionen Unternehmen, die US-Pr\u00e4sident Donald Trump und seinem Schwiegersohn Jared Kushner geh\u00f6ren, von ihren Vorgesetzten daran gehindert worden sein, diese Informationen weiterzuleiten, damit deswegen h\u00e4tte ermittelt werden k\u00f6nnen. Sollte sich das tats\u00e4chlich bewahrheiten (wonach es gerade schwer aussieht), dann zeigte dieser Vorfall nur mal wieder, wie durch und durch kriminell das Finanzwesen ist. [Karl]<\/p>\n<p>4. Das Ibiza-Video von \u00d6sterreichs Vizekanzler Heinz-Christian Strache von der rechtsextremen FP\u00d6 hat ja f\u00fcr viel Wirbel und letztlich auch zum Bruch der Regierungskoalition gesorgt. Nun stellte sich die Frage, ob eine solche heimliche Aufnahme \u00fcberhaupt rechtlich o. k. sei. Heinrich Schmitz widmet sich in seiner <a href=\"https:\/\/causa.tagesspiegel.de\/kolumnen\/heinrich-schmitz\/welche-rechte-hat-heinz-christian-strache.html?fbclid=IwAR3bxBeCuflvOHl-dI97DFLhYyIERjx-__IHlV1jdKNZvsM2_9CJCbsRzuk\" target=\"_blank\" rel=\"noopener noreferrer\">Kolumne f\u00fcr <em>Tagesspiegel Causa<\/em><\/a> dieser Frage und erl\u00e4utert sie, wie immer, gut verst\u00e4ndlich und mit viel Sachverstand. Sein Fazit: alles im gr\u00fcnen Bereich. [Karl]<\/p>\n<p>5.\u00a0Die Leute von Pegida bezeichnen sich ja gern als besorgte B\u00fcrger, die nur ein bisschen spazieren gehen. 198 Ermittlungsverfahren wegen diverser Delikte seit 2014 in Dresden im Pegida-Umfeld, u. a. wegen gef\u00e4hrlicher K\u00f6rperverletzung, der Verwendung verfassungsfeindlicher Symbole, N\u00f6tigung, Raub, Landfriedensbruch, Widerstand gegen Vollstreckungsbeamte, Sachbesch\u00e4digung und Landfriedensbruch, sprechen da eine andere Sprache, wie aus einer <a href=\"https:\/\/www.mdr.de\/sachsen\/dresden\/dresden-radebeul\/ermittlungen-pegida-100.html?fbclid=IwAR3S2-YZnjUH4pzGZxNW3JvEkPla2VjEuY4ZT-JbUuxKJLyC5FuCMmC08d4\" target=\"_blank\" rel=\"noopener noreferrer\">Meldung vom <em>MDR Sachsen<\/em><\/a> hervorgeht.\u00a0Na ja, wie der Herr, so das Gescherr. Was erwartet man schon von Leute, die einem mehrfache vorbestraften Kriminellen hinterherdackeln? [Karl]<\/p>\n<p>6. Wer bezahlt, bestimmt die Musik. Auf diese einfache Formel kann man die bisherige Arbeit der \u00f6sterreichischen \u00d6VP-FP\u00d6-Regierung unter Sebastian Kurz herunterbrechen. Was Vizekanzler Strache im Ibiza-Video verk\u00fcndete, wurde schon l\u00e4ngst praktiziert: Es gab intransparente Zuwendungen, sodass die beiden Parteien im Wahlkampf mehr Geld ausgeben konnten, als sie offiziell eingenommen haben, und diejenigen, die zu den ver\u00f6ffentlichten Spendern z\u00e4hlten, konnten sich \u00fcber sch\u00f6ne Geschenke in Form von Steuererleichterungen und Arbeitsrechtsverschlechterungen freuen, wie ein <a href=\"https:\/\/kontrast.at\/ibiza-affaere-kurz\/\" target=\"_blank\" rel=\"noopener noreferrer\">Artikel auf <em>Kontrast<\/em><\/a> berichtet. Da kann Kurz noch so sehr versuchen, den Saubermann zu geben, f\u00fcr mich riecht das sehr direkt nach Korruption. [Karl]<\/p>\n<p>7. Wenn ein Fl\u00fcchtling in Italien ankommt, sich dort registriert, dann weiter nach Deutschland reist und hier (wegen nicht Anerkennung seines Asylantrags) zur\u00fcck nach Italien geschickt wird (da er sich dort erstmalig hat registrieren lassen), dann hat der Fl\u00fcchtling dort sein Recht auf eine Unterkunft verwirkt. So berichtet <em>Monitor<\/em> (<em>WDR<\/em>) in einem <a href=\"https:\/\/www1.wdr.de\/daserste\/monitor\/videos\/video-hilflos-obdachlos-chancenlos-das-elend-der-fluechtlinge-in-italien-100.html\" target=\"_blank\" rel=\"noopener noreferrer\">achtmin\u00fctigen Bericht<\/a> von Familien, denen es genau so erging. Es scheint schon praktisch, dass die Menschen in den W\u00fcsten Afrikas verdursten oder im Mittelmeer ertrinken, dann m\u00fcssen wir sie in Europa nicht mehr selbst erschie\u00dfen oder in Selbstmord, Drogen oder Kriminalit\u00e4t treiben (zuzuschauen und diese Politik zu unterst\u00fctzen hei\u00dft, mit schuldig zu sein). [Dirk]<\/p>\n<p>8. <em>Monitor<\/em> (<em>WDR<\/em>) #2 mit einem <a href=\"https:\/\/www1.wdr.de\/daserste\/monitor\/sendungen\/steuertransparenz-100.html\" target=\"_blank\" rel=\"noopener noreferrer\">neunmin\u00fctigen Bericht<\/a>: Es fehlt an allen Ecken und Enden an Geld f\u00fcr soziale Leistungen in Deutschland und ganz Europa, ja eigentlich fast weltweit. Aber anstatt es von denen zu nehmen, denen wir es bereitwillig in den nimmersatten Rachen werfen, wird politisch einfach weiter an Bildung, Umweltschutz und Sozialleistungen gek\u00fcrzt. Und jeder von uns, der Produkte von diesen nimmersatten Unternehmen kauft, der tr\u00e4gt ebenfalls seinen Teil dazu bei (und das gilt wohl f\u00fcr fast jeden multinationalen Konzern). Klar, ein Mobiltelefon aus Deutschland ist schwer zu erhalten, aber dann vielleicht mal nicht die ein bis zwei Beispiel hervorkramen, wo es eben nicht geht, sondern bei den anderen Produkten handeln und den Konsum einstellen, wo klar ist, in welchem Ma\u00dfe diese Konzerne betr\u00fcgen. Aber was will man auch von den Deutschen erwarten, die weiter SUVs kaufen und der kriminell agierenden Autoindustrie weiter ihre Fahrzeuge bereitwillig abnehmen? Sorry, aber Resignation und Frustration machen sich bei mir breit. [Dirk]<\/p>\n<p>9. Auch wenn es vielen schon zu den Ohren raush\u00e4ngt: Hier ein <a href=\"https:\/\/www.youtube.com\/watch?v=14w8WC1I3S4\" target=\"_blank\" rel=\"noopener noreferrer\">13-min\u00fctiges Video von Greta Thunberg<\/a>,die am 16. April vor dem Europ\u00e4ischen Parlament sprach. Mich macht das emotional fertig: Die Leute schauen, staunen, klatschen (dr\u00fccken vielleicht sogar eine ernst gemeinte Tr\u00e4ne ab), und dann nehmen sie den fetten Dienstwagen zum Flughafen, fliegen f\u00fcr eine unn\u00f6tigen Lobbyveranstaltung an das andere Ende der Welt (weil sie als europ\u00e4ische Abgeordnete gro\u00dfz\u00fcgiges Reise- und Tagesgeld erhalten) und posten abends (nach einem Hotelessen aus gequ\u00e4lten Tieren aus der Massenhaltung mit Eis aus dem Himalaya und einer d\u00fcnnen Dekoration aus Blattgold) \u00fcber ihr nagelneues iPad das Video von Greta auf ihrem Facebook- und YouTube-Kanal. [Dirk]<\/p>\n<p>10. Dass die sogenannte Griechenland-Rettung nichts anderes war als eine weitere Bankenrettung, ist ja nichts ganz Neues f\u00fcr politisch Interessierte. Neu ist hingegen, wie ein <a href=\"https:\/\/www.jungewelt.de\/artikel\/355233.eurozone-bluten-f\u00fcr-die-banken.html?fbclid=IwAR3g4Myn9g_YX8_i3oLmIEoxW54MLVzH_Z1ONBlx7Tloe2k1hqtBdvcM2iA\" target=\"_blank\" rel=\"noopener noreferrer\">Artikel in der <em>jungen Welt<\/em><\/a> berichtet, dass dies nun auch ganz offen vom Internationalen W\u00e4hrungsfond (IWF) zugegeben wird. Anstatt also die Verursacher der Krise auch die Kosten tragen zu lassen, wurden die Verluste so auf die \u00f6ffentlichen Kassen umgelegt, was in Griechenland dann zu katastrophalen Zust\u00e4nden f\u00fchrte. Politik als Dienstleister der Finanzindustrie zum Schaden der Allgemeinheit. [Karl]<\/p>\n<p>11. Rechte Agitation im Internet macht sich immer mehr breit, und das auch auf eigentlich unverd\u00e4chtigen Gebieten, wie ein f\u00fcnfmin\u00fctiger <a href=\"https:\/\/www.deutschlandfunk.de\/soziale-medien-influencer-der-neuen-rechten.2907.de.html?dram%3Aarticle_id=449312&amp;fbclid=IwAR1ROVZgygqGXxkciznD71jlVaVpWynGL9p-Y3zfRCgZqAfIV8axCl_hQ6E\" target=\"_blank\" rel=\"noopener noreferrer\">Beitrag des <em>Deutschlandfunks<\/em><\/a>\u00a0(liegt auch in transkribierter Form vor) feststellt: So werden beispielsweise in Koch- und Lifestyle-Videos auf YouTube mehr oder weniger unterschwellig rassistische Inhalte vermittelt, rechtsextreme Klamottenmarken gezeigt oder den Zuschauern Wahlempfehlungen f\u00fcr rechte Parteien untergejubelt. Dabei gehen die Rechtsextremen gut vernetzt und organisiert vor, sodass die Algorithmen der Internetfirmen diese Propaganda noch verst\u00e4rken. Gef\u00e4hrliche Sache! [Karl]<\/p>\n<p>12. Kreuzfahrtschiffe machen nicht nur Dreck, wenn sie fahren, sondern auch wenn sie in H\u00e4fen liegen, denn auch dort laufen die Motoren. Die L\u00f6sung zumindest dieses Problems k\u00f6nnten Landstromanlagen sein, doch werden diese von den Reedereien nicht viel genutzt, da der Strom teurer ist als der umweltsch\u00e4dliche Diesel. Nun k\u00f6nnte man ja die Kreuzschiffunternehmen einfach verpflichten, diesen Strom zu \u00fcbernehmen, aber Hamburgs Erster Br\u00fcgermeister Peter Tschentscher (SPD) hat eine andere Idee, wie ein <a href=\"https:\/\/www.ndr.de\/fernsehen\/sendungen\/panorama3\/Neue-Staatshilfen-fuer-Kreuzfahrtschiffe,kreuzfahrt698.html?fbclid=IwAR0qBrklVbmwSynpnbg0hneUycIl8lVUyCarRPEhvE0J7g0v_WF08Q892oY\" target=\"_blank\" rel=\"noopener noreferrer\">Artikel des <em>NDR<\/em><\/a> berichtet: Der Strom f\u00fcr die Kreuzfahrtschiffe sollte eine um 80 % reduzierte EEG-Umlage erhalten, die Differenz zahlt dann der Steuerzahler. Ohne weitere Worte &#8230; [Karl]<\/p>\n<p>13. Und auch im Bundesjustizministerium von Katarina Barley (SPD) versteht man sich gut darauf, Konzernen zu Diensten zu sein zulasten der B\u00fcrger. So blockiert man dort gerade eine bessere Durchsetzung von Regeln zur Netzneutraltit\u00e4t, wie sie vom Bundeswirtschaftsministerium und vom Bundesverkehrsministerium gefordert wird, indem keine ausreichenden Strafen bei Verst\u00f6\u00dfen zugelassen werden, was aus einem <a href=\"https:\/\/netzpolitik.org\/2019\/katarina-barley-stellt-sich-gegen-netzneutralitaet\/?fbclid=IwAR14AKiBg9DdUHCpKHTypFtLf9vVQgnmU4_xxSrqfB5seZ1_wbvG_CpN6Yo\" target=\"_blank\" rel=\"noopener noreferrer\">Artikel von <em>Netzpolitik.org<\/em><\/a> hervorgeht. Das Justizministerium beruft sich dabei auf angeblich nicht konkrete Formulierungen im entsprechenden EU-Gesetz, wobei andere EU-Staaten das anscheinend nicht so sehen und deutlich empfindlichere Strafen verh\u00e4ngen. Deutschland, das Land der korrumpierten Politik. [Karl]<\/p>\n<p>14. Bundeskanzlerin Angela Merkel (CDU) ist ja vor allem daf\u00fcr bekannt, keine klare Haltung zu haben, keine Positionen zu beziehen, Dinge auszusitzen und rumzulavieren. Wie fatal dieses unverantwortliche Verhalten ist, geht aus einem <a href=\"http:\/\/www.umweltinstitut.org\/aktuelle-meldungen\/meldungen\/2019\/klima\/merkel-als-klimakanzlerin-ein-totalausfall.html?utm_source=CleverReach&amp;utm_medium=email&amp;utm_campaign=Newsletter+-+23.05.2019_oIA&amp;utm_content=Mailing_7313596\" target=\"_blank\" rel=\"noopener noreferrer\">Artikel vom <em>Umweltinstitut M\u00fcnchen<\/em><\/a> hervor, in dem die fr\u00fcher als &#8222;Klimakanzlerin&#8220; bezeichnete Merkel als &#8222;Totalausfall&#8220; benannt wird. Und das zu Recht, wenn man sich anschaut, dass stets nur unverbindliche Zusagen zum Klimaschutz getroffen werden, die dann doch nicht eingehalten werden. Und auch wenn Merkel als Politikerin eine komplette Versagerin ist, so deutet sich jedoch auch schon an, dass unter ihrer Nachfolgerin Annegret Kramp-Karrenbauer kaum etwas besser werden d\u00fcrfte. [Karl]<\/p>\n<p>15. Auf <em>jetzt<\/em> findet sich ein interessantes <a href=\"https:\/\/www.jetzt.de\/politik\/internet-hetze-vor-der-europawahl-axel-urban-von-ichbinhier-ueber-rechte-trolle-im-netz?fbclid=IwAR3Bm9QioC-psx6l-577L61AO7R1VisV8WR2-oZiHv7y6_QTgydtgzul-Fc\" target=\"_blank\" rel=\"noopener noreferrer\">Interview mit Alex Urban<\/a> von der Facebook-Gruppe #ichbinhier, die versucht, mit Kommentaren, Argumenten und sachlicher Diskussion rechter Hetze und Desinformation in sozialen Medien entgegenzuwirken. Das ist eine ziemliche Sisyphos-Arbeit, aber vor allem dort wichtig, vor Social-Media-Redaktionen nicht gen\u00fcgend moderieren, um rechter Hetze entgegenzutreten und diese im Zweifelsfall auch einfach zu l\u00f6schen. Gut, dass es solche Menschen wie Alex Uraban gibt &#8211; und schlimm, dass es sie geben muss. [Karl]<\/p>\n<p>16. Auf den <em>NachDenkSeiten<\/em> findet sich ein interessantes <a href=\"https:\/\/www.nachdenkseiten.de\/?p=52045&amp;fbclid=IwAR0jBzt0keQRYYGfHbpXhZm7_TY1PYwYq49d2Zweekyv-nvLZWI0xtPrRus\" target=\"_blank\" rel=\"noopener noreferrer\">Interview mit dem Autor Timm Koch<\/a> (&#8222;Das Supermolek\u00fcl. Wie wir mit Wasserstoff die Zukunft erobern&#8220;) zum Thema Klimaschutz und welchen Beitrag Wasserstoff daf\u00fcr leisten kann. Dabei geht er hart ins Gericht mit der bisherigen Klimapolitik unter Angela Merkel (s. auch Hinweis 14) und zeigt zugleich auf, welche politischen Ma\u00dfnahmen notwendig w\u00e4ren, um einen nachhaltigen gesellschaftlichen Umbau hin zur Nutzung von Wasserstoff statt fossiler Brennstoffe voranzubringen. [Karl]<\/p>\n","protected":false},"excerpt":{"rendered":"<p>An dieser Stelle pr\u00e4sentieren wir regelm\u00e4\u00dfig Links, die wir unter der Woche entdeckt haben, zu denen wir selbst nicht mehr viel schreiben m\u00fcssen und die wir teilenswert finden. Viel Spa\u00df beim Lesen und Anschauen!<\/p>\n","protected":false},"author":5,"featured_media":0,"comment_status":"open","ping_status":"open","sticky":false,"template":"","format":"standard","meta":{"footnotes":""},"categories":[193],"tags":[],"class_list":["post-15109","post","type-post","status-publish","format-standard","hentry","category-woechentliches"],"_links":{"self":[{"href":"https:\/\/www.unterstroemt.de\/index.php?rest_route=\/wp\/v2\/posts\/15109","targetHints":{"allow":["GET"]}}],"collection":[{"href":"https:\/\/www.unterstroemt.de\/index.php?rest_route=\/wp\/v2\/posts"}],"about":[{"href":"https:\/\/www.unterstroemt.de\/index.php?rest_route=\/wp\/v2\/types\/post"}],"author":[{"embeddable":true,"href":"https:\/\/www.unterstroemt.de\/index.php?rest_route=\/wp\/v2\/users\/5"}],"replies":[{"embeddable":true,"href":"https:\/\/www.unterstroemt.de\/index.php?rest_route=%2Fwp%2Fv2%2Fcomments&post=15109"}],"version-history":[{"count":18,"href":"https:\/\/www.unterstroemt.de\/index.php?rest_route=\/wp\/v2\/posts\/15109\/revisions"}],"predecessor-version":[{"id":15143,"href":"https:\/\/www.unterstroemt.de\/index.php?rest_route=\/wp\/v2\/posts\/15109\/revisions\/15143"}],"wp:attachment":[{"href":"https:\/\/www.unterstroemt.de\/index.php?rest_route=%2Fwp%2Fv2%2Fmedia&parent=15109"}],"wp:term":[{"taxonomy":"category","embeddable":true,"href":"https:\/\/www.unterstroemt.de\/index.php?rest_route=%2Fwp%2Fv2%2Fcategories&post=15109"},{"taxonomy":"post_tag","embeddable":true,"href":"https:\/\/www.unterstroemt.de\/index.php?rest_route=%2Fwp%2Fv2%2Ftags&post=15109"}],"curies":[{"name":"wp","href":"https:\/\/api.w.org\/{rel}","templated":true}]}}