{"id":15123,"date":"2019-05-23T09:24:09","date_gmt":"2019-05-23T07:24:09","guid":{"rendered":"https:\/\/www.unterstroemt.de\/?p=15123"},"modified":"2019-05-23T09:24:09","modified_gmt":"2019-05-23T07:24:09","slug":"das-rezo-video-und-die-schaebige-reaktion-der-cdu-darauf","status":"publish","type":"post","link":"https:\/\/www.unterstroemt.de\/?p=15123","title":{"rendered":"Das Rezo-Video &#8211; und die sch\u00e4bige Reaktion der CDU darauf"},"content":{"rendered":"<p>Das Video <a href=\"https:\/\/www.youtube.com\/watch?v=4Y1lZQsyuSQ&amp;feature=youtu.be\">&#8222;Die Zerst\u00f6rung der CDU&#8220;<\/a> des <em>YouTube<\/em>-Videobloggers Rezo (unbedingt anschauen, die 55 Minuten vergehen wie im Flug, und das ist echt super gemacht) verbreitet sich zurzeit ja massiv \u00fcber soziale Medien und hatte gestern bereits mehr als vier Millionen Menschen erreicht. Rezo findet dabei deutliche Worte f\u00fcr die Politik der CDU, die er als inkompetent und destruktiv beschreibt und dies mit Hunderten von Quellen belegt. Und wie regiert die CDU darauf? Auf allersch\u00e4bigste Art und Weise, n\u00e4mlich nicht argumentativ, sondern mit P\u00f6beleien, Diffamierungen und &#8222;Fake News&#8220;-Geb\u00f6lke. Damit \u00fcbernimmt man dann endg\u00fcltig das Diskursverhalten der Antidemokraten von der AfD \u00a0und entlarvt sich als Partei, die nicht mehr dem demokratischen Spektrum zugez\u00e4hlt werden kann.<\/p>\n<p>Dabei ist das Video von Rezo doch eigentlich eine gute Sache, die das unterst\u00fctzt, was auch von CDU-Politikern in Sonntagsreden immer wieder gefordert wird: Junge Menschen sollten sich st\u00e4rker f\u00fcr Politik interessieren. Und nun gelingt genau dies einem jungen Mann, der so einen Populismus im positiven Sinne, wie ich ihn gerade letzte Woche in einem <a href=\"https:\/\/www.unterstroemt.de\/?p=15078\" target=\"_blank\" rel=\"noopener noreferrer\">Artikel hier auf <em>unterstr\u00f6mt<\/em><\/a> beschrieb betreibt: Auf gut verst\u00e4ndliche Weise wird Komplexes erkl\u00e4rt, das Ganze ist gut belegt und dient nicht dazu, den eigenen Wissensvorsprung zu vergr\u00f6\u00dfern, sondern zu verkleinern.<\/p>\n<p>Nur ist das Video inhaltlich eben nicht gerade im Sinne der CDU, denn deren Image, das ja vor allem darauf abstellt, die Partei der Mitte zu sein, wird schon sehr deutlich demontiert, zudem wird auch noch die Inkompetenz der CDU hervorgehoben, die sich ja gern seri\u00f6s geriert als politische Kraft, die qualifiziert agiert.\u00a0Man ist zwar als politisch interessierter Mensch von der CDU mittlerweile gewohnt, dass sie inkompetente (Karliczek, Altmaier), korrumpierte (Spahn, Scheuer, Kl\u00f6ckner, von der Leyen) und sogar rechtsextreme (Seehofer) Personen auf Bundesministerposten hievt, aber was die Drogenbeauftragte der Partei Marlene Mortler an vollkommen fehlender Qualifikation offen in dem Video zur Schau stellt, das ist schon eine solche Frechheit, dass es an Verachtung demokratischer Prozesse und Positionen grenzt und vor allem einen Schluss zul\u00e4sst: Anscheinend ist es bei der CDU \u00fcberhaupt nicht wichtig, was jemand draufhat, Hauptsache, er oder sie hat sich im Parteiapparat hochgedient und wird dann daf\u00fcr mit einem lukrativen P\u00f6stchen belohnt. Das ist offener Kader-Nepotismus, und so was hat in einer Demokratie nichts zu suchen!<\/p>\n<p>So einen Enttarnung der Verlogenheit der eigenen Darstellung st\u00f6\u00dft der CDU nat\u00fcrlich sauer auf, genauso wie die Tatsache, dass politisch Uninteressierte \u00fcber die miesen Machenschaften der Partei informiert werden, da gerade diese Menschen ja sonst h\u00e4ufig CDU gew\u00e4hlt haben (s. <a href=\"https:\/\/www.unterstroemt.de\/?p=14420\" target=\"_blank\" rel=\"noopener noreferrer\">hier<\/a>). Und nach den Vorw\u00fcrfen im Video sollte man nun meinen, dass die CDU eine qualifiziert argumentative Reaktion folgen l\u00e4sst, um Rezo eben allein damit schon ein St\u00fcck weit zu widerlegen.<\/p>\n<p>Doch weit gefehlt &#8230;<\/p>\n<p>Wie aus einem <a href=\"https:\/\/t3n.de\/news\/rezo-interview-cdu-1165280\/\" target=\"_blank\" rel=\"noopener noreferrer\"><em>t3n<\/em>-Interview mit Rezo<\/a> und einem <a href=\"https:\/\/www.volksverpetzer.de\/medien\/cdu-reagiert-rezo\/?fbclid=IwAR2wB2NuIxK-5YAQkITVJKePUY9i3Tggb9-1CzwP83Pm5Ox9d1W-JTF0cN0\" target=\"_blank\" rel=\"noopener noreferrer\">Artikel auf <em>Der Volksverpetzer<\/em><\/a> hervorgeht, wird von CDU-Politikern vor allem gep\u00f6belt, Rezo wird pers\u00f6nlich angegriffen und als inkompetent zu diffamieren versucht, zudem wird trotz der zahlreichen Belege, die er f\u00fcr seine im Video get\u00e4tigten Aussagen angef\u00fchrt hat, der Vorwurf &#8222;Fake News&#8220; herausgebl\u00f6kt. Und selbst f\u00fcr offene Rechtsau\u00dfenrhetorik wie &#8222;linksgr\u00fcner Aktivist&#8220; (wenigstens &#8222;versiffter&#8220; wurde weggelassen) war sich Jens M\u00fcnster von der JU nicht zu schade. Dabei w\u00e4re eine (zumindest partielle) Kritik an Rezo durchaus m\u00f6glich gewesen, wie der oben verlinkte Volksverpetzer-Artikel ebenfalls darlegt. Aber dazu scheint man bei der CDU nicht willens und\/oder in der Lage zu sein.<\/p>\n<p>Das ist nicht nur ein politisches, sondern auch ein intellektuelles Armutszeugnis und zeigt f\u00fcr mich, dass die CDU mittlerweile in der Tat ein Haufen von inkompetenten Karrieristen zu sein scheint, die sich von der AfD so gut wie nicht mehr unterscheidet. Was ja auch damit zusammenpasst, dass sich immer weiter an die Blaubraunen rangewanzt wird seit l\u00e4ngerer Zeit (s. <a href=\"https:\/\/www.unterstroemt.de\/?p=6097\" target=\"_blank\" rel=\"noopener noreferrer\">hier<\/a> und <a href=\"https:\/\/www.unterstroemt.de\/?p=14099\" target=\"_blank\" rel=\"noopener noreferrer\">hier<\/a>).<\/p>\n<p>Insofern hat das Video noch einen weiteren positiven Effekt: Es entlarvt die CDU endg\u00fcltig als das, was sie ist: eine Partei, die keinen demokratischen Anstand mehr hat und ihre vollkommene Korrumpiertheit mit \u00fcbelsten rechtspopulisitischen Methoden verteidigt. Von so einer Tr\u00fcmmertruppe ist nichts Konstruktives zu erwarten, und das sollte man in dieser Deutlichkeit auch allen W\u00e4hler mitteilen.<\/p>\n<p>Und nun h\u00f6re ich schon diejenigen, die sagen: &#8222;Ja, aber die anderen Parteien kann man ja auch nicht w\u00e4hlen, die sind ja auch nicht viel besser!&#8220;<\/p>\n<p>Das stimmt nat\u00fcrlich schon, aber da sollte man dann doch mal ein bisschen hinschauen, warum das so ist:<\/p>\n<p>Die SPD ist unw\u00e4hlbar &#8211; seit die Seeheimer die Partei immer mehr an die <strong>CDU<\/strong> angen\u00e4hert haben.<\/p>\n<p>Die FDP ist unw\u00e4hlbar &#8211; seit sie mit dem Lambsdorff-Papier ihr sozialliberales Profile gegen ein wirtschaftsliberales getauscht hat, um mit der <strong>CDU<\/strong> zu koalieren.<\/p>\n<p>Die Gr\u00fcnen sind unw\u00e4hlbar &#8211; seit sie immer h\u00e4ufiger mit der <strong>CDU<\/strong> koalieren und offen deren Politik betreiben.<\/p>\n<p>Die AfD ist ohnehin unw\u00e4hlbar &#8211; und sie ist ein Kind der <strong>CDU<\/strong>\u00a0(s. dazu <a href=\"https:\/\/www.unterstroemt.de\/?p=6796\" target=\"_blank\" rel=\"noopener noreferrer\">hier<\/a>) um die Positionen von deren rechtem Fl\u00fcgel offen zu artikulieren und rechtspopulistisch unzufriedene W\u00e4hler einzufangen.<\/p>\n<p>Die Gemeinsamkeit ist un\u00fcbersehbar, oder? Die CDU.<\/p>\n<p>Insofern sollte man da zun\u00e4chst mal an die Wurzel gehen und das Grund\u00fcbel hinter den immer deutlicher zutage tretenden sozialen und \u00f6kologischen Verwerfungen von politischer Macht fernhalten.<\/p>\n<p>Daher kann die Konsequenz nun erst recht, nach Rezos Video und den CDU-Reaktionen darauf, nur lauten: <strong>nie wieder CDU!<\/strong><\/p>\n","protected":false},"excerpt":{"rendered":"<p>Das Video &#8222;Die Zerst\u00f6rung der CDU&#8220; des YouTube-Videobloggers Rezo (unbedingt anschauen, die 55 Minuten vergehen wie im Flug, und das ist echt super gemacht) verbreitet sich zurzeit ja massiv \u00fcber soziale Medien und hatte gestern bereits mehr als vier Millionen Menschen erreicht. Rezo findet dabei deutliche Worte f\u00fcr die Politik der CDU, die er als inkompetent und destruktiv beschreibt und dies mit Hunderten von Quellen belegt. Und wie regiert die CDU darauf? Auf allersch\u00e4bigste Art und Weise, n\u00e4mlich nicht argumentativ, sondern mit P\u00f6beleien, Diffamierungen und &#8222;Fake News&#8220;-Geb\u00f6lke. Damit \u00fcbernimmt man dann endg\u00fcltig das Diskursverhalten der Antidemokraten von der AfD \u00a0und entlarvt sich als Partei, die nicht mehr dem demokratischen Spektrum zugez\u00e4hlt werden kann.<\/p>\n","protected":false},"author":3,"featured_media":0,"comment_status":"open","ping_status":"open","sticky":false,"template":"","format":"standard","meta":{"footnotes":""},"categories":[50],"tags":[324],"class_list":["post-15123","post","type-post","status-publish","format-standard","hentry","category-politisches","tag-cdu"],"_links":{"self":[{"href":"https:\/\/www.unterstroemt.de\/index.php?rest_route=\/wp\/v2\/posts\/15123","targetHints":{"allow":["GET"]}}],"collection":[{"href":"https:\/\/www.unterstroemt.de\/index.php?rest_route=\/wp\/v2\/posts"}],"about":[{"href":"https:\/\/www.unterstroemt.de\/index.php?rest_route=\/wp\/v2\/types\/post"}],"author":[{"embeddable":true,"href":"https:\/\/www.unterstroemt.de\/index.php?rest_route=\/wp\/v2\/users\/3"}],"replies":[{"embeddable":true,"href":"https:\/\/www.unterstroemt.de\/index.php?rest_route=%2Fwp%2Fv2%2Fcomments&post=15123"}],"version-history":[{"count":4,"href":"https:\/\/www.unterstroemt.de\/index.php?rest_route=\/wp\/v2\/posts\/15123\/revisions"}],"predecessor-version":[{"id":15127,"href":"https:\/\/www.unterstroemt.de\/index.php?rest_route=\/wp\/v2\/posts\/15123\/revisions\/15127"}],"wp:attachment":[{"href":"https:\/\/www.unterstroemt.de\/index.php?rest_route=%2Fwp%2Fv2%2Fmedia&parent=15123"}],"wp:term":[{"taxonomy":"category","embeddable":true,"href":"https:\/\/www.unterstroemt.de\/index.php?rest_route=%2Fwp%2Fv2%2Fcategories&post=15123"},{"taxonomy":"post_tag","embeddable":true,"href":"https:\/\/www.unterstroemt.de\/index.php?rest_route=%2Fwp%2Fv2%2Ftags&post=15123"}],"curies":[{"name":"wp","href":"https:\/\/api.w.org\/{rel}","templated":true}]}}