{"id":15149,"date":"2019-06-02T14:24:59","date_gmt":"2019-06-02T12:24:59","guid":{"rendered":"https:\/\/www.unterstroemt.de\/?p=15149"},"modified":"2019-05-31T16:42:17","modified_gmt":"2019-05-31T14:42:17","slug":"interessantes-aus-kw-22-2019","status":"publish","type":"post","link":"https:\/\/www.unterstroemt.de\/?p=15149","title":{"rendered":"Interessantes aus KW 22\/2019"},"content":{"rendered":"<p>An dieser Stelle pr\u00e4sentieren wir regelm\u00e4\u00dfig Links, die wir unter der Woche entdeckt haben, zu denen wir selbst nicht mehr viel schreiben m\u00fcssen und die wir teilenswert finden. Viel Spa\u00df beim Lesen und Anschauen!<\/p>\n<p>1. Das l\u00e4uft ja komplett verkehrt! Wie aus einem <a href=\"https:\/\/www.taz.de\/Agrarsubventionen-in-Deutschland\/!5597589\/?fbclid=IwAR2wvBJLcQv7UAsahKQVmEGRC9iwktRCrCDK16G_0W-ot2sLIEmjex4R5Ng\" target=\"_blank\" rel=\"noopener noreferrer\">Artikel in der <em>taz<\/em><\/a> hervorgeht, hat die Auswertung einer Datenbank zu den EU-Agrarsubventionen ergeben, dass ausgerechnet die umweltsch\u00e4dlichen Gro\u00dfbetriebe die meisten F\u00f6rdergelder abgegriffen haben. Auf diese Weise k\u00f6nnen Kleinbauern, die in der Regel wesentlich \u00f6kologischer arbeiten, noch leichter verdr\u00e4ngt werden. In den kommenden Monaten soll diese absurder Agrarpolitik zwar auf EU-Ebene reformiert werden, aber nach der letzten Wahl mit ihrem &#8222;Weiter so&#8220;-Ergebnis glaube ich kaum, dass sich da ernsthaft was an diesem Misstand \u00e4ndern wird. [Karl]<\/p>\n<p>2.\u00a0Und weiter geht es mit der Union nach rechts in Richtung Totalitarismus.\u00a0Horst Seehofers (CSU) Bundesinnenministerium plant laut einem <a href=\"https:\/\/www.zeit.de\/politik\/deutschland\/2019-05\/pressefreiheit-ueberwachung-medien-geheimdienst-staatstrojaner-rog?utm_source=facebook_zonaudev_int&amp;utm_campaign=ref&amp;utm_medium=sm&amp;wt_zmc=sm.int.zonaudev.facebook.ref.zeitde.redpost_zon.link.sf&amp;utm_content=zeitde_redpost_zon_link_sf&amp;utm_term=facebook_zonaudev_int&amp;fbclid=IwAR0jIhj9MESdp9SwvuGjQbn5YpC8s_2kCGE5OlmxNEImW_6F6SW7pZyDcco\" target=\"_blank\" rel=\"noopener noreferrer\">Artikel auf <em>Zeit Online<\/em><\/a>, die rechtlichen Voraussetzungen daf\u00fcr zu schaffen, Medien und Journalisten k\u00fcnftig zu \u00fcberwachen, indem man deren Computer und Smartphones hackt.\u00a0Das zeigt vor allem zwei Sachen: CDU\/CSU sind immer offensichtlicher dabei, demokratische Grundpfeiler (in diesem Fall die Pressefreiheit) zu attackieren und zu schleifen.\u00a0Und wenn man erst mal solche Sachen wie Staatstrojaner zul\u00e4sst, ist die B\u00fcchse der Pandora ge\u00f6ffnet, da das dann weitere undemokratische Ma\u00dfnahmen nach sich zieht, die urspr\u00fcnglich noch nicht vorgesehen oder ausgeklammert waren. [Karl]<\/p>\n<p>3. Mal wieder Unsch\u00f6nes von der Polizei, mal wieder mit zumindest rechtslastigem Beigeschmack, diesmal aus Berlin: Dort haben, wie ein <a href=\"http:\/\/www.taz.de\/Polizei-kommt-nachts-vorbei\/!5595299\/\" target=\"_blank\" rel=\"noopener noreferrer\">Artikel in der <em>taz<\/em><\/a> berichtet, drei Polizisten nachts um vier einen 18-j\u00e4hrigen traumatisierten Asylbewerber, der in einer Schutzeinrichtung lebt, aus dem Bett geklingelt, seine Sachen durchsucht, ein weiteres Zimmer durchsucht und ihm dann noch mit Abschiebung gedroht. Anlass daf\u00fcr war, dass dem jungen Mann ein Brief von der Ausl\u00e4nderbeh\u00f6rde nicht postalisch zugestellt wurde. Von Verh\u00e4ltnism\u00e4\u00dfigkeit scheinen die Beamten noch nie was geh\u00f6rt zu haben. Ob die bei einem Deutschen genauso vorgegangen w\u00e4ren? Ich tippe mal, nicht. [Karl]<\/p>\n<p>4. Eine Allensbach-Studie sorgte gerade f\u00fcr Aufsehen (gerade auch in rechten Kreisen und Medien), da diese feststellt, dass die Meinungsfreiheit in Deutschland in Gefahr w\u00e4re. In einem <a href=\"https:\/\/www.zeit.de\/kultur\/2019-05\/meinungsfreiheit-allensbach-institut-umfrage-deutschland?fbclid=IwAR3sM6VuzFcenxGyHJ5pWLg5__QFEYtCH5dr4mJI3gtxlh4BIj_GMTDvP0U\" target=\"_blank\" rel=\"noopener noreferrer\">Kommentar auf <em>Zeit Online<\/em><\/a> zeigt Christian Sass nun die merkw\u00fcrdig einseitige Auslegung der Umfrageergebnisse \u00a0durch Allensbach auf, zumal dort auch rechte Kampfbegriffe wie &#8222;politische Korrektheit&#8220; vollkommen unreflektiert und ungekennzeichnet verwendet werden. So sch\u00fcttet man mit im Grunde selbstverst\u00e4ndlichen Erkenntnissen Wasser auf die M\u00fchlen rechter Agitatoren. [Karl]<\/p>\n<p>5. Clemens Gleich befasst sich in einem <a href=\"https:\/\/www.heise.de\/newsticker\/meldung\/Missing-Link-Generationen-in-Angst-Von-Prognosen-vom-Ueberleben-und-von-einer-lebenswerten-Zukunft-4430301.html?fbclid=IwAR2HkmBNCEVjjKkeERAjQ5keh0uUR9LYvM2UQ81sL8fCIFJmgj9WhEjpYr0\" target=\"_blank\" rel=\"noopener noreferrer\">Artikel auf <em>heise.de<\/em><\/a> mit der Angst. Diese ist durchaus sinnvoll nach seinem Daf\u00fcrhalten, weil sie bewirkt, dass Menschen etwas \u00e4ndern, anstatt einfach immer so weiterzumachen. Aufgrund von Angst wurden Ma\u00dfnahmen gegen das Waldsterben und das Ozonloch in den 80er-Jahren beschlossen, und ohne Angst kann man viele Dinge einfach zu gut ausblenden. Daher ist es auch wichtig, dass die freitags demonstrierenden Kinder und Jugendlichen den Menschen Angst machen, damit wir nicht einfach so weitermachen wie bisher. Interessanter Ansatz! [Karl]<\/p>\n<p>6. Sowohl in der Humanmedizin als auch (vor allem) in der Landwirtschaft werden Antibiotika oftmals viel zu leichtfertig verabreicht. Das Resultat davon hat gerade eine britische Studie ermittelt, dass sich Antibiotika in Hunderten von Fl\u00fcssen befinden, wie ein <a href=\"https:\/\/www.spiegel.de\/gesundheit\/diagnose\/seine-und-themse-antibiotika-in-hunderten-fluessen-nachgewiesen-a-1269551.html#ref=rss\" target=\"_blank\" rel=\"noopener noreferrer\">Artikel auf <em>Spiegel Online<\/em><\/a> berichtet. Das f\u00f6rdert nicht nur das Entstehen von multiresistenten Keimen, sondern es ist zudem noch gar nicht klar, welche Auswirkungen das auf die Tier- und Pflanzenwelt hat. Ein sorgsamerer Umgang mit Antibiotika w\u00e4re also mehr als w\u00fcnschenswert. [Karl]<\/p>\n<p>7. Was schert mich mein Geschw\u00e4tz von gestern? Das scheint das Motto von <em>BILD<\/em>-Profihetzer Franz Josef Wagner (&#8222;Post von Wagner&#8220;) zu sein, wenn man sich anschaut, was er vor sieben Monaten und nun gerade nach der EU-Wahl \u00fcber die Gr\u00fcnen geschrieben hat, wie es <em>BILDblog.<\/em> in einer <a href=\"https:\/\/bildblog.de\/111062\/franz-josef-wagner-will-gern-und-nicht-im-land-der-gruenen-leben\/?fbclid=IwAR0cMVbvDnkIaNOCgciw6sLWcly_LV0U7OKK7_CpY7665hWW9fqjkL05luM\" target=\"_blank\" rel=\"noopener noreferrer\">Gegen\u00fcberstellung beider Kolumnen<\/a> dokumentiert. Stringenz oder Haltung sucht man bei Wagner anscheinend vergebens, der hetzt einfach drauflos je nach Tagesform, Lust und Laune. Was f\u00fcr ein armseliger Typ &#8211; und was f\u00fcr ein armseliges Schmierblatt, dass so einer Witzfigur eine Kolumne einr\u00e4umt! [Karl]<\/p>\n<p>8. Gewaltenteilung ist ein wichtiges Prinzip in einem demokratischen Rechtsstaat. Damit sieht es in Deutschland allerdings nicht so richtig gut aus, wie aus einem <a href=\"https:\/\/www.lto.de\/recht\/justiz\/j\/eugh-europaeischer-haftbefehl-deutsche-staatsanwaelte-nicht-unabhaengig\/?fbclid=IwAR2N6vzlWOImr-hiaR-Y-xuuILgp2mM276g9-Mms0JbF1Ai-sof0FAhhGXc\" target=\"_blank\" rel=\"noopener noreferrer\">Artikel auf <em>Legal Tribune Online<\/em><\/a> hervorgeht. Die deutschen Staatsanw\u00e4lte unterstehen n\u00e4mlich der Weisungsbefugnis der Justizministerien, und genau das hat nun der Europ\u00e4ische Gerichtshof (EuGH) bem\u00e4ngelt im Zusammenhang mit der Ausstellung von europ\u00e4ischen Haftbefehlen. Schon peinlich f\u00fcr Deutschland, dass dieses wichtige Prinzip, dass eine Politisierung von juristischen Entscheidungen und Gerichtsprozessen verhindern soll, nicht eingehalten wird. [Karl]<\/p>\n<p>9. Auf der Website von <em>n-tv<\/em> findet sich ein interessantes <a href=\"https:\/\/www.n-tv.de\/politik\/Osten-muss-mit-den-Lebensluegen-brechen-article21052504.html?fbclid=IwAR2TySDjRktocMkDD9QVIpK2hqMWynHho1IQ6uGhLGPHvmoj1VN4sRRwNJU\" target=\"_blank\" rel=\"noopener noreferrer\">Interview mit dem Politikwissenschaftler Michael L\u00fchmann<\/a> zu der Frage, warum die AfD gerade im Osten Deutschlands so erfolgreich ist. Dies h\u00e4ngt n\u00e4mlich, so L\u00fchmann, nicht nur mit den Umbruchjahren nach der Wiedervereinigung und den wirtschaftlichen Verw\u00fcstungen durch die Treuhand zusammen, sondern Rechtsextremismus hatte auch in der DDR eine schon l\u00e4ngere Tradition. Dazu kommen Verharmlosung von Rechtsextremismus sowie eine Lebensl\u00fcge, dass n\u00e4mlich die Menschen in den neuen Bundesl\u00e4nder nur Opfer w\u00e4ren und nicht selbst Verantwortung f\u00fcr die sozialen Verwerfungen h\u00e4tten, die ja von Politikern inszeniert wurden, die von den Ostdeutschen selbst gew\u00e4hlt wurden. [Karl]<\/p>\n<p>10. Nico Semsrott ist auf Listenplatz zwei f\u00fcr Die Partei ins EU-Parlament eingezogen und schildert nun in einem ausgesprochen sympathischen <a href=\"https:\/\/www.neues-deutschland.de\/artikel\/1119709.nico-semsrott-unser-spiel-ist-ernst-gemeint.html?fbclid=IwAR1uh4DLx7t9Cdth1DJXVHmM_9YPFAajU5mmaBMHIkdsUT-60_gEzWzXwgk\" target=\"_blank\" rel=\"noopener noreferrer\">Interview mit den <em>neuen deutschland<\/em><\/a>, was er dort als Abgeordneter nun so zu tun gedenkt. Und das liest sich f\u00fcr mich professioneller als, was die meisten anderen Politiker dort treiben. Sein Rolle als depressiver Demotivationstrainer wird dadurch nun wohl kaum noch aufrechtzuerhalten sein, aber der Satiriker und Poetry-Slammer sieht seine Abgeordnetent\u00e4tigkeit eben nicht als ernste Sache &#8211; die er allerdings mit einer geh\u00f6rigen Portion Spa\u00df betreiben wird. Wir d\u00fcrfen gespannt sein! [Karl]<\/p>\n<p>11. Klimaaktivistin Greta Thunberg war zu Gast auf einer Klimakonferenz in Wien &#8211; und bekam dort laut einem <a href=\"https:\/\/www.tagesspiegel.de\/politik\/schwarzenegger-und-thunberg-eure-zeit-ist-bald-abgelaufen\/24391010.html?fbclid=IwAR0PAktOjB7tKOyM8KAo4MSdtFT4Sqv2ya15aPspDFEGPgwSEEWFEc6BpkA\" target=\"_blank\" rel=\"noopener noreferrer\">Artikel im <em>Tagesspiegel<\/em><\/a> prominente Unterst\u00fctzung von niemand Geringerem als Arnold Schwarzenegger. Der Schauspieler und ehemalige Gouverneur von Kalifornien engagiert sich schon seit L\u00e4ngerem f\u00fcr Klimaschutz und findet deutliche Worte f\u00fcr unser destruktives Wirtschaftssystem. Auch UN-Generalsekret\u00e4r Ant\u00f3nio Guterres forderte eine deutliche zielf\u00fchrendere Klimaschutzpolitik ein. Tja, leider wird es die Verantwortlichen in der Politik wohl mal wieder nicht sonderlich interessieren &#8230; [Karl]<\/p>\n<p>12. Rechte europ\u00e4ische Parteien und Russland &#8211; das wird ja immer wieder als eine vermeintliche Allianz hervorgehoben. Die Reaktionen in Russland auf die Wahlerfolge rechter Parteien bei der EU-Wahl waren nun allerdings nicht so wirklich positiv, so ein <a href=\"https:\/\/www.mdr.de\/nachrichten\/osteuropa\/politik\/afd-absage-aus-moskau-100.html?fbclid=IwAR15HRoeabgTWyf-mkejxt1LhvKRVPnMDUuXNVODxGex58jyTPWOSayQYxU\" target=\"_blank\" rel=\"noopener noreferrer\">Artikel vom <em>MDR<\/em><\/a>, und viele russische Politiker gehen auf deutliche Distanz, vor allem auch zur AfD. Dass diese den Nationalsozialismus verharmlost (&#8222;Vogelschiss der Geschichte&#8220;) kommt in einem Land, in dem deswegen 27 Millionen Menschen gestorben sind, genauso wenig gut an wie die Hetze gegen Muslime. Es scheint also auch bei diesem Thema wieder einmal differenzierter zuzugehen, als uns viele Medien weismachen wollen. [Karl]<\/p>\n<p>13. Ein ausf\u00fchrlicher <a href=\"https:\/\/www.swr3.de\/aktuell\/Wissenschaftler-vergleichen-Machtergreifung-Hitlers-vs\/-\/id=4382120\/did=5112408\/dvpowo\/?fbclid=IwAR0nfaZYsBjP-NrfLFFn3yIw_Nnob2-Pe6UebO5l6KhreZS7zy8396WrRbY\" target=\"_blank\" rel=\"noopener noreferrer\">Artikel von <em>SWR3<\/em><\/a> befasst sich mit den Parallelen des Aufstiegs der NSDAP am Ende der Weimarer Republik und dem heutigen Erstarken von Rechtsextremen. Und da k\u00f6nnen die befragten Wissenschaftler leider einige \u00c4hnlichkeiten feststellen, wenngleich nat\u00fcrlich historische Situationen immer eine Einmaligkeit haben. Dennoch sollte uns das ein Warnsignal sein. Und eine Parallele wurde noch vergessen in dem Artikel: dass n\u00e4mlich die konservativ-b\u00fcrgerlichen Kreise versuchen, sich der Rechtsextremen zum eigenen Machterhalt zu bedienen. Zudem ist noch die WDR-Dokumentation\u00a0&#8222;Weimar und heute: Die R\u00fcckkehr der v\u00f6lkischen Ideologie&#8220; in dem Artikel verlinkt, die auch sehr interessant zu sein verspricht. [Karl]<\/p>\n","protected":false},"excerpt":{"rendered":"<p>An dieser Stelle pr\u00e4sentieren wir regelm\u00e4\u00dfig Links, die wir unter der Woche entdeckt haben, zu denen wir selbst nicht mehr viel schreiben m\u00fcssen und die wir teilenswert finden. Viel Spa\u00df beim Lesen und Anschauen!<\/p>\n","protected":false},"author":5,"featured_media":0,"comment_status":"open","ping_status":"open","sticky":false,"template":"","format":"standard","meta":{"footnotes":""},"categories":[193],"tags":[],"class_list":["post-15149","post","type-post","status-publish","format-standard","hentry","category-woechentliches"],"_links":{"self":[{"href":"https:\/\/www.unterstroemt.de\/index.php?rest_route=\/wp\/v2\/posts\/15149","targetHints":{"allow":["GET"]}}],"collection":[{"href":"https:\/\/www.unterstroemt.de\/index.php?rest_route=\/wp\/v2\/posts"}],"about":[{"href":"https:\/\/www.unterstroemt.de\/index.php?rest_route=\/wp\/v2\/types\/post"}],"author":[{"embeddable":true,"href":"https:\/\/www.unterstroemt.de\/index.php?rest_route=\/wp\/v2\/users\/5"}],"replies":[{"embeddable":true,"href":"https:\/\/www.unterstroemt.de\/index.php?rest_route=%2Fwp%2Fv2%2Fcomments&post=15149"}],"version-history":[{"count":15,"href":"https:\/\/www.unterstroemt.de\/index.php?rest_route=\/wp\/v2\/posts\/15149\/revisions"}],"predecessor-version":[{"id":15192,"href":"https:\/\/www.unterstroemt.de\/index.php?rest_route=\/wp\/v2\/posts\/15149\/revisions\/15192"}],"wp:attachment":[{"href":"https:\/\/www.unterstroemt.de\/index.php?rest_route=%2Fwp%2Fv2%2Fmedia&parent=15149"}],"wp:term":[{"taxonomy":"category","embeddable":true,"href":"https:\/\/www.unterstroemt.de\/index.php?rest_route=%2Fwp%2Fv2%2Fcategories&post=15149"},{"taxonomy":"post_tag","embeddable":true,"href":"https:\/\/www.unterstroemt.de\/index.php?rest_route=%2Fwp%2Fv2%2Ftags&post=15149"}],"curies":[{"name":"wp","href":"https:\/\/api.w.org\/{rel}","templated":true}]}}