{"id":1566,"date":"2014-07-01T18:24:44","date_gmt":"2014-07-01T16:24:44","guid":{"rendered":"https:\/\/www.unterstroemt.de\/?p=1566"},"modified":"2014-07-04T16:49:05","modified_gmt":"2014-07-04T14:49:05","slug":"es-herrscht-krieg","status":"publish","type":"post","link":"https:\/\/www.unterstroemt.de\/?p=1566","title":{"rendered":"Es herrscht Krieg"},"content":{"rendered":"<p>Vor ein paar Tagen schrieb ich hier auf unterstr\u00f6mt ja einen <a href=\"https:\/\/www.unterstroemt.de\/?p=1561\" target=\"_blank\">Artike<\/a>l \u00fcber die Kriegsrhetorik von Bundespr\u00e4sident Gauck im Gegensatz zu den kapitalismuskritischen \u00c4u\u00dferungen des Papstes, der den Krieg als notwendigen Bestandteil dieses Wirtschaftssystems brandmarkte. Am Schluss kam ich dann auf die Militarisierung der Polizei zu sprechen, deren Einsatz nun auch, wie dieser <a href=\"http:\/\/www.heise.de\/tp\/news\/EU-bereitet-sich-auf-den-Buendnisfall-vor-2242898.html\" target=\"_blank\">Telpolis-Artikel<\/a> zeigt, durch die gerade beschlossene sogenannte <em>Solidarit\u00e4tsklausel<\/em> legitimiert wird. Es findet also eine Aufr\u00fcstung gegen den eigenen B\u00fcrger statt in der EU. Doch w\u00e4re ein derart militantes Vorgehen nur noch eine weitere Stufe in einem Krieg, der schon lange gef\u00fchrt wird, und zwar zumindest in unseren Breiten nicht von uniformierten und bewaffneten Soldaten, sondern von K\u00e4mpfern mit Schlips und Kragen. Doch deren Vorgehen ist nicht weniger verheerend, daf\u00fcr aber schwerer als Kriegshandlung zu erkennen. Sie sind die Soldaten im Krieg der transnationalen Konzerne und einiger sehr reicher Einzelpersonen gegen die Weltbev\u00f6lkerung. Klingt vielleicht etwas martialisch, aber trifft es leider genau.<\/p>\n<p>Warren Buffet ist ein schlauer und sehr reicher Mann mit einem gesch\u00e4tzten Verm\u00f6gen von 65 Milliarden Dollar, das er \u00fcberwiegend durch Spekulation und Gro\u00dfinvestitionen angeh\u00e4uft hat. Er wei\u00df, dass er durch sein vieles Geld quasi unangreifbar ist, daher kann er es sich auch leisten, ehrlich zu sein, und sagte schon 2006 frei heraus:<\/p>\n<blockquote><p>Es herrscht Klassenkrieg, richtig, aber es ist meine Klasse, die Klasse der Reichen, die Krieg f\u00fchrt, und wir gewinnen. (Quelle:\u00a0<a href=\"http:\/\/de.wikipedia.org\/wiki\/Klassenkampf\" target=\"_blank\">Wikipedia<\/a>)<\/p><\/blockquote>\n<p>Auch der Kabarettist Gerog Schramm kommt in seinem (\u00fcber weite Strecken nicht kabarettistischen, aber nichtsdestotrotz sehr sehenswerten) <a href=\"http:\/\/vimeo.com\/98937081\">Redebeitrag bei der diesj\u00e4hrigen Jahresversammlung der GLS Bank<\/a> auf dieses Buffett-Zitat zu sprechen und f\u00fchrt aus, in welcher Art und Weise dieser Krieg gef\u00fchrt wird, indem er die Finanzkrise von 2008 als Schlacht dieses Krieges definiert und deren Entstehung und Auswirkungen vor diesem Hintergrund schildert. Schon zwei Jahren zuvor \u00e4u\u00dferte er sich anl\u00e4sslich einer Preisverleihung \u00e4hnlich und f\u00fcgte dazu an:<\/p>\n<blockquote><p>Die (\u2026) Oligarchen und ihre Truppen haben uns den Krieg erkl\u00e4rt, jetzt meine Frage: (\u2026) Welcher Waffengattung bin ich zugeteilt und was ist mein Auftrag?<\/p>\n<p>Ich bin Marlene Dietrich und mein Auftrag lautet: Hebung der Kampfmoral bei den Kameraden an der Front. Nebenbei verteile ich noch Munition f\u00fcr den Kampf um die Lufthoheit \u00fcber den Stammtischen. Aber wenn man es so betrachtet, dann geh\u00f6re ich gar nicht zu den Kampftruppen meine Damen und Herren, ich bin Truppenbetreuer und Versorger. (Quelle: <a href=\"http:\/\/friedensblick.de\/5119\/georg-schramm-wir-befinden-uns-im-krieg\/\" target=\"_blank\">Friedensblick<\/a>)<\/p><\/blockquote>\n<p>Auch Orlando Pascheit von den Nachdenkseiten wird in seiner <a href=\"https:\/\/www.unterstroemt.de\/?tag=ttip\" target=\"_blank\">Kommentierung einiger Artikel \u00fcber das geplante Freihandelsabkommen TTIP<\/a> (s. hierzu <a href=\"https:\/\/www.unterstroemt.de\/?tag=ttip\" target=\"_blank\">diverse Artikel hier auf unterstr\u00f6mt<\/a>) sehr deutlich:<\/p>\n<blockquote><p>Wie wenig bietet da die TTIP. Keine martialischen Bilder, Panzer, Explosionen, keine Leichen, sondern einige farblose Anzugtr\u00e4ger mit den \u00fcbliche Sprechblasen. Und dennoch herrscht hier ein Krieg, der nach au\u00dfen unblutig wirkt, aber in Wirklichkeit nicht nur die bisherige Form des Wirtschaftens, sondern unsere Gesellschaft bedroht.<\/p><\/blockquote>\n<p>Thomas Fritz bezeichnet in seinem Artikel <a href=\"https:\/\/www.blaetter.de\/archiv\/jahrgaenge\/2014\/juni\/geheimwaffe-ttip-der-ausverkauf-der-oeffentlichen-gueter\" target=\"_blank\">Geheimwaffe TTIP: Der Ausverkauf der \u00f6ffentlichen G\u00fcter<\/a>\u00a0das Freihandelsabkommen mit einem milit\u00e4rischen Begriff und f\u00fchrt aus, in welcher Art und Weise hierdurch nicht nur Sozialstandards, sondern auch die Demokratie an sich bedroht werden. Sein Fazit:<\/p>\n<blockquote><p>Es bedarf eines Endes dieser intransparenten Verhandlungen &#8211; auch und nicht zuletzt, um die Demokratie vor dem Allmachtsanspruch der Konzerne zu sch\u00fctzen.<\/p><\/blockquote>\n<p>Die hier angesprochene Intransparenz und Geheimhaltung, die bei den Verhandlungen der Abkommen TTIP und TISA vorherrscht, zeigt zudem, dass das Volk von den Verhandelnden als Feind gesehen wird, dem man nichts \u00fcber Beschl\u00fcsse verlautbaren lassen darf, da diese eindeutig zu dessen Nachteil sein werden. Hier sei an das Zitat von US-Politiker Hiram Johnson erinnert:<\/p>\n<blockquote><p>Das erste Opfer des Krieges ist die Wahrheit. (Quelle: <a href=\"http:\/\/www.zitate-online.de\/autor\/johnson-hiram\/\" target=\"_blank\">Zitate-online.de<\/a>)<\/p><\/blockquote>\n<p>Nun wird TTIP ja zwischen Staaten verhandelt, sodass man sich zu Recht einwenden kann, dass es da ja wohl vielmehr um einen Krieg der Politiker gegen ihre Bev\u00f6lkerungen geht. Allerdings ist dann einzuwenden, dass Politiker kaum mehr tats\u00e4chlich Entscheidungen treffen, die nicht von transnationalen Konzernen gefordert sind und ebendiesen dann auch entsprechende Vorteil verschaffen. Einen sehr interessanten <a href=\"https:\/\/www.blaetter.de\/archiv\/jahrgaenge\/2014\/juni\/macht-ohne-rechenschaft-der-globale-lobbyismus\" target=\"_blank\">Artikel von Susan George<\/a>\u00a0hierzu gibt es in den Bl\u00e4ttern f\u00fcr deutsche und interationale Politik zu lesen, in dem dargestellt wird, wie gro\u00df und weitreichend der Einfluss von transnationalen Konzernen \u00fcber Lobbyismus und Korruption auf politische Regierungen ist, sodass immer wieder Gesetze verabschiedet und Beschl\u00fcsse gefasst werden, die ausschlie\u00dflich den Interessen der Konzerne dienen und dabei dem Gemeinwesen erhebliche Sch\u00e4den zuf\u00fcgen. Zudem werden Institutionen der EU und auch der UNO beschrieben, die nicht demokratisch legitimiert, sondern lediglich mit Konzernvertretern besetzt sind und die mittlerweile direkten Einfluss auf die politische Arbeit dieser Organe haben. Bezogen auf das TTIP betitelte Stefan Sauer seinen Kommentar in der Frankfurter Rundschau: <a href=\"http:\/\/www.fr-online.de\/wirtschaft\/freihandelsabkommen-demokratische-kontrolle-ausgehebelt,1472780,27612774.html\" target=\"_blank\">Demokratische Kontrolle ausgehebelt<\/a>. Und auch Horst Seehofer, nun ja bestimmt kein Linker, verk\u00fcndete frei heraus bei der ZDF-Sendung\u00a0<em>Pelzig h\u00e4lt sich<\/em>:<\/p>\n<blockquote><p>Diejenigen, die entscheiden, sind nicht gew\u00e4hlt, und diejenigen, die gew\u00e4hlt werden, haben nichts zu entscheiden (<a href=\"https:\/\/www.youtube.com\/watch?v=0OO-tarb3pU\" target=\"_blank\">hier bei YouTube<\/a> zu sehen).<\/p><\/blockquote>\n<p>Politiker (zumindest auf Staatsebene, vermutlich aber auch schon in den meisten Landtagen) sind also anscheinend nur Erf\u00fcllungsgehilfen, die im Auftrag von transnationalen Konzernen agieren, sozusagen als eine Art Offizierkorps in diesem Krieg. Unter diesem Aspekt wird dann auch klar, warum es keine politische Aufarbeitung oder gar Konsequenzen aus den ungeheuren Enth\u00fcllungen von Edward Snowden zur allumfassenden Bespitzelung der weltweiten Bev\u00f6lkerung durch die NSA gibt: Es ist eben nicht nur wichtig, seinen Feind zu kennen und deswegen auch Hand in Hand zusammenzuarbeiten auf der Ebene der Geheimdienste, wie aus diesem <a href=\"http:\/\/www.tagesschau.de\/inland\/bnd-nsa-100.html\" target=\"_blank\">Artikel auf tagesschau.de<\/a> hervorgeht (und dabei nat\u00fcrlich wieder die Bev\u00f6lkerung dreist anzul\u00fcgen), sondern diese Bespitzelung dient auch dazu, eine m\u00f6gliche Protestkultur, die als Gegenwehr der Bev\u00f6lkerung im Krieg gegen die transnationalen Konzerne zu sehen w\u00e4re, im Ansatz zu unterbinden. Hierzu schrieb Glenn Greenwald einen sehr <a href=\"https:\/\/www.blaetter.de\/archiv\/jahrgaenge\/2014\/juni\/nsa-die-schere-im-kopf\" target=\"_blank\">aufschlussreichen Artikel<\/a> (wieder zu lesen in den Bl\u00e4ttern f\u00fcr deutsche und internationale Politik), in dem er aufzeigt, dass schon das Wissen um das Vorhandensein einer allgegenw\u00e4rtigen Bespitzelung dazu f\u00fchrt, kritisches Denken zu unterdr\u00fccken. Sein Fazit:<\/p>\n<blockquote><p>Doch selbst wenn es nicht zu Missbrauch kommt und wenn man pers\u00f6nlich nicht verfolgt wird \u2013 ein \u00dcberwachungsstaat, der einfach alles sammelt, dessen er habhaft werden kann, besch\u00e4digt die Gesellschaft und die politische Freiheit. Voraussetzung f\u00fcr den politischen Fortschritt in den USA wie in anderen L\u00e4ndern war stets, dass die Macht und die herrschenden Meinungen in Frage gestellt und neue Denk- und Lebensweisen erprobt werden konnten. Denn die Freiheit wird allein schon durch die Angst beschr\u00e4nkt, unter Beobachtung zu stehen. Darunter hat letztlich jeder zu leiden \u2013 auch derjenige, der gar keine Kritik \u00fcbt und sich nicht politisch bet\u00e4tigt.<\/p><\/blockquote>\n<p>Nun geh\u00f6ren zu einem Krieg ja auch Opfer, und diese sind eben f\u00fcr uns in Deutschland nicht so ohne Weiteres zu erkennen, da hier eben nur sehr selten Tote zu beklagen sind, die auf die Aggression und das Machtstreben der transnationalen Konzerne zur\u00fcckzuf\u00fchren sind. Dies kann sich allerdings schon schnell \u00e4ndern, wenn beispielsweise erst einmal genmanipulierte Nahrungsmittel (GMOs) in gro\u00dfem Stil bei uns zugelassen werden, da deren langfristige Auswirkungen noch nicht ansatzweise als unbedenklich eingestuft werden k\u00f6nnen (es gibt sogar Untersuchungen, die das genaue Gegenteil behaupten und GMOs als karzinogen bezeichnen). Die Bev\u00f6lkerung ist auch diesem guten Grunde auch gegen die GMOs eingestellt, doch interessiert das die Politiker als Schergen der Konzerne (allen voran Monsanto, ein wirklich \u00fcbler Laden, wie beispielsweise <a href=\"https:\/\/www.youtube.com\/watch?v=OuRxppqKQds&amp;feature=youtu.be\" target=\"_blank\">dieser Film<\/a> deutlich zeigt) nicht sonderlich. Doch auch von solchen gesundheitssch\u00e4dlichen Wirkungen abgesehen, gibt es in diesem Krieg schon haufenweise Todesopfer zu beklagen &#8211; nur eben nicht direkt f\u00fcr uns in Deutschland sichtbar. Da w\u00e4ren zum einen \u00fcber 50 Millionen Tote im Jahr (wie Jean Ziegler in seiner auf Druck von Sponsoren nicht gehaltenen <a href=\"https:\/\/www.youtube.com\/watch?v=NTi9lZxggnI\" target=\"_blank\">Er\u00f6ffnungsrede der Salzburger Festspiele<\/a> feststellt), die aufgrund von Hunger, Mangelerkrankungen, versuchtem Trinkwasser und Epidemien sterben &#8211; und die deswegen sterben, weil die derzeitige Verteilung von Medizin und Nahrungsmitteln den Gewinninteressen der transnationalen Konzerne entsprechen (wie aus dem h\u00f6renswerten Beitrag <a href=\"http:\/\/www.deutschlandfunk.de\/rohstoff-roulette.1247.de.html?dram:article_id=233826\" target=\"_blank\">Rohstoff-Roulette<\/a>\u00a0vom Deutschlandfunk hervorgeht). Doch dies sind nicht die einzigen Opfer: Wegen Monsantos Gesch\u00e4ftspraktiken, dass Saatgut nicht mehr hergestellt werden kann und darf aus der Ernte, sodass die Bauern immer wieder neues Saatgut vom Konzern kaufen muss, was dann auch teuere D\u00fcnger und Pflanzengifte erfordert, haben sich allein in Indien bisher 250.000 Kleinbauern aus Verzweiflung, da diese Praktik sie in den Ruin getrieben hat, suizidiert (s. dazu diesen <a href=\"http:\/\/www.taz.de\/!77350\/\" target=\"_blank\">taz-Artikel<\/a>, und auch in dem sehenswerten Film\u00a0<em>Good Food, Bad Food<\/em> wird dies in aller Deutlichkeit geschildert). Oder schauen wir nach Europa, wo die Suizidrate in Griechenland nach Beginn der Austerit\u00e4tspolitik (verordnet von der sogenannten Troika, bestehend aus IWF, EZB und EU-Komission &#8211; alle drei nicht demokratisch legitimiert) genauso in die H\u00f6he geschnellt ist wie die Zahl der \u00a0HIV-Neuinfizierungen (s. dazu <a href=\"http:\/\/www.annotazioni.de\/post\/1380\" target=\"_blank\">hier<\/a>). Und die grauenhaften Bilder der Fl\u00fcchtlinge, die allein im letzten Jahr, aus Afrika kommend, zu Tausenden im Mittelmeer ertrunken sind, hat wohl auch jeder noch vor Augen. Tja, und dann ist es ja auch nicht so, dass nun keine direkten bewaffneten Konflikte mehr ausgetragen werden, und hinter diesen stecken mittlerweile ja auch zunehmend wirtschaftliche Interessen, wie ich <a href=\"https:\/\/www.unterstroemt.de\/?p=1360\" target=\"_blank\">hier<\/a> anhand des Beispiels der Ukraine ja schon deutlich gemacht habe.<\/p>\n<p>Es gibt also haufenweise Todesopfer, L\u00e4nder werden gepl\u00fcndert und verw\u00fcstet, die Menschen dort in Not und Elend gest\u00fcrzt &#8211; wie will man dies sonst bezeichnen, wenn nicht als Krieg? Es ist an der Zeit, dies jetzt schon zu erkennen, auch wenn die Sch\u00e4den hier in Deutschland (Altersarmut, zunehmende Verarmung weiter Bev\u00f6lkerungsteile, Verschlechterung der Gesundheitsvorsorge usw. &#8211; alles zum Nutzen von Konzerninteressen) im Vergleich mit anderen L\u00e4ndern bisher noch vergleichsweise milde ausfallen &#8211; und nicht erst, wenn tats\u00e4chlich mit milit\u00e4rischer Gewalt gegen die eigene Bev\u00f6lkerung vorgegangen wird.<\/p>\n","protected":false},"excerpt":{"rendered":"<p>Vor ein paar Tagen schrieb ich hier auf unterstr\u00f6mt ja einen Artikel \u00fcber die Kriegsrhetorik von Bundespr\u00e4sident Gauck im Gegensatz zu den kapitalismuskritischen \u00c4u\u00dferungen des Papstes, der den Krieg als notwendigen Bestandteil dieses Wirtschaftssystems brandmarkte. Am Schluss kam ich dann auf die Militarisierung der Polizei zu sprechen, deren Einsatz nun auch, wie dieser Telpolis-Artikel zeigt, durch die gerade beschlossene sogenannte Solidarit\u00e4tsklausel legitimiert wird. Es findet also eine Aufr\u00fcstung gegen den eigenen B\u00fcrger statt in der EU. Doch w\u00e4re ein derart militantes Vorgehen nur noch eine weitere Stufe in einem Krieg, der schon lange gef\u00fchrt wird, und zwar zumindest in unseren Breiten nicht von uniformierten und bewaffneten Soldaten, sondern von K\u00e4mpfern mit Schlips und Kragen. Doch deren Vorgehen ist nicht weniger verheerend, daf\u00fcr aber schwerer als Kriegshandlung zu erkennen. Sie sind die Soldaten im Krieg der transnationalen Konzerne und einiger sehr reicher Einzelpersonen gegen die Weltbev\u00f6lkerung. Klingst vielleicht etwas martialisch, aber trifft es leider genau.<\/p>\n","protected":false},"author":3,"featured_media":0,"comment_status":"open","ping_status":"closed","sticky":false,"template":"","format":"standard","meta":{"footnotes":""},"categories":[50,51],"tags":[],"class_list":["post-1566","post","type-post","status-publish","format-standard","hentry","category-politisches","category-wirtschaftliches"],"_links":{"self":[{"href":"https:\/\/www.unterstroemt.de\/index.php?rest_route=\/wp\/v2\/posts\/1566","targetHints":{"allow":["GET"]}}],"collection":[{"href":"https:\/\/www.unterstroemt.de\/index.php?rest_route=\/wp\/v2\/posts"}],"about":[{"href":"https:\/\/www.unterstroemt.de\/index.php?rest_route=\/wp\/v2\/types\/post"}],"author":[{"embeddable":true,"href":"https:\/\/www.unterstroemt.de\/index.php?rest_route=\/wp\/v2\/users\/3"}],"replies":[{"embeddable":true,"href":"https:\/\/www.unterstroemt.de\/index.php?rest_route=%2Fwp%2Fv2%2Fcomments&post=1566"}],"version-history":[{"count":6,"href":"https:\/\/www.unterstroemt.de\/index.php?rest_route=\/wp\/v2\/posts\/1566\/revisions"}],"predecessor-version":[{"id":1575,"href":"https:\/\/www.unterstroemt.de\/index.php?rest_route=\/wp\/v2\/posts\/1566\/revisions\/1575"}],"wp:attachment":[{"href":"https:\/\/www.unterstroemt.de\/index.php?rest_route=%2Fwp%2Fv2%2Fmedia&parent=1566"}],"wp:term":[{"taxonomy":"category","embeddable":true,"href":"https:\/\/www.unterstroemt.de\/index.php?rest_route=%2Fwp%2Fv2%2Fcategories&post=1566"},{"taxonomy":"post_tag","embeddable":true,"href":"https:\/\/www.unterstroemt.de\/index.php?rest_route=%2Fwp%2Fv2%2Ftags&post=1566"}],"curies":[{"name":"wp","href":"https:\/\/api.w.org\/{rel}","templated":true}]}}