{"id":15934,"date":"2019-07-23T23:55:24","date_gmt":"2019-07-23T21:55:24","guid":{"rendered":"https:\/\/www.unterstroemt.de\/?p=15934"},"modified":"2019-07-26T09:07:55","modified_gmt":"2019-07-26T07:07:55","slug":"dear-my-american-friends","status":"publish","type":"post","link":"https:\/\/www.unterstroemt.de\/?p=15934","title":{"rendered":"My dear american friends"},"content":{"rendered":"<p>Amerika, ein unermesslich weites und sch\u00f6nes Land voller Naturwunder und einzigartiger Flora und Fauna. Von monumentalen Gebirgen im Westen bis zu traumhaften Str\u00e4nden im Osten, von endlosen Steppen mit Wildpferden und Bisons im S\u00fcden bis zu Artenvielfalt und majest\u00e4tischen Wasserf\u00e4llen im Norden.<\/p>\n<p>Wenn ich Besucher dieses wundersch\u00f6nen Kontinents nach ihren Erfahrungen frage, dann erz\u00e4hlen sie mir von \u00fcberw\u00e4ltigender Sch\u00f6nheit der besuchten Region und der fl\u00e4chendeckenden Freundlichkeit seiner Bewohner, egal ob sie ihrer Abstammung nach indigene Ureinwohner, zwangsmigrierte Afrikaner oder europ\u00e4ische \u00dcbersiedler waren. Und wer w\u00fcrde nicht den Worten der <a href=\"http:\/\/www.ushistory.org\/declaration\/document\/\" target=\"_blank\" rel=\"noopener noreferrer\">amerikanischen Unabh\u00e4ngigkeitserkl\u00e4rung<\/a> eines so vielf\u00e4ltigen V\u00f6lkerbundes zustimmen? Soweit einmal der theoretische Teil.<\/p>\n<p><strong>Gibt es Unterschiede zum europ\u00e4ischen Konsens?<\/strong><\/p>\n<p>Generell ist es sicherlich nicht einfach, von Konsens zu sprechen, denn das ist oft schon zwischen zwei Personen nur ein wackeliger Kompromiss. Einer der gr\u00f6\u00dften Unterschiede ist wahrscheinlich der Umgang mit Schusswaffen. Unsere politischen Systeme f\u00fcr Wahlen sind trotz <a href=\"https:\/\/de.wikipedia.org\/wiki\/Repr%C3%A4sentative_Demokratie\" target=\"_blank\" rel=\"noopener noreferrer\">repr\u00e4sentativer Demokratie<\/a> stark voneinander abweichend, und die sozialen Sicherungssysteme liegen auch trotz staatlicher Krankenversicherung noch Meilen auseinander.<\/p>\n<p>In anderen Dingen gibt es eine st\u00fcckweise Ann\u00e4herung an amerkanische Verh\u00e4ltnisse: Privatisierung ehemals staatlicher Monopole (Wasser, Verkehrsmittel, Gesundheitssysteme etc.), st\u00fcckweise Librealisierung bei genetisch ver\u00e4nderten Lebensmitteln oder Forschung an Stammzellen, Entfesselung der Finanzsysteme und nat\u00fcrlich mittlerweile auch \u00fcbertrieben gro\u00dfe Autos (SUVs).<\/p>\n<p><strong>Und wo liegen die politischen Gemeinsamkeiten?<\/strong><\/p>\n<p>Weltweit gewinnen die Populisten und andere radikale Kr\u00e4fte an St\u00e4rke, da die Kluft zwischen politischer Entscheidung und Willen der Bev\u00f6lkerung <a href=\"https:\/\/www.heise.de\/tp\/features\/Westliche-Demokratie-ist-hohl-Reichtum-regiert-4009334.html?seite=all\" target=\"_blank\" rel=\"noopener noreferrer\">deutlich auseinanderdriftet<\/a>. Auch die zunehmende Schere zwischen Arm und Reich wird in vielen Teilen der Welt immer deutlicher.<\/p>\n<p>Auch wenn sich unsere Methoden in der Wahl der Mittel unterscheidet, so beruht der steigende Reichtum (zumindest der Reichtum der besser verdienenden Oberschicht) auf der Ausbeutung vermeintlich schw\u00e4cherer Nationen, und wir fr\u00f6nen gemeinsam der neoliberalen und marktorientierten \u00d6konomie (Kapitalismus). Oder wie es der russische Nobelpreistr\u00e4ger Alexander Solschenizyn beschrieb: &#8222;Wir leben zwar im Computerzeitalter, aber noch immer nach dem Grundgesetz der Steinzeit: Wer den gr\u00f6\u00dferen Kn\u00fcppel schwingt, hat auch recht&#8220; [<a href=\"https:\/\/www.zeit.de\/1997\/36\/Heuchelei_ueberall\" target=\"_blank\" rel=\"noopener noreferrer\">https:\/\/www.zeit.de\/1997\/36\/Heuchelei_ueberall<\/a>].<\/p>\n<p><strong>Wieso spreche ich hier explizit die amerikansichen Freunde an?<\/strong><\/p>\n<p>Kein Land dieser Ede gibt ann\u00e4hernd so viel <a href=\"https:\/\/de.statista.com\/statistik\/daten\/studie\/157935\/umfrage\/laender-mit-den-hoechsten-militaerausgaben\/\" target=\"_blank\" rel=\"noopener noreferrer\">Geld f\u00fcr das Milit\u00e4r<\/a> aus, wie die USA. Das ist nat\u00fcrlich nur eine Sichtweise: Addiert man die Ausgaben aller L\u00e4nder Europas, kommt man auf eine verbl\u00fcffend hohe Zahl!<\/p>\n<p>Die Regierung der USA gab im vergangenen Jahr 16 % des Haushaltes (3,3 % des BIP) f\u00fcr <a href=\"https:\/\/de.wikipedia.org\/wiki\/Haushaltsplan_der_Vereinigten_Staaten\" target=\"_blank\" rel=\"noopener noreferrer\">Kriegsf\u00fchrung und R\u00fcstung<\/a> aus, was damit jeder Steuern zahlende Amerikaner entsprechend anteilig finanziert hat. Diese Ausgaben dienen neben der Instandhaltung der eigenen Armee der &#8222;Befreiung und Demokratisierung von Schurkenstaaten&#8220; und der &#8222;Bek\u00e4mpfung von Terror&#8220;, nicht ein Cent war n\u00f6tig, um von au\u00dfen eindringende Armeen an den eigenen Staatsgrenzen abzuwehren. Die Nato sieht 2 % des BIP (Bruttoinlandsprodukt) f\u00fcr den &#8222;Verteidigungsetat&#8220; vor, wovon Deutschland trotz weltweit steigender Verteidigungsausgaben mit 1,2 % noch etwas entfernt ist.<\/p>\n<p>Wie viele Soldaten fielen offiziell allein in den letzten (nicht der &#8222;Werte&#8220; wegen, wie so gern von den Politiker*innen behauptet wird, sondern der &#8222;wirtschaftlichen Interessen&#8220; der Superreichen wegen!) geleiteten Kriegen zum Opfer? Dies betrifft erneut haupts\u00e4chlich die \u00e4rmsten Teile der Bev\u00f6lkerung &#8230; sie sind &#8222;entbehrlich&#8220;, wie schon Rambo oder Antman von sich selbst bemerkten.<\/p>\n<p>Was die zivilen Opfer der Kriege und Dronenangriffe angeht, da wird nach allen Mittel getrickst. Eine f\u00fcr mich unabh\u00e4ngige Quelle (da die Zahlen nicht gewinnorientiert sind) w\u00e4re z. B. Amnesty International. Wer sich da einlesen m\u00f6chte, findet im Internet endlose Zahlenkolonnen zu diesen &#8222;Morden&#8220; [<a href=\"https:\/\/www.amnesty.de\/informieren\/aktuell\/somalia-somalia-zivile-opfer-durch-us-drohnen-und-luftangriffe\" target=\"_blank\" rel=\"noopener noreferrer\">https:\/\/www.amnesty.de\/informieren\/aktuell\/somalia-somalia-zivile-opfer-durch-us-drohnen-und-luftangriffe<\/a>].<\/p>\n<p><strong>Und was ist mit den europ\u00e4ischen Freunden?<\/strong><\/p>\n<p>Wenn ich mal au\u00dfer Acht lasse, dass in amerikanischen Gef\u00e4ngnissen au\u00dferhalb der Gerichtbarkeit der Vereinten Nationen (des internatonalen V\u00f6lkerrechts) Gefangene gefoltert werden (von Waterboarding bis zu Verst\u00fcmmelungen und Vergewaltigung von Menschen durch Hunde und \u00e4hnliche Absurdit\u00e4ten), dann sehe ich keinen Unterschied zu den martialischen Methoden des IS. Und jedes Mal, wenn solche Taten nicht vor dem europ\u00e4ischen Gerichtshof oder den Vereinten Nationen zur Anklage gebracht werden, dann machen wir uns mitschuldig. Da gibt es nichts dran zu r\u00fctteln oder zu verkl\u00e4ren.<\/p>\n<p>Wir heulen den kulturellen Sch\u00e4tzen des durch des IS zerst\u00f6rten Welterbes nach, aber bombardieren die Altstadt von Mossul in Grund und Boden (auch mit Unterst\u00fctzung von Aufkl\u00e4rungsbildern deutscher Kampfjets). Scheinheilig und triefend vor Doppelmoral.<\/p>\n<p>Der Westen verteidigt seine Interessen genauso r\u00fccksichtslos und geleitet von wirtschaftlichen Vorteilen, wie es der Rest der Welt tut. Die Freiheit wird nicht am Hindukusch verteidigt, sondern der materielle Reichtum. Nicht mehr und nicht weniger. Wer Kriegsmaterial in Krisengebiete liefert (wir tun das!) und Aufkl\u00e4rungsbilder f\u00fcr Bombardierungen liefert (auch das tun wir nachweislich), der macht sich nicht nur mitschuldig, sondern verantwortlich!<\/p>\n<p>STOPP! Schluss mit Krieg, Herstellung von Kriegsmaterial und der scheinheiligen Moral! Schluss mit Krieg, Doppelmoral und Heuchelei. Schluss damit, unsere Kinder f\u00fcr wirtschaftliche Interessen der Politik zu opfern und von &#8222;Werten&#8220; zu sprechen, wenn wir wirklich &#8222;Interessen&#8220; meinen. STOPP!<\/p>\n","protected":false},"excerpt":{"rendered":"<p>Amerika, ein unermesslich weites und sch\u00f6nes Land voller Naturwunder und einzigartiger Flora und Fauna. Von monumentalen Gebirgen im Westen bis zu traumhaften Str\u00e4nden im Osten, von endlosen Steppen mit Wildpferden und Bisons im S\u00fcden bis zu Artenvielfalt und majest\u00e4tischen Wasserf\u00e4llen im Norden. Wenn ich Bescher dieses wundersch\u00f6nen Kontinents nach ihren Erfahrungen frage, dann erz\u00e4hlen Sie mir von \u00fcberw\u00e4ltigender Sch\u00f6nheit der besuchten Region und der fl\u00e4chendeckenden Freundlichkeit seiner Bewohner, egal ob sie ihrer Abstammung nach indigene Ureinwohner, zwangsmigrierte Afrikaner oder europ\u00e4ische \u00dcbersiedler waren. Und wer w\u00fcrde nicht den Worten der amerikanischen Unabh\u00e4ngigkeitserkl\u00e4rung eines so vielf\u00e4ltigen V\u00f6lkerbundes zustimmen? <\/p>\n","protected":false},"author":1,"featured_media":0,"comment_status":"open","ping_status":"open","sticky":false,"template":"","format":"standard","meta":{"footnotes":""},"categories":[50,52],"tags":[239,178,99],"class_list":["post-15934","post","type-post","status-publish","format-standard","hentry","category-politisches","category-soziales","tag-geopolitik","tag-krieg","tag-usa"],"_links":{"self":[{"href":"https:\/\/www.unterstroemt.de\/index.php?rest_route=\/wp\/v2\/posts\/15934","targetHints":{"allow":["GET"]}}],"collection":[{"href":"https:\/\/www.unterstroemt.de\/index.php?rest_route=\/wp\/v2\/posts"}],"about":[{"href":"https:\/\/www.unterstroemt.de\/index.php?rest_route=\/wp\/v2\/types\/post"}],"author":[{"embeddable":true,"href":"https:\/\/www.unterstroemt.de\/index.php?rest_route=\/wp\/v2\/users\/1"}],"replies":[{"embeddable":true,"href":"https:\/\/www.unterstroemt.de\/index.php?rest_route=%2Fwp%2Fv2%2Fcomments&post=15934"}],"version-history":[{"count":11,"href":"https:\/\/www.unterstroemt.de\/index.php?rest_route=\/wp\/v2\/posts\/15934\/revisions"}],"predecessor-version":[{"id":15964,"href":"https:\/\/www.unterstroemt.de\/index.php?rest_route=\/wp\/v2\/posts\/15934\/revisions\/15964"}],"wp:attachment":[{"href":"https:\/\/www.unterstroemt.de\/index.php?rest_route=%2Fwp%2Fv2%2Fmedia&parent=15934"}],"wp:term":[{"taxonomy":"category","embeddable":true,"href":"https:\/\/www.unterstroemt.de\/index.php?rest_route=%2Fwp%2Fv2%2Fcategories&post=15934"},{"taxonomy":"post_tag","embeddable":true,"href":"https:\/\/www.unterstroemt.de\/index.php?rest_route=%2Fwp%2Fv2%2Ftags&post=15934"}],"curies":[{"name":"wp","href":"https:\/\/api.w.org\/{rel}","templated":true}]}}