{"id":15969,"date":"2019-07-26T12:17:35","date_gmt":"2019-07-26T10:17:35","guid":{"rendered":"https:\/\/www.unterstroemt.de\/?p=15969"},"modified":"2019-07-26T12:31:35","modified_gmt":"2019-07-26T10:31:35","slug":"politik-versagen-und-buerokratie-versagen-immer-wieder-politik-versagen-und-buerokratie-versagen","status":"publish","type":"post","link":"https:\/\/www.unterstroemt.de\/?p=15969","title":{"rendered":"Politikversagen und B\u00fcrokratieversagen, immer wieder Politikversagen und B\u00fcrokratieversagen"},"content":{"rendered":"<p style=\"text-align: left;\">Wenn erst der Mord an einem Regierungspr\u00e4sidenten die Beh\u00f6rden und die verantwortlichen Politiker aufschreckt und deutlich macht, wie gro\u00df die Bedrohung von Rechts schon wieder ist, so sagt das mehr \u00fcber die Qualit\u00e4t der Beh\u00f6rden und Politiker aus, als sie selbst gern zugeben.<\/p>\n<hr \/>\n<p>Es zeigt, wie reaktiv sie sind, wie wenig aktiv sie sind, wie wenig sie in der Lage sind zu gestalten, wie schlecht sie verwalten.<\/p>\n<p>Wenn ich mir andere Probleme im Lande so anschaue, die wir teils schon als Notstand oder Krise bezeichnen, finde ich diese Schlussfolgerung meinerseits immer wieder best\u00e4tigt.<\/p>\n<p>Aber was Wunder, wenn Politiker nur noch in Nullen denken k\u00f6nnen, nur noch bremsen wollen, auch da, wo eigentlich Gas zu geben l\u00e4ngst opportun w\u00e4re.<\/p>\n<p style=\"text-align: left;\"><a href=\"https:\/\/www.unterstroemt.de\/?p=15224\" target=\"_blank\" rel=\"noopener noreferrer\">Karl hat v\u00f6llig recht<\/a>, \u00fcber den Klimawandel hinaus, aber ohne Systemwechsel, ohne Wechsel des Denkens in den K\u00f6pfen der Politiker und B\u00fcrokraten, wird es nicht gehen, wird keine Herausforderung wirklich angenommen werden k\u00f6nnen, kein Problem gel\u00f6st werden k\u00f6nnen.<\/p>\n","protected":false},"excerpt":{"rendered":"<p>Wenn erst der Mord an einem Regierungspr\u00e4sidenten die Beh\u00f6rden und die verantwortlichen Politiker aufschreckt und deutlich macht, wie gro\u00df die Bedrohung von Rechts schon wieder ist, so sagt das mehr \u00fcber die Qualit\u00e4t der Beh\u00f6rden und Politiker aus, als sie selbst gern zugeben.<\/p>\n","protected":false},"author":6,"featured_media":0,"comment_status":"open","ping_status":"open","sticky":false,"template":"","format":"standard","meta":{"footnotes":""},"categories":[56],"tags":[689,688],"class_list":["post-15969","post","type-post","status-publish","format-standard","hentry","category-kurz-knapp","tag-buerokratieversagen","tag-politikversagen"],"_links":{"self":[{"href":"https:\/\/www.unterstroemt.de\/index.php?rest_route=\/wp\/v2\/posts\/15969","targetHints":{"allow":["GET"]}}],"collection":[{"href":"https:\/\/www.unterstroemt.de\/index.php?rest_route=\/wp\/v2\/posts"}],"about":[{"href":"https:\/\/www.unterstroemt.de\/index.php?rest_route=\/wp\/v2\/types\/post"}],"author":[{"embeddable":true,"href":"https:\/\/www.unterstroemt.de\/index.php?rest_route=\/wp\/v2\/users\/6"}],"replies":[{"embeddable":true,"href":"https:\/\/www.unterstroemt.de\/index.php?rest_route=%2Fwp%2Fv2%2Fcomments&post=15969"}],"version-history":[{"count":5,"href":"https:\/\/www.unterstroemt.de\/index.php?rest_route=\/wp\/v2\/posts\/15969\/revisions"}],"predecessor-version":[{"id":15974,"href":"https:\/\/www.unterstroemt.de\/index.php?rest_route=\/wp\/v2\/posts\/15969\/revisions\/15974"}],"wp:attachment":[{"href":"https:\/\/www.unterstroemt.de\/index.php?rest_route=%2Fwp%2Fv2%2Fmedia&parent=15969"}],"wp:term":[{"taxonomy":"category","embeddable":true,"href":"https:\/\/www.unterstroemt.de\/index.php?rest_route=%2Fwp%2Fv2%2Fcategories&post=15969"},{"taxonomy":"post_tag","embeddable":true,"href":"https:\/\/www.unterstroemt.de\/index.php?rest_route=%2Fwp%2Fv2%2Ftags&post=15969"}],"curies":[{"name":"wp","href":"https:\/\/api.w.org\/{rel}","templated":true}]}}