{"id":16226,"date":"2019-08-06T10:32:45","date_gmt":"2019-08-06T08:32:45","guid":{"rendered":"https:\/\/www.unterstroemt.de\/?p=16226"},"modified":"2019-08-06T17:28:58","modified_gmt":"2019-08-06T15:28:58","slug":"alarmismus","status":"publish","type":"post","link":"https:\/\/www.unterstroemt.de\/?p=16226","title":{"rendered":"Alarmismus"},"content":{"rendered":"<p>Wenn ich mich so bei <em>Facebook<\/em> rumtreibe oder manche Presseerzeugnisse so lese, so treffe ich auf viele verschiedene Ansichten, gerade zum Klimaschutz. Sie reichen von &#8222;unn\u00f6tig&#8220; bis hin zu &#8222;wir haben nur noch 18 Monate Zeit&#8220;. Als Klimasch\u00fctzer bin ich da zunehmend verunsichert, nicht von denen, die ihn als unn\u00f6tig ansehen &#8211; die nehme ich nicht mal mehr ernst in ihrer Bedenkenlosigkeit. Nein, von den Alarmisten, die mich umgeben, auch in meinem direkten Freundeskreis.<\/p>\n<p>Gehen wir einmal davon aus, wir h\u00e4tten wirklich nur noch 18 Monate Zeit, die Weichen zu stellen. Was w\u00fcrde das bedeuten, wenn wir es nicht tun w\u00fcrden? Glaubt wirklich jemand, dass wir es tun werden?<\/p>\n<p>Die zweite Frage ist wohl am leichtesten zu beantworten. Wir werden es nicht tun, weder in Deutschland und schon gar nicht weltweit. Daf\u00fcr denken wir die Globalisierung zu falsch, daf\u00fcr stehen die Zeichen im geopolitischen Umfeld zu sehr auf Sturm. Werden wir deshalb untergehen m\u00fcssen? Ist das die Antwort auf die erste Frage?<\/p>\n<p>Ich meine, nein. 18 Monate, auch f\u00fcnf Jahre sind Alarmismus und nicht mehr. Ja, die Zeit l\u00e4uft uns davon, und das, was wir in 18 Monaten nun wieder nicht schaffen werden, was wir auch in f\u00fcnf Jahren nicht schaffen werden, wie ich f\u00fcrchte, wird uns noch gewaltige Probleme bereiten. Aber zu denken, diese Probleme w\u00e4ren dann nicht l\u00f6sbar, nur weil wir jetzt nicht handeln, liegt mir fern. Sie werden l\u00f6sbar bleiben, noch eine ganze Weile. Sie werden allerdings immer h\u00f6here Opfer fordern, und deshalb ist schnelles Handeln gefragt. Aber eine apokalyptische Stimmung deshalb zu verbreiten schie\u00dft \u00fcber das Ziel hinaus.<\/p>\n<p>Ich meine deshalb, es ist h\u00f6chste Zeit f\u00fcr den Klimaschutz, des planetaren wie des sozialen Klimas &#8211; die ich immer zusammen denke. Aber Alarmismus sollten wir uns sparen. Klimaschutz wird man damit n\u00e4mlich nicht erreichen k\u00f6nnen, welchen auch immer man erreichen will. Eher wird man die, die diesem Alarmismus heute glauben, morgen die Motivation nehmen, weiter f\u00fcr den Klimaschutz einzutreten. Es w\u00e4re ja zwecklos, wenn in den 18 Monaten nichts erreicht werden k\u00f6nnte, und das wird es nicht, wie ich sicher bin, behaupten zu k\u00f6nnen.<\/p>\n<p>Zu viel Pessimismus schadet genauso, wie diese Gleichg\u00fcltigkeit, die wir seit Jahrzehnten in der Politik erleben, uns geschadet hat. Wir sollten sachlicher bleiben, auch wir, die wir die Folgen der Klimaerw\u00e4rmung des Planeten und die Abk\u00fchlung des Klimas in der Gesellschaft beklagen und vor allem \u00e4ndern wollen. Ich werde es jedenfalls weiterhin so halten, bis zum Ende, welches ich nicht in 18 Monaten und auch nicht in f\u00fcnf Jahren derzeit verorte.<\/p>\n","protected":false},"excerpt":{"rendered":"<p>Wenn ich mich so bei Facebook rumtreibe oder manche Presseerzeugnisse so lese, so treffe ich auf viele verschiedene Ansichten, gerade zum Klimaschutz. Sie reichen von &#8222;unn\u00f6tig&#8220; bis hin zu &#8222;wir haben nur noch 18 Monate Zeit&#8220;. Als Klimasch\u00fctzer bin ich da zunehmend verunsichert, nicht von denen, die ihn als unn\u00f6tig ansehen &#8211; die nehme ich nicht mal mehr ernst in ihrer Bedenkenlosigkeit. Nein, von den Alarmisten, die mich umgeben, auch in meinem direkten Freundeskreis.<\/p>\n","protected":false},"author":6,"featured_media":0,"comment_status":"open","ping_status":"open","sticky":false,"template":"","format":"standard","meta":{"footnotes":""},"categories":[56,50],"tags":[706,646],"class_list":["post-16226","post","type-post","status-publish","format-standard","hentry","category-kurz-knapp","category-politisches","tag-alarmismus","tag-klimaschutz"],"_links":{"self":[{"href":"https:\/\/www.unterstroemt.de\/index.php?rest_route=\/wp\/v2\/posts\/16226","targetHints":{"allow":["GET"]}}],"collection":[{"href":"https:\/\/www.unterstroemt.de\/index.php?rest_route=\/wp\/v2\/posts"}],"about":[{"href":"https:\/\/www.unterstroemt.de\/index.php?rest_route=\/wp\/v2\/types\/post"}],"author":[{"embeddable":true,"href":"https:\/\/www.unterstroemt.de\/index.php?rest_route=\/wp\/v2\/users\/6"}],"replies":[{"embeddable":true,"href":"https:\/\/www.unterstroemt.de\/index.php?rest_route=%2Fwp%2Fv2%2Fcomments&post=16226"}],"version-history":[{"count":13,"href":"https:\/\/www.unterstroemt.de\/index.php?rest_route=\/wp\/v2\/posts\/16226\/revisions"}],"predecessor-version":[{"id":16249,"href":"https:\/\/www.unterstroemt.de\/index.php?rest_route=\/wp\/v2\/posts\/16226\/revisions\/16249"}],"wp:attachment":[{"href":"https:\/\/www.unterstroemt.de\/index.php?rest_route=%2Fwp%2Fv2%2Fmedia&parent=16226"}],"wp:term":[{"taxonomy":"category","embeddable":true,"href":"https:\/\/www.unterstroemt.de\/index.php?rest_route=%2Fwp%2Fv2%2Fcategories&post=16226"},{"taxonomy":"post_tag","embeddable":true,"href":"https:\/\/www.unterstroemt.de\/index.php?rest_route=%2Fwp%2Fv2%2Ftags&post=16226"}],"curies":[{"name":"wp","href":"https:\/\/api.w.org\/{rel}","templated":true}]}}