{"id":16735,"date":"2019-08-24T16:10:14","date_gmt":"2019-08-24T14:10:14","guid":{"rendered":"https:\/\/www.unterstroemt.de\/?p=16735"},"modified":"2019-08-24T17:07:32","modified_gmt":"2019-08-24T15:07:32","slug":"neues-aus-absurdistan","status":"publish","type":"post","link":"https:\/\/www.unterstroemt.de\/?p=16735","title":{"rendered":"Neues aus Absurdistan &#8211; wieder einmal aus dem Hause Scheuer"},"content":{"rendered":"<p>Scheuer scheint im Auftrag der privatisierten Kliniken und der Beerdigungsunternehmer unterwegs zu sein. Deren Gesch\u00e4ftsergebnisse scheinen ihm wichtiger zu sein, als die Gesellschaft, die ihn als Verkehrsminister bezahlt.<\/p>\n<p>Anders konnte ich mir seinen E-Scooter-Wahnsinn schon nicht erkl\u00e4ren und sein neustes Projekt zur Senkung der Verkehrssicherheit, kann ich mir schon gar nicht mehr anders erkl\u00e4ren.<\/p>\n<p><a href=\"https:\/\/www.tagesschau.de\/inland\/fuehrerschein-aenderungen-101.html\" target=\"_blank\" rel=\"noopener noreferrer\">Er will die E-Mobilit\u00e4t f\u00f6rdern, so behauptet er, und daf\u00fcr will er die Ausbildung auf einem Schaltwagen auf ein Fahrtraining reduzieren<\/a>. Ein einem Vollhonk w\u00fcrdiges Unterfangen &#8211; wobei ich aus rechtlichen Gr\u00fcnden nicht behaupte, das er ein Vollhonk sei -, aber keines eines Ministers, der f\u00fcr die Sicherheit im Stra\u00dfenverkehr verantwortlich ist.<\/p>\n<p>Jeder, der mal ein Kraftfahrzeug gelenkt hat, wei\u00df wie unterschiedlich die Anforderungen an beide Fahrweisen sind, wie ungleich mehr Abl\u00e4ufe beim Schaltwagen zu bew\u00e4ltigen sind. Dazu braucht es keine Gutachten, dazu h\u00e4tte er seinen Fahrer fragen k\u00f6nnen oder den T\u00dcV, welcher zurecht sich gegen diesen Vorschlag ausspricht.<\/p>\n<p>Es f\u00e4llt mir immer schwerer, hier noch die ausreichende Wertsch\u00e4tzung diesem Manne entgegen zu bringen. Vielleicht irgendwann einmal wieder, sollte er weniger Party machen und mehr sich seines Verstandes bedienen. Man soll ja die Hoffnung nie aufgeben.<\/p>\n","protected":false},"excerpt":{"rendered":"<p>Scheuer scheint im Auftrag der privatisierten Kliniken und der Beerdigungsunternehmer unterwegs zu sein. Deren Gesch\u00e4ftsergebnisse scheinen ihm wichtiger zu sein, als die Gesellschaft, die ihn als Verkehrsminister bezahlt.<\/p>\n","protected":false},"author":6,"featured_media":0,"comment_status":"open","ping_status":"open","sticky":false,"template":"","format":"standard","meta":{"footnotes":""},"categories":[595,56],"tags":[737,738,739],"class_list":["post-16735","post","type-post","status-publish","format-standard","hentry","category-aktuelles","category-kurz-knapp","tag-scheuer","tag-verkehr","tag-verkehrssicherheit"],"_links":{"self":[{"href":"https:\/\/www.unterstroemt.de\/index.php?rest_route=\/wp\/v2\/posts\/16735","targetHints":{"allow":["GET"]}}],"collection":[{"href":"https:\/\/www.unterstroemt.de\/index.php?rest_route=\/wp\/v2\/posts"}],"about":[{"href":"https:\/\/www.unterstroemt.de\/index.php?rest_route=\/wp\/v2\/types\/post"}],"author":[{"embeddable":true,"href":"https:\/\/www.unterstroemt.de\/index.php?rest_route=\/wp\/v2\/users\/6"}],"replies":[{"embeddable":true,"href":"https:\/\/www.unterstroemt.de\/index.php?rest_route=%2Fwp%2Fv2%2Fcomments&post=16735"}],"version-history":[{"count":11,"href":"https:\/\/www.unterstroemt.de\/index.php?rest_route=\/wp\/v2\/posts\/16735\/revisions"}],"predecessor-version":[{"id":16784,"href":"https:\/\/www.unterstroemt.de\/index.php?rest_route=\/wp\/v2\/posts\/16735\/revisions\/16784"}],"wp:attachment":[{"href":"https:\/\/www.unterstroemt.de\/index.php?rest_route=%2Fwp%2Fv2%2Fmedia&parent=16735"}],"wp:term":[{"taxonomy":"category","embeddable":true,"href":"https:\/\/www.unterstroemt.de\/index.php?rest_route=%2Fwp%2Fv2%2Fcategories&post=16735"},{"taxonomy":"post_tag","embeddable":true,"href":"https:\/\/www.unterstroemt.de\/index.php?rest_route=%2Fwp%2Fv2%2Ftags&post=16735"}],"curies":[{"name":"wp","href":"https:\/\/api.w.org\/{rel}","templated":true}]}}