{"id":1770,"date":"2014-09-28T22:06:39","date_gmt":"2014-09-28T20:06:39","guid":{"rendered":"https:\/\/www.unterstroemt.de\/?p=1770"},"modified":"2014-10-01T13:32:42","modified_gmt":"2014-10-01T11:32:42","slug":"interessantes-aus-kw-392014","status":"publish","type":"post","link":"https:\/\/www.unterstroemt.de\/?p=1770","title":{"rendered":"Interessantes aus KW 39\/2014"},"content":{"rendered":"<p>An dieser Stelle pr\u00e4sentieren wir regelm\u00e4\u00dfig Links, die wir unter der Woche entdeckt haben, zu denen wir selbst nicht mehr viel schreiben m\u00fcssen und die wir teilenswert finden. Viel Spa\u00df beim Lesen und Anschauen!<\/p>\n<p>1. LobbyControl weist in einem <a href=\"https:\/\/www.lobbycontrol.de\/2014\/08\/fragwuerdige-ehrenaemter-die-ruestungslobby-im-bundestag\/\" target=\"_blank\">Artikel<\/a>\u00a0darauf hin, dass es einige Bundestagsabgeordnete gibt mit ehrenamtlichen Funktionen in r\u00fcstungspolitischen Organisationen, also in der R\u00fcstungslobby. Damit gehen die Herrschaften nat\u00fcrlich nicht so gern hausieren, aber es wird dann schon deutlich, warum Deutschland drittgr\u00f6\u00dfter R\u00fcstungsexporteur (auch in sehr fragw\u00fcrdige L\u00e4nder) ist und immer st\u00e4rker kriegstreiberische T\u00f6ne vonseiten der Politik zu h\u00f6ren sind.<\/p>\n<p>2.\u00a0Ein\u00a0<a href=\"http:\/\/www.boeckler.de\/50916_50946.htm\" target=\"_blank\">Bericht der Hans B\u00f6ckler Stiftung \u00fcber die Situation in Duisburg<\/a> zeigt deutlich die Finanzmisere deutscher St\u00e4dte und Gemeinden auf, die sich dank des mittlerweile grundgesetzlich verordneten Sparzwangs noch weiter versch\u00e4rfen wird. D\u00fcstere Aussichten &#8230;<\/p>\n<p>3.\u00a0Dass die AfD deutliche rechtsextreme Tendenzen aufweist, ist ja nun nichts ganz Neues mehr (dar\u00fcber haben wir ja auch schon was geschrieben hier auf unterstr\u00f6mt), richtig deutlich wird das Ganze allerdings, wenn man sieht, wie die AfD-Mitglieder des Kreistags Vorpommern-Greifswald geschlossen gemeinsam mit der NPD abstimmen, wie <a href=\"http:\/\/www.endstation-rechts.de\/news\/kategorie\/mv\/artikel\/afd-und-npd-hand-in-hand.html\" target=\"_blank\">dieser Artikel<\/a> auf Enstation Rechts dokumentiert.<\/p>\n<p>4. Ein lesenswertes <a href=\"http:\/\/www.heise.de\/tp\/artikel\/42\/42691\/1.html\" target=\"_blank\">Interview mit Karl Ludwig Schweisfurth<\/a>, dem ehemaligen Fleischmagnaten von der Firma Herta, \u00fcber die Ethik der massenindustriellen Fleischproduktion findet sich auf Telepolis.<\/p>\n<p>5. Sch\u00f6ner <a href=\"https:\/\/www.youtube.com\/watch?v=XrXbXGBwd_I\" target=\"_blank\">3-Minuten-Film von Campact auf YouTube<\/a>, der verdeutlicht, warum CETA genauso abzulehnen ist wie TTIP und worum es dabei vor allem geht, n\u00e4mlich nicht um Chlorh\u00fchnchen.<\/p>\n<p>6. Jens Berger verfasste auf den Nachdenkseiten eine <a href=\"http:\/\/www.nachdenkseiten.de\/?p=23397\" target=\"_blank\">treffende Replik<\/a> auf einen d\u00fcmmlichen Propagandakommentar in Springers Welt, mit dem versucht werden sollte, die R\u00fcge des ARD-Beirats zur einseitigen Berichterstattung der ARD (und anderer Medien) im Ukraine-Konflikt zu diskreditieren und bei dem sich der Springer-Schmierfink nicht zu bl\u00f6d war, mit Stalin-Vergleichen um sich zu schmei\u00dfen.<\/p>\n<p>7. Zwar schon ein paar Wochen alt, aber erst jetzt von mir entdeckt: In einem <a href=\"http:\/\/www.monde-diplomatique.de\/pm\/2014\/08\/08\/a0042.text\" target=\"_blank\">Artikel f\u00fcr Le Monde Diplomatique<\/a>\u00a0r\u00e4umt Mariana Mazzucato geh\u00f6rig mit der M\u00e4r auf, der Staat sei ein Bremsklotz der innovativen Privatwirtschaft, indem sie aufzeigt in welchem Ma\u00dfe wichtige Innovationen \u00fcberhaupt nur mit Risikokapital und Visionen von staatlicher Seite entwickelt werden konnten. Das wird einem nat\u00fcrlich von neoliberal- oder gar libert\u00e4r-marktradikaler Seite grunds\u00e4tzlich verschwiegen &#8230;<\/p>\n<p>8. Volker Pispers ist ja immer brillant, aber hier haut er mal wieder richtig einen raus: <a href=\"https:\/\/www.youtube.com\/watch?v=twyzLirkgag\" target=\"_blank\">in 13 Minuten erkl\u00e4rt, woran es gerade bei uns im Lande politisch hapert<\/a>. Wer ein bisschen mehr Mu\u00dfe hat, kann sich auch den <a href=\"https:\/\/www.youtube.com\/watch?v=OpFNlNK8j20\" target=\"_blank\">kompletten Auftritt von etwa 60 Minuten<\/a> anschauen.<\/p>\n","protected":false},"excerpt":{"rendered":"<p>An dieser Stelle pr\u00e4sentieren wir regelm\u00e4\u00dfig Links, die wir unter der Woche entdeckt haben, zu denen wir selbst nicht mehr viel schreiben m\u00fcssen und die wir teilenswert finden. Viel Spa\u00df beim Lesen und Anschauen!<\/p>\n","protected":false},"author":3,"featured_media":0,"comment_status":"open","ping_status":"closed","sticky":false,"template":"","format":"standard","meta":{"footnotes":""},"categories":[193],"tags":[],"class_list":["post-1770","post","type-post","status-publish","format-standard","hentry","category-woechentliches"],"_links":{"self":[{"href":"https:\/\/www.unterstroemt.de\/index.php?rest_route=\/wp\/v2\/posts\/1770","targetHints":{"allow":["GET"]}}],"collection":[{"href":"https:\/\/www.unterstroemt.de\/index.php?rest_route=\/wp\/v2\/posts"}],"about":[{"href":"https:\/\/www.unterstroemt.de\/index.php?rest_route=\/wp\/v2\/types\/post"}],"author":[{"embeddable":true,"href":"https:\/\/www.unterstroemt.de\/index.php?rest_route=\/wp\/v2\/users\/3"}],"replies":[{"embeddable":true,"href":"https:\/\/www.unterstroemt.de\/index.php?rest_route=%2Fwp%2Fv2%2Fcomments&post=1770"}],"version-history":[{"count":13,"href":"https:\/\/www.unterstroemt.de\/index.php?rest_route=\/wp\/v2\/posts\/1770\/revisions"}],"predecessor-version":[{"id":1802,"href":"https:\/\/www.unterstroemt.de\/index.php?rest_route=\/wp\/v2\/posts\/1770\/revisions\/1802"}],"wp:attachment":[{"href":"https:\/\/www.unterstroemt.de\/index.php?rest_route=%2Fwp%2Fv2%2Fmedia&parent=1770"}],"wp:term":[{"taxonomy":"category","embeddable":true,"href":"https:\/\/www.unterstroemt.de\/index.php?rest_route=%2Fwp%2Fv2%2Fcategories&post=1770"},{"taxonomy":"post_tag","embeddable":true,"href":"https:\/\/www.unterstroemt.de\/index.php?rest_route=%2Fwp%2Fv2%2Ftags&post=1770"}],"curies":[{"name":"wp","href":"https:\/\/api.w.org\/{rel}","templated":true}]}}