{"id":17981,"date":"2019-11-14T10:14:59","date_gmt":"2019-11-14T09:14:59","guid":{"rendered":"https:\/\/www.unterstroemt.de\/?p=17981"},"modified":"2019-11-14T10:14:59","modified_gmt":"2019-11-14T09:14:59","slug":"innenstaedte","status":"publish","type":"post","link":"https:\/\/www.unterstroemt.de\/?p=17981","title":{"rendered":"Innenst\u00e4dte"},"content":{"rendered":"<p>Immer wieder die gleiche Rede &#8222;Kauft vor Ort!&#8220;<\/p>\n<p>Immer wieder denke ich daraufhin das Gleiche &#8222;Ihr, die ihr das fordert, habt keine Ahnung von Marktwirtschaft!&#8220;<\/p>\n<p>Manchmal denke ich dann auch &#8222;Keine Ahnung von nix, aber davon sehr viel und gro\u00df rumpubsen, das k\u00f6nnen die Moralschwangeren. Das muss man ihnen lassen&#8220;, verwerfe aber solche Gedanken schnell wieder, meiner eigenen Gesundheit zuliebe.<\/p>\n<p>Ja, nat\u00fcrlich sterben die kleinen Firmen in den Innenst\u00e4dten, ver\u00f6den die Innenst\u00e4dte zusehens. Das war doch zu erwarten, wenn einerseits jede Kommune um jeden Supermarkt buhlt, gar nicht schnell genug damit sein kann, die gr\u00fcnen Wiesen daf\u00fcr bereitzustellen und andererseits eine Politik verfolgt worden ist &#8211; und weiter verfolgt wird -, welche die Entwicklung der L\u00f6hne und Geh\u00e4lter weit unter den Produktivit\u00e4tsfortschritten h\u00e4lt, damit auch die Renten und Transferleistungen.<\/p>\n<p>Wer die Masse der Menschen in Lohnabh\u00e4ngigkeit um die Fr\u00fcchte ihrer Arbeit bringt, den Sozialstaat unter dem gleichen Dogma f\u00fchrt und gestaltet wie alles andere auch, das Geiz n\u00e4mlich geil w\u00e4re, der sollte kleine Br\u00f6tchen backen, wenn es um die Innenst\u00e4dte geht. Der sollte zu dieser Verantwortung stehen, gleich wo er sie getragen hat, wo er sie tr\u00e4gt. Er sollte umdenken, den Verbraucher verbrauchen lassen, wo er will und dem Verbraucher dazu mehr Mittel verschaffen, damit er auch verbrauchen kann.<\/p>\n<p>Mehr Kapitalismus und weniger Marktwirtschaft, die Unterschiede sollte er erkennen. Das Moralisieren jedoch sollte er sich sparen. Vielleicht gesunden dann auch die Innenst\u00e4dte wieder. Den Menschen allerdings ginge es besser und darauf kommt es doch wirklich an, oder?<\/p>\n","protected":false},"excerpt":{"rendered":"<p>Immer wieder die gleiche Rede &#8222;Kauft vor Ort!&#8220;<\/p>\n","protected":false},"author":6,"featured_media":0,"comment_status":"open","ping_status":"open","sticky":false,"template":"","format":"standard","meta":{"footnotes":""},"categories":[56],"tags":[846,774],"class_list":["post-17981","post","type-post","status-publish","format-standard","hentry","category-kurz-knapp","tag-innenstadt","tag-marktwirtschaft"],"_links":{"self":[{"href":"https:\/\/www.unterstroemt.de\/index.php?rest_route=\/wp\/v2\/posts\/17981","targetHints":{"allow":["GET"]}}],"collection":[{"href":"https:\/\/www.unterstroemt.de\/index.php?rest_route=\/wp\/v2\/posts"}],"about":[{"href":"https:\/\/www.unterstroemt.de\/index.php?rest_route=\/wp\/v2\/types\/post"}],"author":[{"embeddable":true,"href":"https:\/\/www.unterstroemt.de\/index.php?rest_route=\/wp\/v2\/users\/6"}],"replies":[{"embeddable":true,"href":"https:\/\/www.unterstroemt.de\/index.php?rest_route=%2Fwp%2Fv2%2Fcomments&post=17981"}],"version-history":[{"count":2,"href":"https:\/\/www.unterstroemt.de\/index.php?rest_route=\/wp\/v2\/posts\/17981\/revisions"}],"predecessor-version":[{"id":17983,"href":"https:\/\/www.unterstroemt.de\/index.php?rest_route=\/wp\/v2\/posts\/17981\/revisions\/17983"}],"wp:attachment":[{"href":"https:\/\/www.unterstroemt.de\/index.php?rest_route=%2Fwp%2Fv2%2Fmedia&parent=17981"}],"wp:term":[{"taxonomy":"category","embeddable":true,"href":"https:\/\/www.unterstroemt.de\/index.php?rest_route=%2Fwp%2Fv2%2Fcategories&post=17981"},{"taxonomy":"post_tag","embeddable":true,"href":"https:\/\/www.unterstroemt.de\/index.php?rest_route=%2Fwp%2Fv2%2Ftags&post=17981"}],"curies":[{"name":"wp","href":"https:\/\/api.w.org\/{rel}","templated":true}]}}