{"id":18056,"date":"2019-11-24T16:55:47","date_gmt":"2019-11-24T15:55:47","guid":{"rendered":"https:\/\/www.unterstroemt.de\/?p=18056"},"modified":"2019-11-26T14:45:56","modified_gmt":"2019-11-26T13:45:56","slug":"interessantes-aus-kw-47-2019","status":"publish","type":"post","link":"https:\/\/www.unterstroemt.de\/?p=18056","title":{"rendered":"Interessantes aus KW 47\/2019"},"content":{"rendered":"<p>An dieser Stelle pr\u00e4sentieren wir regelm\u00e4\u00dfig Links, die wir unter der Woche entdeckt haben, zu denen wir selbst nicht mehr viel schreiben m\u00fcssen und die wir teilenswert finden. Viel Spa\u00df beim Lesen und Anschauen!<\/p>\n<p>1. Bereits am 12. 11. berichtete REPORT MAINZ (ARD) \u00fcber einige Gr\u00fcnde daf\u00fcr, warum rechte Gewaltt\u00e4ter oftmals so glimpflich davonkommen. Der <a href=\"https:\/\/www.daserste.de\/information\/politik-weltgeschehen\/report-mainz\/videosextern\/warum-rechte-gewalttaeter-oftmals-glimpflich-davonkommen-102.html\" target=\"_blank\" rel=\"noopener noreferrer\">7-min\u00fctige Bericht<\/a> attestiert auch, dass die Verschleppung der Gerichtsverhandlungen aufgrund \u00fcberlasteter Gerichte daf\u00fcr sorgt, dass sich die Straft\u00e4ter sicherer f\u00fchlen und die pr\u00e4ventive Wirkung von Bestrafung damit verpufft. Auch wenn ich Bestrafung in diesem Sinne wenig zielf\u00fchrend finde &#8211; eine Resozialisierung sollte stets das oberste Ziel sein -, so ist nat\u00fcrlich die abschreckende Wirkung eines \u201ekurzes Prozesses\u201c f\u00fcr andere Gewaltt\u00e4ter und damit auch f\u00fcr deren Opfer w\u00fcnschenswert. [Dirk]<\/p>\n<p>2. In einem <a href=\"https:\/\/utopia.de\/vendig-ist-ueberall-das-ende-der-welt-in-einem-bild-165679\/\" target=\"_blank\" rel=\"noopener noreferrer\">Kommentar auf <em>Utopia<\/em><\/a> befasst sich Martin Tillich mit der aktuellen Situation von Venedig. Der Stadt wurde n\u00e4mlich attestiert, dass sie nicht mehr zu retten sei und dass es nur noch eine Frage sei, wann und nicht ob sie vom Meer \u00fcberflutet wird. Und dieser Vorgang wird durch den \u00fcberm\u00e4\u00dfigen Tourismus in Venedig noch weiter beschleunigt, sodass die Stadt ein trauriges Sinnbild f\u00fcr unseren ganzen Planeten abgibt: Wir wissen, dass er dem Untergang geweiht ist, wenn wir einfach so weitermachen &#8211; und wir machen trotzdem einfach so weiter. [Karl]<\/p>\n<p>3. In einem ausf\u00fchrlichen <a href=\"https:\/\/www.facebook.com\/stephan.anpalagan\/posts\/2526433714058813\" target=\"_blank\" rel=\"noopener noreferrer\">Statement auf seiner <em>Facebook<\/em>-Wall<\/a> besch\u00e4ftigt sich Stephan Anpalagan mit &#8222;Don Alphonso&#8220; alias Rainer Meyer. Der schreibt f\u00fcr Springers WELT und hetzt dort aufs \u00dcbelste, womit er AfD-Fans und anderen Rechtsextremen reichlich Futter bietet. Anpalagan zeigt vor allem die Prinzipienlosigkeit von Meyer auf, da dieser noch nicht lange vor seinem WELT-Engagement massiv gegen das Springer-Blatt wetterte. Und man sieht, dass der Rechtsruck und der Rechtsextremismus mal wieder reichlich aus der sogenannten Mitte, zu der Springers Hetzpostillen ja immer noch z\u00e4hlen, befeuert wird. [Karl]<\/p>\n<p>4. Deutschlands Bildungssystem ist weltweit daf\u00fcr bekannt, wenig Schichtmobilit\u00e4t zuzulassen. Das hei\u00dft: Akademikerkinder studieren, Arbeiterkinder studieren eher nicht. Dies spiegelt sich auch in den Stiftungen wider, die Studenten f\u00f6rdern, wie aus einem <a href=\"https:\/\/taz.de\/Stiftungen-foerdern-soziale-Ungleichheit\/!5637088\/\" target=\"_blank\" rel=\"noopener noreferrer\">Artikel in der <em>taz<\/em><\/a> hervorgeht. Wenig \u00fcberraschend, sind es dort vor allem auch Akademikerkinder, die in den Genuss von finanzieller und logistischer Unterst\u00fctzung seitens der Stiftungen kommen. So wird soziale Ungleichheit weiter zementiert. [Karl]<\/p>\n<p>5. Gro\u00dfe Ungleichheit gibt es in Deutschland nicht nur bei den Menschen, sondern auch bei den Kommunen. Und das hat drastische Folgen, denn immer mehr Gegenden in Deutschland k\u00f6nnen so teilweise elementare Aufgaben nicht mehr erf\u00fcllen und verarmen zunehmend, was oft in einer Abw\u00e4rtsspirale m\u00fcndet. Der \u00d6konom Jens S\u00fcdekum erkl\u00e4rt in einem <a href=\"https:\/\/www.spiegel.de\/wirtschaft\/unternehmen\/deutschland-eu-foerdergelder-kommen-oft-nicht-in-armen-gemeinden-an-a-1296703.html\" target=\"_blank\" rel=\"noopener noreferrer\">Interview mit <em>Spiegel Online<\/em><\/a>, warum das so ist, welche Probleme bei der EU-F\u00f6rderung von Kommunen bestehen und was f\u00fcr L\u00f6sungsans\u00e4tze es g\u00e4be, um diesem Missstand beizukommen. [Karl]<\/p>\n<p>6. Thomas Fricke mit einem sehr lesenswerten <a href=\"https:\/\/www.spiegel.de\/wirtschaft\/soziales\/cdu-parteitag-ohne-angela-merkel-droht-das-spd-schicksal-a-1297674.html#ref=nl-thema-22840-spon_die_kolumnisten\" target=\"_blank\" rel=\"noopener noreferrer\">Kommentar bei S.P.O.N.<\/a> \u00fcber die CDU. Sein Fazit hier schon einmal vorweg: &#8222;Wenn die Union nach 14 Jahren Merkel-Kanzlerschaft schwankt zwischen sachten Korrekturen \u00e0 la AKK und R\u00fcckkehr zu etwas, was in der Praxis nie bestanden hat, vermittelt das die Souver\u00e4nit\u00e4t und Analysetreffsicherheit, die wir in den vergangenen Jahren eigentlich eher von der SPD kannten.&#8220; [Heinz]<\/p>\n<p>7. Thomas Carothers sieht die <a href=\"https:\/\/www.ipg-journal.de\/interviews\/artikel\/zukunft-der-demokratie-steht-auf-dem-spiel-3887\/?utm_campaign=de_40_20191122&amp;utm_medium=email&amp;utm_source=newsletter\" target=\"_blank\" rel=\"noopener noreferrer\">&#8222;Zukunft der Demokratie (steht) auf dem Spiel&#8220;<\/a> stehend, und das v\u00f6llig zu Recht. Ein faktenreiches Interview, eine treffende Analyse ohne die \u00fcblichen Schuldzuweisungen und Polarisierungen. [Heinz]<\/p>\n<p>8. Jayati Ghosh \u00fcber den Teufelskreis von Wasserknappheit und kriegerischen Auseinandersetzungen, \u00fcber Konzerne und Staaten, die diesen Teufelskreis in Schwung halten. <a href=\"https:\/\/www.ipg-journal.de\/rubriken\/nachhaltigkeit-energie-und-klimapolitik\/artikel\/wasserschlachten-3882\/?utm_campaign=de_40_20191122&amp;utm_medium=email&amp;utm_source=newsletter\" target=\"_blank\" rel=\"noopener noreferrer\">Wasserschlachten<\/a>, ein Must-read! [Heinz]<\/p>\n<p>9. Die NPD hat gerade in Hannover demonstriert und zeigt sich dabei zunehmend radikaler. So geht aus einem <a href=\"https:\/\/amp.zdf.de\/nachrichten\/heute\/interview-ndr-journalist-julian-feldmann-zu-npd-demonstration-100.html\" rel=\"noopener noreferrer\">Interview mit dem <em>NDR<\/em>-Journalisten Julian Feldmann<\/a> auf der Website der <em>ZDF<\/em>-Nachrichtensendung <em>heute<\/em> hervor, das dabei gezielt Stimmung gemacht wird gegen Journalisten und Medien, die kritisch \u00fcber Rechtsextremismus berichten. F\u00fcr &#8222;wehret den Anf\u00e4ngen&#8220; ist es also schon deutlich zu sp\u00e4t, wenn man sieht, wie offen antidemokratisch da im \u00f6ffentlichen Raum agiert wird. [Karl]<\/p>\n<p>10. Ein <a href=\"https:\/\/blogs.taz.de\/hausblog\/urteil-des-oberlandesgerichts\/\" target=\"_blank\" rel=\"noopener noreferrer\">Artikel des Blogs der <em>taz<\/em><\/a> berichtet \u00fcber ein erfreuliches Urteil: Nachdem immer wieder vonseiten der AfD und ihrer Mitarbeiter Abmahnungen und Drohbriefe gegen Medien losgelassen wurden, wenn diese \u00fcber deren rechtsextreme Vergangenheit oder Verstrickungen mit der rechtsradikalen Szene berichtet haben, hat nun das OLG D\u00fcsseldorf entschieden, dass solche Berichterstattung rechtm\u00e4\u00dfig sei. Ist aber auch mal wieder typisch f\u00fcr die rechten Heuchler von der AfD: St\u00e4ndig sind sie am Jammern, dass keine Meinungsfreiheit best\u00fcnde, und dann versuchen sie selbst mit allen Mitteln, unliebsame Meinungen zu unterdr\u00fccken. Gut, dass dem nun ein Riegel vorgeschoben wurde! [Karl]<\/p>\n<p>11. Na super! Laut einem <a href=\"https:\/\/www.zeit.de\/wissen\/umwelt\/2019-11\/umweltbundesamt-verpackungsmuell-rekordhoch-recycling\" target=\"_blank\" rel=\"noopener noreferrer\">Artikel auf <em>Zeit Online<\/em><\/a> stieg die Menge an Plastikm\u00fcll pro Kopf in Deutschland 2017 auf ein Rekordhoch von 226,5 Kilogramm pro Person an. Dies liegt vor allem an vielen Onlinek\u00e4ufen, To-go-Produkten und kleinen Verpackungsgr\u00f6\u00dfen &#8211; also alles Sachen, die vor allem in den letzten Jahren neu das Konsumverhalten gepr\u00e4gt haben. Dabei sollte es eigentlich genau in die andere Richtung gehen, aber das ist eben im Marktradikalismus nicht so ohne Weiteres m\u00f6glich. Was f\u00fcr ein Trauerspiel! [Karl]<\/p>\n<p>12. Dass die Pkw-Maut ein Reinfall mit Ansage war, der etliche Millionen Steuergelder gekostet hat, ist nichts Neues. Wie schwerwiegend allerdings die Verst\u00f6\u00dfe, die sich Bundesverkehrsminister Scheuer dabei hat zuschulden kommen lassen sind, wird nun anhand von Vorw\u00fcrfen des Bundesrechnungshofes deutlich, \u00fcber die ein <a href=\"https:\/\/www.sueddeutsche.de\/wirtschaft\/pkw-maut-bundesrechnungshof-scheuer-1.4686615\" target=\"_blank\" rel=\"noopener noreferrer\">Artikel in der <em>S\u00fcddeutschen Zeitung<\/em><\/a> berichtet: Da ist von zahlreichen Rechtsverst\u00f6\u00dfen die Rede, unter anderem gegen das Haushalts- und Vergaberecht, zudem wurde der Bundestag hintergangen und finanzielle Risiken wurden trotz Warnungen nicht ausreichend \u00fcberdacht. H\u00e4tte Scheuer auch nur eine Funken Format, dann w\u00fcrde dieser Katastrophenminister endlich seinen Hut nehmen und zur\u00fccktreten! [Karl]<\/p>\n<p>13. Was zurzeit beim Staatsstreich in Bolivien geschieht, pr\u00e4sentiert sich uns hier in Europa als sehr un\u00fcbersichtlich. Eine Zusammenfassung des aktuellen Status quo bietet ein <a href=\"https:\/\/amerika21.de\/analyse\/234327\/die-hoelle-und-der-putschplan-bolivien\" target=\"_blank\" rel=\"noopener noreferrer\">Artikel des argentinischen Journalisten Marco Teruggi<\/a> auf <em>amerika21<\/em>. In jedem Fall scheint sich die Macht\u00fcbernahme reaktion\u00e4rer Kr\u00e4fte in S\u00fcdamerika (teilweise durch Wahlen, teilweise durch Staatsstreiche) nun in Bolivien fortzusetzen. [Karl]<\/p>\n<p>14. Ein 65 Jahre alter Mann wird vom Jobcenter trotz Angabe einer schwere Diabetes-Erkrankung f\u00fcr arbeitsf\u00e4hig erkl\u00e4rt, sackt in dessen Wartezimmer zusammen und stirbt. Klingt wie eine Horrorgeschichte, ist aber realer Horror des Neoliberalismus und seiner menschenverachtenden Praxis. So geschehen n\u00e4mlich vor Kurzem im walisischen Llanelli, wie ein <a href=\"https:\/\/www.gegen-hartz.de\/news\/schwerkranker-erwerbsloser-stirbt-im-jobcenter-behoerde-hatte-in-arbeitsfaehig-erklaert\" target=\"_blank\" rel=\"noopener noreferrer\">Artikel auf <em>gegen-hartz.de<\/em><\/a> berichtet. Und das ist kein spezifisch britisches Ph\u00e4nomen, denn auch in Deutschland werden immer wieder schwer kranke Menschen von Jobcentern f\u00fcr arbeitsf\u00e4hig erkl\u00e4rt und entsprechend sanktioniert. [Karl]<\/p>\n","protected":false},"excerpt":{"rendered":"<p>An dieser Stelle pr\u00e4sentieren wir regelm\u00e4\u00dfig Links, die wir unter der Woche entdeckt haben, zu denen wir selbst nicht mehr viel schreiben m\u00fcssen und die wir teilenswert finden. Viel Spa\u00df beim Lesen und Anschauen!<\/p>\n","protected":false},"author":5,"featured_media":0,"comment_status":"open","ping_status":"open","sticky":false,"template":"","format":"standard","meta":{"footnotes":""},"categories":[193],"tags":[],"class_list":["post-18056","post","type-post","status-publish","format-standard","hentry","category-woechentliches"],"_links":{"self":[{"href":"https:\/\/www.unterstroemt.de\/index.php?rest_route=\/wp\/v2\/posts\/18056","targetHints":{"allow":["GET"]}}],"collection":[{"href":"https:\/\/www.unterstroemt.de\/index.php?rest_route=\/wp\/v2\/posts"}],"about":[{"href":"https:\/\/www.unterstroemt.de\/index.php?rest_route=\/wp\/v2\/types\/post"}],"author":[{"embeddable":true,"href":"https:\/\/www.unterstroemt.de\/index.php?rest_route=\/wp\/v2\/users\/5"}],"replies":[{"embeddable":true,"href":"https:\/\/www.unterstroemt.de\/index.php?rest_route=%2Fwp%2Fv2%2Fcomments&post=18056"}],"version-history":[{"count":0,"href":"https:\/\/www.unterstroemt.de\/index.php?rest_route=\/wp\/v2\/posts\/18056\/revisions"}],"wp:attachment":[{"href":"https:\/\/www.unterstroemt.de\/index.php?rest_route=%2Fwp%2Fv2%2Fmedia&parent=18056"}],"wp:term":[{"taxonomy":"category","embeddable":true,"href":"https:\/\/www.unterstroemt.de\/index.php?rest_route=%2Fwp%2Fv2%2Fcategories&post=18056"},{"taxonomy":"post_tag","embeddable":true,"href":"https:\/\/www.unterstroemt.de\/index.php?rest_route=%2Fwp%2Fv2%2Ftags&post=18056"}],"curies":[{"name":"wp","href":"https:\/\/api.w.org\/{rel}","templated":true}]}}