{"id":18271,"date":"2019-12-07T19:23:57","date_gmt":"2019-12-07T18:23:57","guid":{"rendered":"https:\/\/www.unterstroemt.de\/?p=18271"},"modified":"2019-12-07T19:23:57","modified_gmt":"2019-12-07T18:23:57","slug":"spd-parteitag","status":"publish","type":"post","link":"https:\/\/www.unterstroemt.de\/?p=18271","title":{"rendered":"SPD-Parteitag"},"content":{"rendered":"<p>Ich glaub, ich steh im Wald.<\/p>\n<p>Also man darf ja gern tun und lassen, was man will, meine ich, auch dann, wenn man sich Sozialdemokrat nennt, au\u00dfer einem: man sollte die Menschen nicht f\u00fcr dumm verkaufen wollen. Genau das hat der Parteitag aber heute beschlossen und damit gemacht.<\/p>\n<p>Wer eine Vision verabschiedet f\u00fcr einen neuen Sozialstaat, weil der alte Sozialstaat, den man selbst geschaffen hatte, nun pl\u00f6tzlich auch den eigenen Anspr\u00fcchen nicht mehr gen\u00fcgt und dann fast gleichzeitig das schlimmste Paradigma des alten Sozialstaats, die schwarze P\u00e4dagogik der Sanktionen, erh\u00e4lt, f\u00fcr unverzichtbar behauptet, der macht genau das, der denkt wir seien alle so dumm, dass wir nicht merken w\u00fcrden, wie man uns hier f\u00fcr dumm verkaufen will, wieder einmal.<\/p>\n<p>Funktioniert nicht, liebe SPD, so dumm sind die Menschen nicht, so dumm waren sie schon damals nicht, als Weil und Scholz und andere Schr\u00f6derianer den Schulz-Zug erst bremsten und dann zum Entgleisen brachten. Dem neuen Duo widerf\u00e4hrt gerade ein \u00e4hnliches Schicksal.<\/p>\n","protected":false},"excerpt":{"rendered":"<p>Ich glaub, ich steh im Wald.<\/p>\n","protected":false},"author":6,"featured_media":0,"comment_status":"open","ping_status":"open","sticky":false,"template":"","format":"standard","meta":{"footnotes":""},"categories":[595,56],"tags":[307],"class_list":["post-18271","post","type-post","status-publish","format-standard","hentry","category-aktuelles","category-kurz-knapp","tag-spd"],"_links":{"self":[{"href":"https:\/\/www.unterstroemt.de\/index.php?rest_route=\/wp\/v2\/posts\/18271","targetHints":{"allow":["GET"]}}],"collection":[{"href":"https:\/\/www.unterstroemt.de\/index.php?rest_route=\/wp\/v2\/posts"}],"about":[{"href":"https:\/\/www.unterstroemt.de\/index.php?rest_route=\/wp\/v2\/types\/post"}],"author":[{"embeddable":true,"href":"https:\/\/www.unterstroemt.de\/index.php?rest_route=\/wp\/v2\/users\/6"}],"replies":[{"embeddable":true,"href":"https:\/\/www.unterstroemt.de\/index.php?rest_route=%2Fwp%2Fv2%2Fcomments&post=18271"}],"version-history":[{"count":2,"href":"https:\/\/www.unterstroemt.de\/index.php?rest_route=\/wp\/v2\/posts\/18271\/revisions"}],"predecessor-version":[{"id":18303,"href":"https:\/\/www.unterstroemt.de\/index.php?rest_route=\/wp\/v2\/posts\/18271\/revisions\/18303"}],"wp:attachment":[{"href":"https:\/\/www.unterstroemt.de\/index.php?rest_route=%2Fwp%2Fv2%2Fmedia&parent=18271"}],"wp:term":[{"taxonomy":"category","embeddable":true,"href":"https:\/\/www.unterstroemt.de\/index.php?rest_route=%2Fwp%2Fv2%2Fcategories&post=18271"},{"taxonomy":"post_tag","embeddable":true,"href":"https:\/\/www.unterstroemt.de\/index.php?rest_route=%2Fwp%2Fv2%2Ftags&post=18271"}],"curies":[{"name":"wp","href":"https:\/\/api.w.org\/{rel}","templated":true}]}}