{"id":18453,"date":"2019-12-22T12:32:36","date_gmt":"2019-12-22T11:32:36","guid":{"rendered":"https:\/\/www.unterstroemt.de\/?p=18453"},"modified":"2019-12-23T09:23:28","modified_gmt":"2019-12-23T08:23:28","slug":"interessantes-aus-kw-51-2019","status":"publish","type":"post","link":"https:\/\/www.unterstroemt.de\/?p=18453","title":{"rendered":"Interessantes aus KW 51\/2019"},"content":{"rendered":"<p>An dieser Stelle pr\u00e4sentieren wir regelm\u00e4\u00dfig Links, die wir unter der Woche entdeckt haben, zu denen wir selbst nicht mehr viel schreiben m\u00fcssen und die wir teilenswert finden. Viel Spa\u00df beim Lesen und Anschauen!<\/p>\n<p>1. Greta Thunberg hat ein Foto von einer Zugfahrt in Deutschland gepostet, in dem sie auf dem Gang eines Waggons sitzt, weil der Zug \u00fcberf\u00fcllt war. Daraufhin hat die Deutsche Bahn reagiert und behauptet, Greta sei erster Klasse mit Sitzplatz gefahren &#8211; dabei aber leider einige Tatsachen weggelassen. Und genau das nehmen dann rechte Hetzer und Greta-Hater zum Anlass, um ordentlich loszuzetern und das ganze in den sozialen Medien zu verbreiten. Wie das alles tats\u00e4chlich abgelaufen ist, schildert ein <a href=\"https:\/\/www.volksverpetzer.de\/social-media\/greta-sitzplatz-db-ausrede\/\" target=\"_blank\" rel=\"noopener noreferrer\">Artikel auf <em>Der Volksverpetzer<\/em><\/a> &#8211; was vor allem aufzeigt, dass Greta-Hater jeden Mist glauben, wenn er nur ihr eigenes Weltbild best\u00e4tigt. [Karl]<\/p>\n<p>2. Ein <a href=\"https:\/\/www.derstandard.at\/story\/2000111825023\/was-passiert-wenn-man-armen-geld-schenkt-die-wirtschaft-boomt\" target=\"_blank\" rel=\"noopener noreferrer\">Artikel im <em>Standard<\/em><\/a> berichtet \u00fcber ein spannendes Experiment: Die NGO <em>Give Directly<\/em> hat Tausenden von armen Menschen in Kenia einmalig 1000 Dollar ausgezahlt &#8211; und dann wurde geschaut, was das f\u00fcr Folgen hat. Und diese sind nicht etwa, dass diese Menschen das Geld einfach nur verprasst und selbst nichts weiter getan haben, sondern die gesamte Region hat wirtschaftlich davon profitiert, auch diejenigen, die nicht mit einer solchen Zahlung bedacht wurden. Sehr interessant! [Karl]<\/p>\n<p>3.\u00a0Jemand, der als Ordner auf einer Neonazi-Demo war, eine T\u00e4towierung der sogenannten schwarzen Sonne (ein beliebtes rechtsextremes Symbol) hat und zudem bis vor wenigen Tagen Mitglied bei Uniter war sitzt in Sachsen-Anhalt in einem Kreisparlament &#8230; nicht f\u00fcr die AfD, wie man nun vielleicht meinen mag, sondern f\u00fcr die CDU, wie aus einem <a href=\"https:\/\/www.zeit.de\/politik\/deutschland\/2019-12\/robert-moeritz-neonazi-cdu-sachsen-anhalt\" target=\"_blank\" rel=\"noopener noreferrer\">Kommentar von Sasan Abdi-Herrle auf <em>Zeit Online<\/em><\/a> hervorgeht.\u00a0Und die CDU sieht darin auch kein Problem, denn ihr Mitglied Robert M\u00f6ritz h\u00e4tte sich ja von seiner Vergangenheit distanziert &#8230; also auf Anfrage &#8230; und bei seinem Tattoo will er nicht gewusst haben, was das genau ist &#8230; und bei Uniter ist er ja auch raus &#8230; also seitdem das Ganze nun \u00f6ffentlich wurde &#8230;\u00a0Die CDU und die AfD werden sich immer \u00e4hnlicher! Einen passenden und <a href=\"https:\/\/www.spiegel.de\/politik\/deutschland\/weihnachtsfriede-in-sachsen-anhalt-versoehnung-ist-immer-gut-kolumne-a-1301543.html\" target=\"_blank\" rel=\"noopener noreferrer\">zutiefst sarkastischen Kommentar<\/a> dazu hat Stefan Kuzmany auf <em>Spiegel Online<\/em> geschrieben. Wobei ich f\u00fcrchte, dass den Antidemokraten von der CDU diese b\u00f6se Ironie doch glatt entgehen wird &#8230; [Karl]<\/p>\n<p>4. Eine <a href=\"https:\/\/www.watson.de\/leben\/hartz%20iv\/483162270-hartz-4-warum-fuer-empfaenger-2020-ein-dunkles-jahr-wird\" target=\"_blank\" rel=\"noopener noreferrer\">Meldung auf <em>watson<\/em><\/a> beschreibt, wie es f\u00fcr Hartz-IV-Empf\u00e4nger im n\u00e4chsten Jahr finanziell trotz einer leichten Erh\u00f6hung der Regels\u00e4tze noch mal enger werden d\u00fcrfte: Die Strompreise werden n\u00e4mlich merklich erh\u00f6ht, sodass sich hier f\u00fcr viele Menschen, die eh schon mit jedem Cent kalkulieren m\u00fcssen, weitere Belastungen hinzukommen, die sie dann irgendwo anders einsparen m\u00fcssen (obwohl es daf\u00fcr in der Regel kaum Potenzial gibt). Der Betrag f\u00fcr Strom in den Regels\u00e4tzen ist n\u00e4mlich so niedrig festgesetzt, dass er mit der Realit\u00e4t nicht viel zu tun hat. [Karl]<\/p>\n<p>5. In einem <a href=\"https:\/\/publikum.net\/wir-sind-nicht-bereit-fur-whatsapp\/\" target=\"_blank\" rel=\"noopener noreferrer\">Artikel auf <em>Publikum.net<\/em><\/a> befasst sich Patrick Scherfeld mit dem Messenger-Dienst WhatsApp und wie dieser g\u00e4ngigen Kommunikationsstrukturen widerspricht. Die Konsequenzen: Die User werden ungeduldig, es entstehen Missverst\u00e4ndnisse, Kontrollbed\u00fcrfnisse werden geweckt und die App bestimmt die Kommunikation bzw. das Kommunikationsverhalten (was ja eigentlich eher umgekehrt sein sollte). Kann ich sehr gut nachvollziehen, da ich Derartiges auch immer wieder bei WhatsApp-Usern beobachten kann &#8211; und best\u00e4tig mich darin, Messenger-Dienste nach wie vor nicht zu nutzen. [Karl]<\/p>\n<p>6. Mal wieder wird deutlich, dass die \u00d6konomisierung des Gesundheitswesens keine gute Idee war: Wie aus einem zweieinhalbmin\u00fctigen <a href=\"https:\/\/www.tagesschau.de\/investigativ\/panorama\/razzia-zytoservice-krebsmedizin-101.html\" target=\"_blank\" rel=\"noopener noreferrer\">Bericht der <em>tagesschau<\/em><\/a> hervorgeht, hat der gr\u00f6\u00dfte deutsche Hersteller von Krebsinfusionen im ganz gro\u00dfen Stil ein betr\u00fcgerisches Bestechungsnetzwerk aufgebaut, in das Onkologen und eine Apotheke involviert sind. Auf diese Weise wurden etliche Millionen von den Krankenkassen kassiert &#8211; und das Patientenwohl d\u00fcrfte dabei wohl kaum im Vordergrund gestanden haben. Es wird sogar vermutet, dass es deswegen zu absichtlichen Falsch- oder \u00dcbermedikationen gekommen sein k\u00f6nnte. [Karl]<\/p>\n<p>7. Panikmache ist ja weltweit zur politischen Werbemaschinerie \u201eNummero Uno\u201c geworden. Die einen machen Panik mit Klima und Zuwanderung, die anderen mit Zuwanderung und Gewalt. Kurz und n\u00fcchtern kann man zumindest in Sachen Gewalt mit dem <a href=\"https:\/\/www.br.de\/mediathek\/video\/gewalt-auf-der-strasse-von-echter-und-gefuehlter-gefahr-av:5df2b32a3b3d75001a4538cb\" target=\"_blank\" rel=\"noopener noreferrer\">3-min\u00fctigen Clip<\/a> bei <em>quer<\/em> (<em>BR<\/em>) wieder die F\u00fc\u00dfe auf den Boden bekommen. Warum f\u00e4llt es uns Menschen nur so schwer, eine Meinung au\u00dferhalb zwischen den m\u00f6glichen Extrempositionen einzunehmen? Warum m\u00fcssen wir Dinge, die wir nicht guthei\u00dfen, gleich hassen (oder es zumindest so sagen, weil wir einfach keine detaillierten Informationen dazu haben und so unsere Uninformiertheit versuchen zu verstecken)? Keine Ahnung zu haben ist okay, man muss Dinge deswegen nicht gleich verurteilen. [Dirk]<\/p>\n<p>8. Kernkraft anstatt fossiler Brennstoffe und regenerativer Energie? Ich h\u00f6re und lese das immer wieder, denn das Argument vom fehlenden CO2-Aussto\u00df scheint einleuchtend. Wie es aber wirklich aussieht, dass erkl\u00e4rt Dr. Harald Lesch in einem <a href=\"https:\/\/www.youtube.com\/watch?v=qdAH4019or0\" target=\"_blank\" rel=\"noopener noreferrer\">12-min\u00fctigen Video<\/a> im <em>YouTube<\/em>-Kanal von <em>Terra X<\/em> (<em>ZDF<\/em>). [Dirk]<\/p>\n<p>9. \u00dcber gute Nachrichten aus den Niederlanden berichtet ein <a href=\"https:\/\/www.spiegel.de\/wissenschaft\/mensch\/niederlande-klimaaktivisten-siegen-gegen-eigene-regierung-a-1302412.html\" target=\"_blank\" rel=\"noopener noreferrer\">Artikel auf <em>Spiegel Online<\/em><\/a>! Der dortige Oberste Gerichtshof hat nun in einem nicht anfechtbaren Urteil entschieden, dass die Regierung zwingend das Ziel, bis 2020 einen um 25 % niedrigeren CO2-Aussto\u00df als 1990 zu haben, einzuhalten hat. Das Urteil k\u00f6nnte Signalwirkung auch f\u00fcr andere L\u00e4nder haben, in denen sich B\u00fcrger, die ihre Regierungen wegen Laissez-faire beim Klimaschutz verklagen, nun auf das niederl\u00e4ndische Urteil berufen k\u00f6nnen. Allerdings auch schon ein bisschen hart, dass die Politik von Gerichten quasi dazu gezwungen werden muss, keine Politik gegen ihre B\u00fcrger zu machen. [Karl]<\/p>\n<p>10. Ein <a href=\"https:\/\/digitalcourage.de\/blog\/2019\/scheinheilig-regierungen-und-die-vorratsdatenspeicherung\" target=\"_blank\" rel=\"noopener noreferrer\">Artikel von <em>digitalcourage<\/em><\/a> gibt einen \u00dcberblick \u00fcber die derzeitigen Bem\u00fchungen vor allem von konservativen und rechten Politikern, grundrechtswidrige Massen\u00fcberwachungsma\u00dfnahmen wie die Vorratsdatenspeicherung durchzupauken. Die Begr\u00fcndungen sind dabei in der Regel recht fragw\u00fcrdig und werden auch immer wieder von Gerichten in Zweifel gezogen. Schon ziemlich \u00fcbel, mit welcher Selbstverst\u00e4ndlichkeit viele Politiker den B\u00fcrger anscheinend per se als Feind betrachten &#8230; [Karl]<\/p>\n","protected":false},"excerpt":{"rendered":"<p>An dieser Stelle pr\u00e4sentieren wir regelm\u00e4\u00dfig Links, die wir unter der Woche entdeckt haben, zu denen wir selbst nicht mehr viel schreiben m\u00fcssen und die wir teilenswert finden. Viel Spa\u00df beim Lesen und Anschauen!<\/p>\n","protected":false},"author":5,"featured_media":0,"comment_status":"open","ping_status":"open","sticky":false,"template":"","format":"standard","meta":{"footnotes":""},"categories":[193],"tags":[],"class_list":["post-18453","post","type-post","status-publish","format-standard","hentry","category-woechentliches"],"_links":{"self":[{"href":"https:\/\/www.unterstroemt.de\/index.php?rest_route=\/wp\/v2\/posts\/18453","targetHints":{"allow":["GET"]}}],"collection":[{"href":"https:\/\/www.unterstroemt.de\/index.php?rest_route=\/wp\/v2\/posts"}],"about":[{"href":"https:\/\/www.unterstroemt.de\/index.php?rest_route=\/wp\/v2\/types\/post"}],"author":[{"embeddable":true,"href":"https:\/\/www.unterstroemt.de\/index.php?rest_route=\/wp\/v2\/users\/5"}],"replies":[{"embeddable":true,"href":"https:\/\/www.unterstroemt.de\/index.php?rest_route=%2Fwp%2Fv2%2Fcomments&post=18453"}],"version-history":[{"count":16,"href":"https:\/\/www.unterstroemt.de\/index.php?rest_route=\/wp\/v2\/posts\/18453\/revisions"}],"predecessor-version":[{"id":18541,"href":"https:\/\/www.unterstroemt.de\/index.php?rest_route=\/wp\/v2\/posts\/18453\/revisions\/18541"}],"wp:attachment":[{"href":"https:\/\/www.unterstroemt.de\/index.php?rest_route=%2Fwp%2Fv2%2Fmedia&parent=18453"}],"wp:term":[{"taxonomy":"category","embeddable":true,"href":"https:\/\/www.unterstroemt.de\/index.php?rest_route=%2Fwp%2Fv2%2Fcategories&post=18453"},{"taxonomy":"post_tag","embeddable":true,"href":"https:\/\/www.unterstroemt.de\/index.php?rest_route=%2Fwp%2Fv2%2Ftags&post=18453"}],"curies":[{"name":"wp","href":"https:\/\/api.w.org\/{rel}","templated":true}]}}