{"id":18543,"date":"2019-12-29T12:51:55","date_gmt":"2019-12-29T11:51:55","guid":{"rendered":"https:\/\/www.unterstroemt.de\/?p=18543"},"modified":"2021-08-12T11:36:39","modified_gmt":"2021-08-12T09:36:39","slug":"interessantes-aus-kw-52-2019","status":"publish","type":"post","link":"https:\/\/www.unterstroemt.de\/?p=18543","title":{"rendered":"Interessantes aus KW 52\/2019"},"content":{"rendered":"<p>An dieser Stelle pr\u00e4sentieren wir regelm\u00e4\u00dfig Links, die wir unter der Woche entdeckt haben, zu denen wir selbst nicht mehr viel schreiben m\u00fcssen und die wir teilenswert finden. Viel Spa\u00df beim Lesen und Anschauen!<\/p>\n<p>1. Neues zum Lieblingskomiker der deutschen Rechten, Dieter Nuhr. In einem <a href=\"https:\/\/www.volksverpetzer.de\/gastkommentar\/nuhr-relativiert\/\" target=\"_blank\" rel=\"noopener noreferrer\">Gastartikel auf <em>Der Volksverpetzer<\/em><\/a> von &#8222;Das Siebte Flugblatt&#8220; wird Nuhrs angeblich satirischer Jahresr\u00fcckblick mal ein bisschen genauer unter die Lupe genommen, und dort findet sich dann auch alles, was Rechtsextreme und Konservative super finden und deren Ressentiments bedient. Dabei ist sich Nuhr nicht zu sch\u00e4big, Aussagen verk\u00fcrzend zu entstellen, damit er sein schwarzbraunes Publikum unterhalten kann, und offensichtlicher Verharmlosung des Nationalsozialismus zu betreiben. Und so was l\u00e4uft dann im \u00f6ffentlich-rechtlichen Fernsehen &#8211; unglaublich! [Karl]<\/p>\n<p>2. W\u00fcrde es einen wundern? Laut einer <a href=\"https:\/\/www.spiegel.de\/politik\/ausland\/oesterreich-heinz-christian-strache-gab-angeblich-mehrere-tausend-euro-fuer-clash-of-clans-aus-a-1302619.html\" target=\"_blank\" rel=\"noopener noreferrer\">Meldung auf <em>Spiegel Online<\/em><\/a> wird zurzeit gerade gegen den Ex-Chef der rechtsextremen \u00f6sterreichischen FP\u00d6 und Vizekanzler Heinz-Christian Strache ermittelt, weil Tausende von Euro f\u00fcr das Onlinegame &#8222;Clash of Clans&#8220; ausgegeben haben soll &#8211; finanziert aus der Parteikasse \u00fcber seine FP\u00d6-Kreditkarte. So viel mal dazu, dass linke Politiker angeblich nicht mit Geld umgehen k\u00f6nnen &#8211; es ist eben stets genau das Gegenteil der Fall: je weiter rechts, desto gr\u00f6\u00dfer die Selbstbedienungsmentalit\u00e4t. [Karl]<\/p>\n<p>3. Auch zu Weihnachten gibt es mal wieder neue Widerw\u00e4rtigkeiten von der CDU zu berichten. So forderte Robert Habeck (Gr\u00fcne) k\u00fcrzlich, dass doch aus den \u00fcberf\u00fcllten Fl\u00fcchtlingslagern in Griechenland zumindest die etwa 4000 Kinder nach Deutschland geholt werden sollten. Allerdings, wie Anja Maier in einem <a href=\"https:\/\/taz.de\/Streit-um-minderjaehrige-Gefluechtete\/!5646988\/\" target=\"_blank\" rel=\"noopener noreferrer\">Kommentar in der <em>taz<\/em><\/a> beschreibt, ist das dann schon zu viel der N\u00e4chstenliebe f\u00fcr CDU-Politiker, die sich vehement und mit billigsten Ausreden gegen so ein Vorhaben verwehren &#8211; vermutlich nur, um damit AfD-Fans und \u00e4hnlichen Rechtsau\u00dfen Honig ums Maul zu schmieren. Abartig, dass so eine Partei sich immer noch &#8222;christlich&#8220; schimpft. [Karl]<\/p>\n<p>4. Tassen hoch, der Exportweltmeister legt nun nach drei Jahren des R\u00fcckgangs endlich auch wieder bei der Ausfuhr von R\u00fcstungsg\u00fctern zu und erreicht damit eine neue Rekordmarke, wie aus einem <a href=\"https:\/\/www.spiegel.de\/politik\/deutschland\/ruestungsexporte-aus-deutschland-genehmigungen-auf-rekordhoch-a-1302825.html\" target=\"_blank\" rel=\"noopener noreferrer\">Artikel auf <em>Spiegel Online<\/em><\/a> hervorgeht. Vor allem die rechtsextreme ungarische Regierung von Victor Orb\u00e1n, aber auch etliche Staaten, die am Jemenkrieg beteiligt sind oder menschenrechtliche Defizite aufweisen, k\u00f6nnen sich nun dar\u00fcber freuen, tolle Waffen &#8222;made in Germany&#8220; zum Unterdr\u00fccken und T\u00f6ten zur Hand zu haben. Wie soll man diese menschenverachtende Regierungspolitik eigentlich noch anders als mit einer geh\u00f6rigen Portion Sarkasmus ertragen? [Karl]<\/p>\n<p>5. Die AfD l\u00fcgt ihre Anh\u00e4nger immer wieder ganz bewusst an, und diese sind zu d\u00e4mlich oder zu b\u00f6sartig, um sich dagegen zu verwehren. Ein recht aktuelles Beispiel dieser sch\u00e4bigen AfD-Strategie wird in einem <a href=\"https:\/\/www.volksverpetzer.de\/analyse\/fluegge-weidel-luegen\/\" target=\"_blank\" rel=\"noopener noreferrer\">Artikel auf <em>Der Volksverpetzer<\/em><\/a> geschildert, in dem zugleich beschrieben wird, wie der Politikwissenschaftler Erik Fl\u00fcgge auf seiner Facebook-Seite L\u00fcgen von Alice Weidel zum Klimapaket der Bundesregierung entlarvt und daran das typische Vorgehen von solchen Volksverhetzern analysiert. Zum Gl\u00fcck wurde Fl\u00fcgges Beitrag dann letztlich doch \u00f6fter geteilt als Weidels schamlose und vor allem ganz bewusste L\u00fcgen. [Karl]<\/p>\n<p>6. Ein <a href=\"https:\/\/www.spiegel.de\/wissenschaft\/natur\/australien-buschbraende-lassen-feuerwolken-entstehen-a-1302521.html\" target=\"_blank\" rel=\"noopener noreferrer\">Artikel auf <em>Spiegel Online<\/em><\/a> schildert eine weitere Gefahr, die durch den Klimawandel droht: Feuerwolken, auch Pyrocumulonimbus genannt. Diese entstehen bei gro\u00dfer Hitze durch Br\u00e4nde und instabile atmosph\u00e4rische Verh\u00e4ltnisse &#8211; und haben geradezu apokalyptische Auswirkungen, da sie daf\u00fcr sorgen, dass Waldbr\u00e4nde nicht mehr gel\u00f6scht werden k\u00f6nnen, und zudem fachen sie selbst neue Br\u00e4nde an. Zurzeit ist das in Australien zu beobachten, allerdings trat dieses Ph\u00e4nomen vereinzelt auch schon in Europa auf und d\u00fcrfte dort zuk\u00fcnftig h\u00e4ufiger anzutreffen sein. [Karl]<\/p>\n<p>7. In einem <a href=\"https:\/\/www.heise.de\/tp\/features\/Der-Klima-Krieg-4622650.html\" target=\"_blank\" rel=\"noopener noreferrer\">Artikel auf <em>Telepolis<\/em><\/a> beschreibt Peter Grassmann die Arbeit der Leugner des menschgemachten Klimawandels sehr treffend als Klimakrieg und schildert, wie dieser gef\u00fchrt wurde und wie gerade der aktuelle Stand dabei ist. Immerhin werden gerade in den USA Erd\u00f6lkonzerne wegen bewusster Falschinformation der \u00d6ffentlichkeit immer h\u00e4ufiger vor Gericht gebracht, aber dennoch lassen die Desinformationskampagnen mithilfe von gekauften Wissenschaftler sowie Mietfedern und -m\u00e4ulern aus den Medien nicht nach. Ich hoffe ja, dass irgendwann die Beteiligten an diesem sch\u00e4ndlichen Treiben ihrer gerechten Strafe zugef\u00fchrt werden. Wobei: Wie soll die aussehen f\u00fcr ein Verbrechen, dass voraussichtlich die Vernichtung der Biosph\u00e4re und eines Gro\u00dfteils des Lebens auf der Erde zur Folge hat? [Karl]<\/p>\n","protected":false},"excerpt":{"rendered":"<p>An dieser Stelle pr\u00e4sentieren wir regelm\u00e4\u00dfig Links, die wir unter der Woche entdeckt haben, zu denen wir selbst nicht mehr viel schreiben m\u00fcssen und die wir teilenswert finden. Viel Spa\u00df beim Lesen und Anschauen!<\/p>\n","protected":false},"author":5,"featured_media":0,"comment_status":"open","ping_status":"open","sticky":false,"template":"","format":"standard","meta":{"footnotes":""},"categories":[193],"tags":[],"class_list":["post-18543","post","type-post","status-publish","format-standard","hentry","category-woechentliches"],"_links":{"self":[{"href":"https:\/\/www.unterstroemt.de\/index.php?rest_route=\/wp\/v2\/posts\/18543","targetHints":{"allow":["GET"]}}],"collection":[{"href":"https:\/\/www.unterstroemt.de\/index.php?rest_route=\/wp\/v2\/posts"}],"about":[{"href":"https:\/\/www.unterstroemt.de\/index.php?rest_route=\/wp\/v2\/types\/post"}],"author":[{"embeddable":true,"href":"https:\/\/www.unterstroemt.de\/index.php?rest_route=\/wp\/v2\/users\/5"}],"replies":[{"embeddable":true,"href":"https:\/\/www.unterstroemt.de\/index.php?rest_route=%2Fwp%2Fv2%2Fcomments&post=18543"}],"version-history":[{"count":12,"href":"https:\/\/www.unterstroemt.de\/index.php?rest_route=\/wp\/v2\/posts\/18543\/revisions"}],"predecessor-version":[{"id":23575,"href":"https:\/\/www.unterstroemt.de\/index.php?rest_route=\/wp\/v2\/posts\/18543\/revisions\/23575"}],"wp:attachment":[{"href":"https:\/\/www.unterstroemt.de\/index.php?rest_route=%2Fwp%2Fv2%2Fmedia&parent=18543"}],"wp:term":[{"taxonomy":"category","embeddable":true,"href":"https:\/\/www.unterstroemt.de\/index.php?rest_route=%2Fwp%2Fv2%2Fcategories&post=18543"},{"taxonomy":"post_tag","embeddable":true,"href":"https:\/\/www.unterstroemt.de\/index.php?rest_route=%2Fwp%2Fv2%2Ftags&post=18543"}],"curies":[{"name":"wp","href":"https:\/\/api.w.org\/{rel}","templated":true}]}}