{"id":19248,"date":"2020-02-06T16:37:50","date_gmt":"2020-02-06T15:37:50","guid":{"rendered":"https:\/\/www.unterstroemt.de\/?p=19248"},"modified":"2020-02-06T16:37:50","modified_gmt":"2020-02-06T15:37:50","slug":"die-maske-ist-gefallen","status":"publish","type":"post","link":"https:\/\/www.unterstroemt.de\/?p=19248","title":{"rendered":"Die Maske ist gefallen!"},"content":{"rendered":"<p>In Th\u00fcringen wurde gestern der FDP-Kandidat Thomas Kemmerich mit den Stimmen von CDU und AfD zum Ministerpr\u00e4sidenten gew\u00e4hlt. Das war insofern \u00fcberraschend, da die FDP bei der Landtagswahl im Oktober mal gerade so eben die 5-Prozent-H\u00fcrde geschafft hat und deswegen niemand Kemmerich ernsthaft f\u00fcr das Amt in Erw\u00e4gung gezogen hat. Und viele waren dann zudem \u00fcberrascht, dass FDP und CDU nun so offen mit der rechtsextremen AfD, deren th\u00fcringischer Landesverband unter F\u00fchrung von Bj\u00f6rn H\u00f6cke ja nun alles andere als gem\u00e4\u00dfigt ist, paktiert hat. Mich \u00fcberrascht Letzteres zumindest weniger &#8230;<\/p>\n<p><strong>Es hat sich schon l\u00e4nger angedeutet &#8230;<\/strong><\/p>\n<p>Immerhin habe ich ja schon in einigen Artikeln hier auf <em>unterstr\u00f6mt<\/em> genau dieses Szenario prognostiziert, zum Beispiel bei der <a href=\"https:\/\/www.unterstroemt.de\/?p=6796\" target=\"_blank\" rel=\"noopener noreferrer\">Analyse des Rechtsrucks in Deutschlands<\/a> als eine neoliberale Inszenierung, bei der <a href=\"https:\/\/www.unterstroemt.de\/?p=8912\" target=\"_blank\" rel=\"noopener noreferrer\">Schilderung der rechtsextremen Tendenzen in der FPD<\/a>, bei den <a href=\"https:\/\/www.unterstroemt.de\/?p=6097\" target=\"_blank\" rel=\"noopener noreferrer\">\u00dcberlegungen zu einer m\u00f6glichen CDU-AfD-Koaltion<\/a> (<a href=\"https:\/\/www.unterstroemt.de\/?p=15240\" target=\"_blank\" rel=\"noopener noreferrer\">hier<\/a> dann noch mal f\u00fcr Sachsen fortgef\u00fchrt), bei der inhaltlichen <a href=\"https:\/\/www.unterstroemt.de\/?p=14099\" target=\"_blank\" rel=\"noopener noreferrer\">Ann\u00e4herung der CDU an die AfD<\/a> (insbesondere durch Annegret Kramp-Karrenbauer noch mal forciert) oder bei etlichen Artikeln zum Hofieren der AfD und ihres Personal in sich selbst als b\u00fcrgerlich definierenden Medien (<a href=\"https:\/\/www.unterstroemt.de\/?p=6685\" target=\"_blank\" rel=\"noopener noreferrer\">hier<\/a>, <a href=\"https:\/\/www.unterstroemt.de\/?p=9323\" target=\"_blank\" rel=\"noopener noreferrer\">hier<\/a>, <a href=\"https:\/\/www.unterstroemt.de\/?p=17223\" target=\"_blank\" rel=\"noopener noreferrer\">hier<\/a> und <a href=\"https:\/\/www.unterstroemt.de\/?p=15425\" target=\"_blank\" rel=\"noopener noreferrer\">hier<\/a>).<\/p>\n<p>Wenn man sich diese im Laufe der letzten Jahre get\u00e4tigten Beobachtungen vor Augen f\u00fchrt, dann stellt sich das, was gerade in Th\u00fcringen geschehen ist, eigentlich als logische Fortsetzung des Agierens von CDU und FDP dar. Was nun allerdings erw\u00e4hnenswert ist: Nun ist endlich klar, was von diesen Parteien und ihrer doch immer wieder nach au\u00dfen getragenen Ablehnung der AfD zu halten ist: n\u00e4mlich gar nichts!<\/p>\n<p>Lokale Zusammenarbeit mit der AfD (bis hin zu gemeinsamen Abstimmungen in Landesparlamenten &#8211; auch vonseiten der CDU gegen ihre eigenen Koalitionspartner) gab es ja schon \u00f6fter, und wenn man sich anh\u00f6rt, was die sogenannte <a href=\"https:\/\/www.unterstroemt.de\/?p=18761\" target=\"_blank\" rel=\"noopener noreferrer\">Werteunion<\/a> als rechter Au\u00dfenfl\u00fcgel der CDU so alles an Parolen raushaut, dann ist da die N\u00e4he zur AfD ohnehin mehr als offensichtlich &#8211; genauso wie bei den st\u00e4ndigen rechten Ausf\u00e4llen von Bundesinnenminister Horst Seehofer. Und auch FDP-Chef Christian Lindner hat sich ja schon gern mal rechtspopulistischer Stimmungsmache bedient, ich denke da nur an seinen uns\u00e4glichen <a href=\"https:\/\/www.fr.de\/meinung\/aetzend-auslaenderfeindlich-10995717.html\" target=\"_blank\" rel=\"noopener noreferrer\">B\u00e4ckerschlangen-Kommentar<\/a> &#8230;<\/p>\n<p>Dass nun diese beiden neoliberalen Hardliner-Parteien die Gelegenheit nutzen, um die weitere Amtszeit eines linken Ministerpr\u00e4sidenten (auch wenn man Bodo Ramelow eher dem sehr gem\u00e4\u00dfigten Lager der Linkspartei zurechnen muss) zu verhindern, war eigentlich vorhersehbar &#8211; auch wenn sie sich dabei von Rechtsextremisten unterst\u00fctzen lassen m\u00fcssen.<\/p>\n<p>Schlie\u00dflich ist die AfD ja auch ein Kind von CDU und FDP, wenn man sich anschaut, wer diese Partei damals gegr\u00fcndet hat: vor allem ehemalige CDUler und FDPler, denen ihre eigenen Parteien nicht mehr marktradikal und sozialdarwinistisch genug waren &#8211; und die auch von Anfang an sehr stark am rechten Rand gefischt haben (s. <a href=\"https:\/\/www.unterstroemt.de\/?p=1287\" target=\"_blank\" rel=\"noopener noreferrer\">hier<\/a>). Und nun werden die so mit Rassismus gek\u00f6derten vorherigen unzufriedenen Nichtw\u00e4hler sch\u00f6n heimgeholt &#8230; Mission accomplished, k\u00f6nnte man also sagen.<\/p>\n<p><strong>Es folgt: Beschwichtigung und Sch\u00f6nrederei<\/strong><\/p>\n<p>Wie nun nicht anders zu erwarten war, gibt es nun vonseiten der CDU- und FDP-Parteiprominenz reichlich relativierendes Gerede, wenn man von Journalisten oder anderen Politikern mit diesem Tabubruch konfrontiert wird. Ganz besonders peinlich gab sich dabei Wolfgang Kubicki, wie hier in einem <a href=\"https:\/\/www.facebook.com\/ZDFheute\/videos\/2522284991366373\/\" target=\"_blank\" rel=\"noopener noreferrer\">Video auf der <em>Facebook<\/em>-Seite des <em>ZDF<\/em><\/a> zu sehen ist, nachdem er von der Gr\u00fcnen-Abgeordneten Franziska Brantner scharf angegangen wurde. Na ja, dass Kubicki nicht viel von demokratischem Anstand h\u00e4lt, ist bei dem Anwalt von Hanno Berger (dem &#8222;Erfinder&#8220; der Cum-Ex-Deals) und strikten Verweigerer von Angaben \u00fcber Nebeneink\u00fcnfte von Politikern ja auch nichts Neues. Und so einer ist tats\u00e4chlich Bundestagsvizepr\u00e4sident &#8230;<\/p>\n<p>Auch die CDU-Vorsitzende Annegret Kramp-Karrenbauer versuchte sich und ihre Partei herauszureden, indem sie feststellte, dass die CDU extra keinen Kandidaten aufgestellt h\u00e4tte, um nicht auf die Stimmen der AfD angewiesen zu sein. Das wirkt nur eben wenig glaubw\u00fcrdig, wenn dann die CDU-Fraktion trotzdem geschlossen zusammen mit der AfD f\u00fcr den FDP-Kandidaten stimmt. Wenig glaubw\u00fcrdig ist \u00fcbrigens auch das Gebaren von Christian Lindner, der sich in der \u00d6ffentlichkeit nicht so richtig begeistert zeigte. Allerdings, so geht es zumindest aus einem <a href=\"https:\/\/www.businessinsider.de\/politik\/deutschland\/exklusiv-fdp-chef-lindner-gab-vorab-gruenes-licht-fuer-wahl-kemmerichs-durch-afd\/\" target=\"_blank\" rel=\"noopener noreferrer\">Artikel auf <em>Business Insider<\/em><\/a> hervor, deutet doch einiges darauf hin, dass der FDP-Chef selbst gr\u00fcnes Licht f\u00fcr diesen Coup und die Unterst\u00fctzung durch die AfD gegeben hat. Das w\u00e4re dann wohl der Gipfel der Verlogenheit.<\/p>\n<p>Und nun hat dann Kemmerich auch die Konsequenzen gezogen aus der massiven Kritik und tritt gleich am Tag nach seiner Wahl wieder zur\u00fcck. Was f\u00fcr ein Kasperletheater &#8211; und was f\u00fcr eine Scheinheiligkeit. Oder hat man einfach nur nicht mit der negativen Vehemenz gerechnet, mit der dieses Paktieren mit der AfD kommentiert wurde? Dachte man vielleicht, die Akzeptanz von rechtsradikalem Gedankengut sei schon weiter fortgeschritten, sodass die AfD doch bei mehr Menschen als akzeptabel gilt, als es nun der Fall war? Oder was das Ganze nur eine Art Versuchsballon?<\/p>\n<p><strong>Schaden f\u00fcr die Demokratie<\/strong><\/p>\n<p>Als Kollateralschaden dieses Vorfalls hat dann, mal wieder, die Demokratie bzw. das Vertrauen darin ordentlich einen mitbekommen. Mal von den Parteien abgesehen: Wenn der Ministerpr\u00e4sident eines Bundeslandes bei einer Wahl sogar noch Stimmen hinzugewinnt, sich sein Koalitionspartner allerdings auf einem vor allem bundespolitisch bedingten Sturzflug befindet, dann bedeutet das noch lange nicht, wie es ja vonseiten der CDU und FDP hei\u00dft, dass die B\u00fcrger ihren Landeschef abgew\u00e4hlt h\u00e4tten. Zumal diese Aussage dann ja auch ad absurdum gef\u00fchrt wird, wenn dann jemand zum Ministerpr\u00e4sidenten gek\u00fcrt wird, dessen Partei mit Ach und Krach die f\u00fcnf Prozent geschafft hat und f\u00fcr den wohl eigentlich niemand in Th\u00fcringen bei einer Direktwahl votiert h\u00e4tte. Das ist ja fast so was wie bei <a href=\"https:\/\/www.unterstroemt.de\/?p=15433\" target=\"_blank\" rel=\"noopener noreferrer\">Ursula von der Leyen<\/a>, die auch nicht zur Wahl stand als EU-Kommissionschefin und es dann dennoch wurde. Also irgendwie schon Usus bei der CDU, solch antidemokratisches Verhalten.<\/p>\n<p>Was noch hinzukommt: Auch wenn da \u00dcberraschung geheuchelt und bekr\u00e4ftigt wurde, dass ja im Grunde niemand mit so einem Wahlausgang gerechnet h\u00e4tte, so hat es sich doch wohl in Wahrheit etwas anders abgespielt. Ein <a href=\"https:\/\/www.mdr.de\/thueringen\/afd-hoecke-brief-mohring-kemmerich-100.html\" target=\"_blank\" rel=\"noopener noreferrer\">Artikel vom <em>MDR<\/em><\/a> berichtet zumindest \u00fcber einen Brief vom AfD-Landesvorsitzenden Bj\u00f6rn H\u00f6cke an Thomas Kemmerich und den CDU-Chef Mike Mohring. Darin schlug H\u00f6cke bereits am 1. November vor, dass die drei Parteien doch zusammenarbeiten k\u00f6nnten, um eine weitere Amtszeit von Ramelow zu verhindern, wobei er auch die inhaltlichen Gemeinsamkeiten von AfD, CDU und FDP, die er als &#8222;Koalition der b\u00fcrgerlichen Parteien&#8220; bezeichnet, hervorhebt. Hoppla!<\/p>\n<p>Und ein <a href=\"https:\/\/www.volksverpetzer.de\/aktuelles\/afdp-geplant-hoecke-brief\/\" target=\"_blank\" rel=\"noopener noreferrer\">Artikel von <em>Der Volksverpetzer<\/em><\/a> liefert neben diesem H\u00f6cke-Brief noch weitere Belege daf\u00fcr, dass dieser Coup sehr wohl geplant und kein spontanes und damit \u00fcberraschendes Ereignis gewesen ist, so zum Beispiel einen Tweet vom th\u00fcringischen SPD-Landeschef Wolfgang Tiefensee, der vor der Abstimmung fragte, ob es tats\u00e4chlich wahr sei, dass sich Kemmerich mit den Stimmen der AfD zum Ministerpr\u00e4sidenten w\u00e4hlen lassen wolle.<\/p>\n<p>&#8222;Politiker l\u00fcgen ja sowieso alle&#8220; &#8211; das ist eine typische Aussage, die Demokratieverdruss zum Ausdruck bringt. In diesem Fall hat nun die FDP so oft und dreist gelogen, dass genau dieses Denken massiv unterf\u00fcttert wird: Erst hie\u00df es nach der Th\u00fcringen-Wahl von Lindner und Kemmerich, man w\u00fcrde in keinem Fall mit der AfD zusammenarbeiten, dann wurde genau dies doch gemacht, wobei abgestritten wurde, dass dies geplant gewesen sei, und dann stellt sich das Ganze doch als eine sorgf\u00e4ltig inszenierte Angelegenheit heraus.<\/p>\n<p>Wie viel Geringsch\u00e4tzung will man den W\u00e4hlern denn noch entgegenschleudern?<\/p>\n<p><strong>Reaktionen der anderen Parteien<\/strong><\/p>\n<p>Heinz hat ja in seinem <a href=\"https:\/\/www.unterstroemt.de\/?p=19228\" target=\"_blank\" rel=\"noopener noreferrer\">Artikel von gestern<\/a> schon mal die Frage aufgeworfen, wie denn nun die anderen Partien hierauf reagieren w\u00fcrden. Da herrscht schon mal ein bisschen Aufregung, und es wird sich dar\u00fcber echauffiert, dass die CDU und FDP so offen mit den Rechtsextremisten von der AfD paktieren. Aber ich sch\u00e4tze mal, dass es dabei dann auch bleiben d\u00fcrfte, zumal ja nun Kemmerich bereits ob des gro\u00dfen Gegenwindes den Schwanz eingezogen hat und sein Bubenst\u00fcck nicht weiter durchzuexerzieren gedenkt.<\/p>\n<p>Dabei b\u00f6te sich doch gerade jetzt eine hervorragende Chance, eine wirklich Politikwende im Land bewerkstelligen zu k\u00f6nnen, von der ja Teile der SPD und der Gr\u00fcnen zumindest in Sonntagsreden gern mal fabulieren, um so ihre eigene Progressivit\u00e4t unter Beweis zu stellen.<\/p>\n<p>Denn wie ich schon in der \u00dcberschrift meinte: Die Maske ist jetzt endg\u00fcltig gefallen! Und genau hierauf k\u00f6nnte man CDU und FDP in jedem Wahlkampf festnageln: Klar kann man die w\u00e4hlen, aber dann muss man eben auch damit rechnen, dass die mit Rechtsextremen koalieren. Wer also sicher keine AfD an der Regierung m\u00f6chte, der sollte tunlichst was anderes als CDU und FDP w\u00e4hlen. Da eine Mehrheit der Deutschen nach wie vor Rassismus, Nationalismus und anderen rechtsextremen Programmpunkten negativ gegen\u00fcber eingestellt ist, k\u00f6nnte sich das ja glatt als Erfolgsrezept herausstellen.<\/p>\n<p>Und auch die AfD k\u00f6nnte man so im Wahlkampf gut blo\u00dfstellen: Ihr wollt also eine Partei sein, die gegen das Establishment ist und den Protest der kleinen Leute ernst nimmt &#8211; und dann biedert Ihr Euch bei der erstbesten Gelegenheit genau diesem Establishment und Parteien, die Politik ausschlie\u00dflich gegen die kleinen Leute machen, an? Da d\u00fcrfte sich ein ziemliches Glaubw\u00fcrdigkeitsproblem ergeben, denke ich.<\/p>\n<p>Und die drei rechten Parteien (denn so muss man CDU und FDP nun wohl endg\u00fcltig bezeichnen) k\u00f6nnten nur mit einer Rote-Socken-Kampagne dagegenhalten, die nicht gerade besonders originell ist, zudem haben sie ja nun durch ihre nachweisbaren L\u00fcgen und ihre Hinterzimmertaktiererei in Th\u00fcringen auch deutlich an Glaubw\u00fcrdigkeit eingeb\u00fc\u00dft.<\/p>\n<p>W\u00e4ren SPD und Gr\u00fcne couragiert und h\u00e4tten sie wirklich soziale und \u00f6kologische Ziele, dann w\u00fcrden sie nun sofort alle Koalitionen auf Bundes- und Landesebene mit CDU und FDP aufk\u00fcndigen mit der Begr\u00fcndung, dass man mit Faschistenfreunden als anst\u00e4ndiger Demokrat keine Politik macht. Das w\u00fcrde nicht nur Schneid und Konsequenz beweisen, sondern auch Geschichtsbewusstsein offenbaren.<\/p>\n<p>Nur leider f\u00fcrchte ich, dass diese Courage und Entschlossenheit weder bei den Gr\u00fcnen noch bei der SPD anzutreffen sein d\u00fcrften, sodass diese Chance ungenutzt verstreichen wird.<\/p>\n<p>Und was dann bleibt, ist eine weitere Normalisierung im Umgang mit den Rechtsextremisten von der AfD. Denn wo nun dieses Tabu einmal gebrochen ist, wird beim n\u00e4chsten Mal, wenn sich CDU und FDP mit der AfD zusammentun (und dann vielleicht noch viel offensichtlicher als jetzt), die Aufregung schon deutlich kleiner sein &#8211; man kennt das ja schon irgendwie &#8230;<\/p>\n<p>Und was dann kommt, davor kann es einem dann so richtig grausen &#8230;<\/p>\n<p>&nbsp;<\/p>\n<p>&nbsp;<\/p>\n","protected":false},"excerpt":{"rendered":"<p>In Th\u00fcringen wurde gestern der FDP-Kandidat Thomas Kemmerich mit den Stimmen von CDU und AfD zum Ministerpr\u00e4sidenten gew\u00e4hlt. Das war insofern \u00fcberraschend, da die FDP bei der Landtagswahl im Oktober mal gerade so eben die 5-Prozent-H\u00fcrde geschafft hat und deswegen niemand Kemmerich ernsthaft f\u00fcr das Amt in Erw\u00e4gung gezogen hat. Und viele waren dann zudem \u00fcberrascht, dass FDP und CDU nun so offen mit der rechtsextremen AfD, deren th\u00fcringischer Landesverband unter F\u00fchrung von Bj\u00f6rn H\u00f6cke ja nun alles andere als gem\u00e4\u00dfigt ist, paktiert hat. Mich \u00fcberrascht Letzteres zumindest weniger &#8230;<\/p>\n","protected":false},"author":3,"featured_media":0,"comment_status":"open","ping_status":"open","sticky":false,"template":"","format":"standard","meta":{"footnotes":""},"categories":[50],"tags":[141,324,344,288,816],"class_list":["post-19248","post","type-post","status-publish","format-standard","hentry","category-politisches","tag-afd","tag-cdu","tag-fdp","tag-rechtsruck","tag-thueringen-wahl"],"_links":{"self":[{"href":"https:\/\/www.unterstroemt.de\/index.php?rest_route=\/wp\/v2\/posts\/19248","targetHints":{"allow":["GET"]}}],"collection":[{"href":"https:\/\/www.unterstroemt.de\/index.php?rest_route=\/wp\/v2\/posts"}],"about":[{"href":"https:\/\/www.unterstroemt.de\/index.php?rest_route=\/wp\/v2\/types\/post"}],"author":[{"embeddable":true,"href":"https:\/\/www.unterstroemt.de\/index.php?rest_route=\/wp\/v2\/users\/3"}],"replies":[{"embeddable":true,"href":"https:\/\/www.unterstroemt.de\/index.php?rest_route=%2Fwp%2Fv2%2Fcomments&post=19248"}],"version-history":[{"count":11,"href":"https:\/\/www.unterstroemt.de\/index.php?rest_route=\/wp\/v2\/posts\/19248\/revisions"}],"predecessor-version":[{"id":19484,"href":"https:\/\/www.unterstroemt.de\/index.php?rest_route=\/wp\/v2\/posts\/19248\/revisions\/19484"}],"wp:attachment":[{"href":"https:\/\/www.unterstroemt.de\/index.php?rest_route=%2Fwp%2Fv2%2Fmedia&parent=19248"}],"wp:term":[{"taxonomy":"category","embeddable":true,"href":"https:\/\/www.unterstroemt.de\/index.php?rest_route=%2Fwp%2Fv2%2Fcategories&post=19248"},{"taxonomy":"post_tag","embeddable":true,"href":"https:\/\/www.unterstroemt.de\/index.php?rest_route=%2Fwp%2Fv2%2Ftags&post=19248"}],"curies":[{"name":"wp","href":"https:\/\/api.w.org\/{rel}","templated":true}]}}