{"id":19671,"date":"2020-03-04T11:38:37","date_gmt":"2020-03-04T10:38:37","guid":{"rendered":"https:\/\/www.unterstroemt.de\/?p=19671"},"modified":"2020-03-04T23:29:50","modified_gmt":"2020-03-04T22:29:50","slug":"narren-und-narranesen","status":"publish","type":"post","link":"https:\/\/www.unterstroemt.de\/?p=19671","title":{"rendered":"Narren und Narranesen"},"content":{"rendered":"<p>So wie die Fl\u00fcchtlinge 2015 auf den Hartz-Staat getroffen sind und die vielen Mahner ungeh\u00f6rt blieben, auch dann, wenn sie nur forderten, dass man jetzt hier das Hartz-System entsch\u00e4rfen m\u00fcsste, um das Ausspielen von Arm gegen ganz Arm zu verhindern, weil Moral mal wieder vor Verstand ging, es dann doch unterlie\u00df und dann eintraf, was nicht h\u00e4tte eintreffen m\u00fcssen, nicht h\u00e4tte eintreffen d\u00fcrfen, so werden die vielen Tausend Schwersterkrankten, welche monatlich zu erwarten sind, auf ein v\u00f6llig \u00fcberfordertes System treffen, und hinterher will nat\u00fcrlich wieder niemand daf\u00fcr dann die Verantwortung tragen.<\/p>\n<p><strong>Die Situation und was zu bef\u00fcrchten ist<\/strong><\/p>\n<blockquote><p>Als Arzt und Wissenschaftler habe ich keinerlei Zweifel daran, dass die jetzige Situation eine beispiellose globale Bedrohung ist, die eine beispiellose Reaktion erfordert.<\/p>\n<p>JEREMY FARRAR, Epidemie-Experte, in einem <a href=\"https:\/\/www.tagesspiegel.de\/wissen\/epidemie-experte-zur-bekaempfung-von-covid-19-das-coronavirus-ist-eine-beispiellose-globale-bedrohung\/25604494.html\" target=\"_blank\" rel=\"noopener noreferrer\">Gastbeitrag im <em>Tagesspiegel<\/em><\/a><\/p><\/blockquote>\n<p>und weiter<\/p>\n<blockquote><p>Wir m\u00fcssen davon ausgehen, dass diese Coronavirus-Epidemie verheerend sein kann. Wir m\u00fcssen alles in unserer Macht stehende versuchen, um sie weniger verheerend zu machen. Daf\u00fcr brauchen wir vor allem eines: gr\u00f6\u00dfere, schnellere, einheitlichere und entschlossenere multilaterale Anstrengungen. Und wir m\u00fcssen dabei sicherstellen, dass kein Land im Stich gelassen wird.<\/p>\n<p>JEREMY FARRAR, Epidemie-Experte, ebenda<\/p><\/blockquote>\n<p>Im worst case &#8211; und den gibt es immer zu bedenken, wenn man sich auf dem Weg in die Krise hinein befindet; der best case f\u00fchrt hier gef\u00e4hrlich in die Irre &#8211; m\u00fcssen wir mit 56 Millionen Infizierten rechnen bei einer inl\u00e4ndischen Bev\u00f6lkerung von 80 Millionen. Dies sind keine Zahlen, welche einfach so aus der Luft gegriffen sind, sondern sie basieren auf den Aussagen des Virologen Drosten von der Charit\u00e9 &#8211; mehrfach ge\u00e4u\u00dfert und niedergeschrieben, u. a. <a href=\"https:\/\/www.zdf.de\/politik\/maybrit-illner\/coronavirus-ohne-grenzen-wie-gut-ist-deutschland-vorbereitet-sendung-vom-27-februar-2020-100.html\" target=\"_blank\" rel=\"noopener noreferrer\">hier<\/a>. Die Toten sind bedauernswert, aber gar nicht der springende Punkt, weshalb ich die hier mal au\u00dfer Acht lasse. Die Schwersterkrankten sind relevant. Denn im Unterschied zur Grippe m\u00fcssen die meist station\u00e4r behandelt werden, brauchen Beatmungsger\u00e4te und Betten sowie \u00c4rzte und Pfleger.<\/p>\n<p>Im Falle, dass der Virus zwei Jahre braucht, um die 70 % Infizierten zu erreichen, bedeutet dies, dass wir mit bis zu 15 %, sprich 350.000, Schwersterkrankten zu rechnen haben werden (wieder Aussage von Herrn Drosten und man bedenke: worst case), und das monatlich immer wieder aufs Neue. Mit jedem Monat, den wir verlieren, wird die Zahl gr\u00f6\u00dfer. Sollten wir nur noch ein Jahr zur Verf\u00fcgung haben, so sind es im worst case 700.000 Schwersterkrankte pro Monat. Es liegt also an uns, ob ein oder zwei Jahre Zeit zur Verf\u00fcgung steht.<\/p>\n<p>Nun mag es nicht zum worst case kommen, so oder so ist aber jetzt schon klar, dass wir auf eine bedeutende Krise zuschlittern werden. Wie schnell wir dann auch in die \u00dcberforderung schlittern k\u00f6nnten, zeigt heute schon der <a href=\"https:\/\/rp-online.de\/nrw\/staedte\/kreis-heinsberg\/coronavirus-im-kreis-heinsberg-sorge-um-aerztliche-versorgung_aid-49332497\" target=\"_blank\" rel=\"noopener noreferrer\">Kreis Heinsberg<\/a>, das bisher einzige &#8222;Notstandsgebiet&#8220; der Republik.<\/p>\n<p><strong>Ach ja, Panikmache, ich verga\u00df, mehr ist das alles ja nicht<\/strong><\/p>\n<p>Es wird schon nicht so schlimm werden. Mag sein, dass es nicht so schlimm kommen wird und dass ich hier zur Panik beitrage, wenn auch unbeabsichtigt und auch nur deshalb, weil meine jahrelangen Warnungen vor der \u00dcberhitzung der sozialen Infrastruktur von fast allen Verantwortlichen, die ich darauf hinwies in den letzten Jahren, in den Wind geschlagen worden sind, die es immer besser wussten als ich und die es vielleicht auch diesmal wieder besser wissen werden. Vielleicht, aber sicher k\u00f6nnen auch sie nicht mehr sein.<\/p>\n<p>Beim letzten Mal, als sie sich irrten, als sie unvorbereitet waren und ins Chaos zu rutschen drohten, als die Fl\u00fcchtlinge auf den Hartz-Staat trafen, die Armen vor Ort sich durch die Fl\u00fcchtlinge schnell bedroht sahen in ihrer eigenen Existenz, konnte ich noch helfen, wie viele andere auch, die sich bem\u00fcht haben, die L\u00fccken zu f\u00fcllen, die man gerissen hatte. Nur diesmal kann ich nicht helfen wie bei den Fl\u00fcchtlingen. Diesmal geh\u00f6re ich selbst zur Risikogruppe und bin froh, wenn ich es schaffe, zu den 30 % am Ende zu geh\u00f6ren. Denn wenn ich mich infiziere, so kann ich fast sicher davon ausgehen, dass es nicht bei einer einfachen Erk\u00e4ltung bei mir bleibt.<\/p>\n<p>Ach, schon wieder verga\u00df ich, Einzelschicksal und Angst darf man ja auch nicht mehr haben in diesem Lande, nicht um sich und schon gar nicht um die \u00e4lteren Angeh\u00f6rigen, und wenn man sie doch hat, dann ist man eben der Panische, der Narr, \u00fcber den man sich lustig machen kann, sich erheben darf. Hoffen wir, dass nicht so mancher und so manche hier auch am Ende sich als Narr oder N\u00e4rrin erweist, sich selbst als Narr oder N\u00e4rrin erkennen muss.<\/p>\n","protected":false},"excerpt":{"rendered":"<p>So wie die Fl\u00fcchtlinge 2015 auf den Hartzstaat getroffen sind und die vielen Mahner ungeh\u00f6rt blieben, auch dann, wenn sie nur forderten, dass man jetzt hier das Hartz-System entsch\u00e4rfen m\u00fcsste, um das Ausspielen von Arm und ganz Arm zu verhindern, weil Moral mal wieder vor Verstand ging, es dann doch unterlie\u00df und dann eintraf, was nicht h\u00e4tte eintreffen m\u00fcssen, nicht h\u00e4tte eintreffen d\u00fcrfen, so werden die vielen Tausend Schwersterkrankten, welche monatlich zu erwarten sind, auf ein v\u00f6llig \u00fcberfordertes System treffen und hinterher will nat\u00fcrlich wieder niemand daf\u00fcr dann die VerantwortSo wie die Fl\u00fcchtlinge 2015 auf den Hartz-Staat getroffen sind und die vielen Mahner ungeh\u00f6rt blieben, auch dann, wenn sie nur forderten, dass man jetzt hier das Hartz-System entsch\u00e4rfen m\u00fcsste, um das Ausspielen von Arm gegen ganz Arm zu verhindern, weil Moral mal wieder vor Verstand ging, es dann doch unterlie\u00df und dann eintraf, was nicht h\u00e4tte eintreffen m\u00fcssen, nicht h\u00e4tte eintreffen d\u00fcrfen, so werden die vielen Tausend Schwersterkrankten, welche monatlich zu erwarten sind, auf ein v\u00f6llig \u00fcberfordertes System treffen, und hinterher will nat\u00fcrlich wieder niemand daf\u00fcr dann die Verantwortung tragen.ung tragen.<\/p>\n","protected":false},"author":6,"featured_media":0,"comment_status":"open","ping_status":"open","sticky":false,"template":"","format":"standard","meta":{"footnotes":""},"categories":[595],"tags":[304,949,963],"class_list":["post-19671","post","type-post","status-publish","format-standard","hentry","category-aktuelles","tag-angst","tag-corona-virus","tag-panikmache"],"_links":{"self":[{"href":"https:\/\/www.unterstroemt.de\/index.php?rest_route=\/wp\/v2\/posts\/19671","targetHints":{"allow":["GET"]}}],"collection":[{"href":"https:\/\/www.unterstroemt.de\/index.php?rest_route=\/wp\/v2\/posts"}],"about":[{"href":"https:\/\/www.unterstroemt.de\/index.php?rest_route=\/wp\/v2\/types\/post"}],"author":[{"embeddable":true,"href":"https:\/\/www.unterstroemt.de\/index.php?rest_route=\/wp\/v2\/users\/6"}],"replies":[{"embeddable":true,"href":"https:\/\/www.unterstroemt.de\/index.php?rest_route=%2Fwp%2Fv2%2Fcomments&post=19671"}],"version-history":[{"count":17,"href":"https:\/\/www.unterstroemt.de\/index.php?rest_route=\/wp\/v2\/posts\/19671\/revisions"}],"predecessor-version":[{"id":19721,"href":"https:\/\/www.unterstroemt.de\/index.php?rest_route=\/wp\/v2\/posts\/19671\/revisions\/19721"}],"wp:attachment":[{"href":"https:\/\/www.unterstroemt.de\/index.php?rest_route=%2Fwp%2Fv2%2Fmedia&parent=19671"}],"wp:term":[{"taxonomy":"category","embeddable":true,"href":"https:\/\/www.unterstroemt.de\/index.php?rest_route=%2Fwp%2Fv2%2Fcategories&post=19671"},{"taxonomy":"post_tag","embeddable":true,"href":"https:\/\/www.unterstroemt.de\/index.php?rest_route=%2Fwp%2Fv2%2Ftags&post=19671"}],"curies":[{"name":"wp","href":"https:\/\/api.w.org\/{rel}","templated":true}]}}