{"id":19877,"date":"2020-03-19T12:29:54","date_gmt":"2020-03-19T11:29:54","guid":{"rendered":"https:\/\/www.unterstroemt.de\/?p=19877"},"modified":"2020-11-27T11:37:03","modified_gmt":"2020-11-27T10:37:03","slug":"sapperlot-egoisten-verhalten-sich-egoistisch","status":"publish","type":"post","link":"https:\/\/www.unterstroemt.de\/?p=19877","title":{"rendered":"Sapperlot &#8211; Egoisten verhalten sich egoistisch!"},"content":{"rendered":"<p>Das Corona-Virus schr\u00e4nkt das \u00f6ffentliche Leben in weiten Teilen Deutschlands ziemlich ein, zudem ist es zurzeit das dominierende Thema in den Medien. Da sollte man doch meinen, dass es mittlerweile bei allen angekommen ist, dass eine Verringerung der Sozialkontakte hilfreich ist, um die Verbreitung des Virus zu verlangsamen. Ist aber leider nicht der Fall, wie man immer wieder feststellen muss. Und das ist letztlich eigentlich auch nicht wirklich verwunderlich.<\/p>\n<p>So hat beispielsweise am Wochenende die Zugspitze einen Ansturm auf die Skipisten erlebt, bevor diese nun am Montag erst mal geschlossen wurden (s. <a href=\"https:\/\/www.merkur.de\/lokales\/garmisch-partenkirchen\/garmisch-partenkirchen-ort28711\/coronavirus-garmisch-partenkirchen-ansturm-massen-skifahren-covid19-13602686.html\" target=\"_blank\" rel=\"noopener noreferrer\">hier<\/a>). Klar, in einer Schlange mit vielen anderen Menschen stehen und dann dicht an dicht beim Bier in der Gastro hocken &#8211; das ist nat\u00fcrlich genau das, was die Gesundheitsexperten aktuell empfehlen. Nicht. Dass der erste Massenausbruch des Virus gerade nach einer Karnevalsveranstaltung zu verzeichnen war, ist ja nun auch gewiss kein Zufall. Aber &#8211; hey, drauf geschissen. Hauptsache, ich hab meinen Spa\u00df.<\/p>\n<p>Ein Facebook-Freund von mir hatte dann gestern auf seiner <a href=\"https:\/\/www.facebook.com\/hendrik.liebner\/posts\/2983927311667033\" target=\"_blank\" rel=\"noopener noreferrer\">Wall<\/a> auch etwas zu berichten, was dazu passt:<\/p>\n<blockquote><p>Erfahrungen aus Bayern.<br \/>\nIch arbeite im Einzelhandel. Eigentlich ist unser Unternehmen ein Renovierung-Discounter.<br \/>\nSprich wir verkaufen Farbe, Tapeten etc. aber auch Teppiche, Kleinm\u00f6bel, Lampen und Drogerieartikel.<br \/>\nNun m\u00fcssen ja viele Gesch\u00e4fte ab Mittwoch schlie\u00dfen. Baum\u00e4rkte z\u00e4hlen nicht dazu.<br \/>\nIch bin eigentlich davon ausgegangen, dass das Land Bayern den Daumen hebt oder senkt. Ist aber nicht so. Die Unternehmen sind in Eigenverantwortung. Und so hat man nun kurzerhand entschieden jetzt ein Baumarkt zu sein.<br \/>\nWir hatten gestern einen der umsatzst\u00e4rksten Tage des Jahres. Haben wir sonst um die 400 zahlenden Kunden, so waren es gestern fast doppelt so viele.<br \/>\nOffensichtlich haben viele den Ernst der Lage nicht begriffen. Viele Alte kommen und kaufen wichtige Dinge wie Pizzaschneider oder PVC um Regale auszulegen. Ganze Familien machen einen Bummel.<br \/>\nDie Gespr\u00e4che die ich mitbekomme zeigten mehrheitlich Ignoranz und Arroganz.<br \/>\nDen &#8222;Quatsch mache man nicht mit&#8220; oder &#8222;Italien sei ja quasi 3. Welt und hier k\u00f6nne man nicht in so eine Lage kommen&#8220;.<br \/>\nHeute haben wir Schilder aufgeh\u00e4ngt. Abstand halten, Kinder und Alte bitte zu Hause etc.<br \/>\nDie werden bel\u00e4chelt und abf\u00e4llig kommentiert.<br \/>\nEine Kassiererin wurde angemacht weil sie Handschuhe tr\u00e4gt. Sie solle sich nicht so anstellen.<br \/>\nSagen man das wir morgen aufhaben, klopft man uns auf die Schulter. &#8222;Sehr gut, haltet durch. Ich brauche morgen noch Laminat&#8220;<br \/>\nEs ist grotesk.<\/p><\/blockquote>\n<p>Und dann erz\u00e4hlte mir gestern noch ein Freund von einer Aldi-Mitarbeiterin, die, den Tr\u00e4nen nahe, ihm die Zust\u00e4nde schilderte, die sie allt\u00e4glich bei ihrer Arbeit erlebt: Kunden, die trotz der Aufforderung, nur einen Wagen zu benutzen, mit dreien durch den Laden schieben und sich bis hin zur gewaltt\u00e4tigen Auseinandersetzung mit anderen Kunden in die Haare bekommen beim Hamsterkauf. Dabei hat sie selbst auch schon k\u00f6rperliche Attacken erlebt, wenn sie schlichten wollte oder die Kunden darauf aufmerksam machte, dass nur in handels\u00fcblichen Mengen gekauft werden solle.<\/p>\n<p>Das kommt nun also dabei raus, wenn man die Leuten jahrzehntelang dahin gehend indoktriniert, dass sich jeder selbst der N\u00e4chste sei, dass Solidarit\u00e4t Schw\u00e4che und unn\u00f6tig sei, dass an jeden gedacht sei, wenn jeder nur an sich denkt.<\/p>\n<p>Wieso sollten also derma\u00dfen herangez\u00fcchtete Egoisten und Konsum\u00e4ffchen sich auf einmal wie m\u00fcndige B\u00fcrger verhalten, wenn doch alles daf\u00fcr getan wurde, sie mit gro\u00dfem Aufwand zu entm\u00fcndigen?<\/p>\n<p>Die Menschen verhalten sich nun eben so, wie es ihnen seit Jahrzehnten eingeimpft wird. Man kann nicht eine Gesellschaft auf Egoismus und Entsolidarisierung trimmen und dann erwarten, dass sich auf einmal alle r\u00fccksichtsvoll und solidarisch verhalten.<\/p>\n<p>Die dahinter stehenden Zeitgeistph\u00e4nomene habe ich ja hier auf unterstr\u00f6mt schon mal in einer <a href=\"https:\/\/www.unterstroemt.de\/?tag=zeitgeistphaenomene\" target=\"_blank\" rel=\"noopener noreferrer\">kleinen Reihe<\/a> geschildert (beispielsweise eben auch die <a href=\"https:\/\/www.unterstroemt.de\/?p=4159\" target=\"_blank\" rel=\"noopener noreferrer\">R\u00fccksichtslosigkeit<\/a>), die nun solch unsozialem Verhalten, was bei vielen Menschen in der jetzigen Corona-Krise zu beobachten ist, zugrunde liegen.<\/p>\n<p>Es ist also jetzt wichtiger als je zuvor, die systematischen Unzul\u00e4nglichkeiten zu sehen, zu erkennen, dass der neoliberal-marktradikal ausgerichtete Kapitalismus nicht in der Lage ist, mit Krisen ad\u00e4quat umzugehen, diese Krisen nicht nur teilweise herbeif\u00fchrt, sondern sie eben auch versch\u00e4rft, da er die Grundlagen, den krisenhaften Auswirkungen ad\u00e4quat zu begegnen, permanent unterminiert hat.<\/p>\n<p>Was vor allem \u00fcber die aktuelle Problematik hinaus wenig Hoffnung macht: Viele sind \u00fcberhaupt nicht bereit, sich mal ein bisschen einzuschr\u00e4nken, selbst bei einer so konkreten Gef\u00e4hrdung wie durch das Corona-Virus. Da muss man sich dann nicht wundern, dass f\u00fcr etwas deutlich weniger Greifbares wie den Klimawandel die Bereitschaft, sich ein wenig einzuschr\u00e4nken und seinen Lebensstil entsprechend klimaneutraler zu gestalten, in noch geringerem Ma\u00dfe vorhanden sein d\u00fcrfte.<\/p>\n<p>Der Neoliberalismus frisst seine Kinder &#8230;<\/p>\n","protected":false},"excerpt":{"rendered":"<p>Das Corona-Virus schr\u00e4nkt das \u00f6ffentliche Leben in weiten Teilen Deutschlands ziemlich ein, zudem ist es zurzeit das dominierende Thema in den Medien. Da sollte man doch meinen, dass es mittlerweile bei allen angekommen ist, dass eine Verringerung der Sozialkontakte hilfreich ist, um die Verbreitung des Virus zu verlangsamen. Ist aber leider nicht der Fall, wie man immer wieder feststellen muss. Und das ist letztlich eigentlich auch nicht wirklich verwunderlich.<\/p>\n","protected":false},"author":3,"featured_media":0,"comment_status":"open","ping_status":"open","sticky":false,"template":"","format":"standard","meta":{"footnotes":""},"categories":[595,50,52],"tags":[975,166],"class_list":["post-19877","post","type-post","status-publish","format-standard","hentry","category-aktuelles","category-politisches","category-soziales","tag-corona","tag-neoliberalismus"],"_links":{"self":[{"href":"https:\/\/www.unterstroemt.de\/index.php?rest_route=\/wp\/v2\/posts\/19877","targetHints":{"allow":["GET"]}}],"collection":[{"href":"https:\/\/www.unterstroemt.de\/index.php?rest_route=\/wp\/v2\/posts"}],"about":[{"href":"https:\/\/www.unterstroemt.de\/index.php?rest_route=\/wp\/v2\/types\/post"}],"author":[{"embeddable":true,"href":"https:\/\/www.unterstroemt.de\/index.php?rest_route=\/wp\/v2\/users\/3"}],"replies":[{"embeddable":true,"href":"https:\/\/www.unterstroemt.de\/index.php?rest_route=%2Fwp%2Fv2%2Fcomments&post=19877"}],"version-history":[{"count":8,"href":"https:\/\/www.unterstroemt.de\/index.php?rest_route=\/wp\/v2\/posts\/19877\/revisions"}],"predecessor-version":[{"id":19887,"href":"https:\/\/www.unterstroemt.de\/index.php?rest_route=\/wp\/v2\/posts\/19877\/revisions\/19887"}],"wp:attachment":[{"href":"https:\/\/www.unterstroemt.de\/index.php?rest_route=%2Fwp%2Fv2%2Fmedia&parent=19877"}],"wp:term":[{"taxonomy":"category","embeddable":true,"href":"https:\/\/www.unterstroemt.de\/index.php?rest_route=%2Fwp%2Fv2%2Fcategories&post=19877"},{"taxonomy":"post_tag","embeddable":true,"href":"https:\/\/www.unterstroemt.de\/index.php?rest_route=%2Fwp%2Fv2%2Ftags&post=19877"}],"curies":[{"name":"wp","href":"https:\/\/api.w.org\/{rel}","templated":true}]}}