{"id":20067,"date":"2020-04-09T11:37:51","date_gmt":"2020-04-09T09:37:51","guid":{"rendered":"https:\/\/www.unterstroemt.de\/?p=20067"},"modified":"2020-04-09T11:44:59","modified_gmt":"2020-04-09T09:44:59","slug":"ist-die-demokratie-in-deutschland-in-gefahr","status":"publish","type":"post","link":"https:\/\/www.unterstroemt.de\/?p=20067","title":{"rendered":"Ist die Demokratie in Deutschland in Gefahr?"},"content":{"rendered":"<p>In Krisen gelten andere Regeln, insbesondere dann, wenn Krisen lebensbedrohlich sein k\u00f6nnten, sich anschicken zu sein.<\/p>\n<p>Wenn die Masse die Wahl hat, zwischen ihren individuellen Freiheitsrechten und dem Schutz der Masse, der sie auch angeh\u00f6ren, zu entscheiden, entscheidet sich die Masse f\u00fcr den Massenschutz in ihrer gro\u00dfen Mehrheit und das gerade auch aus individuellen Interessen heraus.<\/p>\n<p>Wenn die Politik sich zwischen der m\u00f6glichen Triage in den Krankenh\u00e4usern und den damit verbundenen Bildern, den damit verbundenen Vorw\u00fcrfen und den individuellen Freiheitsrechten, dem Schutz der Masse entscheiden muss, so entscheidet sie sich f\u00fcr den Schutz der Masse, auch in ihrer gro\u00dfen Mehrheit.<\/p>\n<p>Das Opposition und Regierung nun recht nah beieinander sind in den gro\u00dfen Fragen, ist deshalb auch f\u00fcr mich verst\u00e4ndlich. Wer will schon verantwortlich gemacht werden nach der Krise in der Krise zu wenig getan zu haben?<\/p>\n<p>Dass man auch in der Krise aufpassen muss, dass nichts in der Krise geschieht, welches nach der Krise unsere Freiheit beschneiden k\u00f6nnte, obwohl es in der Krise richtig war, was nach der Krise dann falsch w\u00e4re, ist f\u00fcr mich selbst verst\u00e4ndlich. Dass man nach der Krise dann auch schauen muss, was in der Krise geschehen ist, was davon r\u00fcckg\u00e4ngig gemacht werden muss, auch. Dass man aus Krisen Lehren ziehen sollte, sowieso. Dass man diese Lehren wohl wieder kaum ziehen wird, vermute ich begr\u00fcndet.<\/p>\n<p>Jegliches Verst\u00e4ndnis jedoch geht mir ab, wenn nun sich viele zu Wort melden, die jetzt schon voraussetzen, dass nach der Krise die Freiheit so beschr\u00e4nkt bleiben w\u00fcrde, wie sie notwendiger Weise w\u00e4hrend der Krise eingeschr\u00e4nkt worden ist.<\/p>\n<p>Immer noch handeln gew\u00e4hlte Regierungen und Parlamente. Noch keine Klage vor dem Verfassungsgericht ist bisher von Erfolg beschieden gewesen, im Gegenteil. Weder ist das Grundgesetz ge\u00e4ndert worden bisher noch sind die Stimmen dazu laut geworden &#8211; sieht man mal von Sch\u00e4uble ab, der aber schnell in seine Schranken gewiesen worden ist, eben von denen, denen man hier die unterschwellige Tendenz zur Diktatur unterstellt, den Fraktionen unseres h\u00f6chsten Parlaments in Deutschland.<\/p>\n<p>Ja, es gibt sachliche Gr\u00fcnde zur Kritik, aber diese Kritik kann auch ge\u00e4u\u00dfert werden und &#8211; wie ich selbst erfahren habe &#8211; sie wird auch aufgenommen und ihr wird Beachtung geschenkt &#8211; was ich auch mit eigenen Erfahrungen belegen kann.<\/p>\n<p>Ja, es wird \u00fcber das Ziel hinausgeschossen, in Niedersachsen nun schon mehrmals, es wird auch falsch gehandelt, auch in Niedersachsen, auch schon mehrmals, aber aus den Gr\u00fcnden oben und nicht deshalb, weil die regierenden Parteien hier eine quasi Diktatur errichten wollen. Das mag f\u00fcr einzelne gelten, aber nicht f\u00fcr die Masse in den Parlamenten und den Regierungen und selbst diesen Einzelnen unterstelle ich meist mehr Panik als Willen.<\/p>\n<p>Angst scheint auch hier wieder zentral zu sein, \u00c4ngste, die man sch\u00fcrt, aus eigenen Interessen heraus sch\u00fcrt, bei anderen zu sch\u00fcren versucht.<\/p>\n<p>Ideologie ist sicherlich hier die Richtschnur, insbesondere bei denen, die hier die \u00c4ngste vor dem Moloch Staat gerade sch\u00fcren und damit mit zunehmenden Verlauf der Krise auch Erfolg haben k\u00f6nnten.<\/p>\n<p>Kritik &#8211; ich bin sehr f\u00fcr Kritik; Kritik ist mein vierter Vorname &#8211; muss sachlich bleiben, auch von denen, die immer andere als Verschw\u00f6rungstheoretiker gern bezeichnen und sich nun als Verschw\u00f6rungstheoretiker gern selbst bet\u00e4tigen.<\/p>\n<p>Nein, hier bei uns in Deutschland ist nicht die Demokratie in Gefahr. Es sind Menschen, die in Gefahr sind und die durch die Angst und die, die \u00c4ngste sch\u00fcren t\u00e4glich ein wenig mehr in Gefahr gebracht werden und die damit dann auch letztendlich die Demokratie wirklich in Gefahr bringen k\u00f6nnten.<\/p>\n","protected":false},"excerpt":{"rendered":"<p>In Krisen gelten andere Regeln, insbesondere dann, wenn Krisen lebensbedrohlich sein k\u00f6nnten, sich anschicken zu sein.<\/p>\n","protected":false},"author":6,"featured_media":0,"comment_status":"open","ping_status":"open","sticky":false,"template":"","format":"standard","meta":{"footnotes":""},"categories":[595],"tags":[201,921,716,991,753],"class_list":["post-20067","post","type-post","status-publish","format-standard","hentry","category-aktuelles","tag-demokratie","tag-krise","tag-kritik","tag-opposition","tag-regierung"],"_links":{"self":[{"href":"https:\/\/www.unterstroemt.de\/index.php?rest_route=\/wp\/v2\/posts\/20067","targetHints":{"allow":["GET"]}}],"collection":[{"href":"https:\/\/www.unterstroemt.de\/index.php?rest_route=\/wp\/v2\/posts"}],"about":[{"href":"https:\/\/www.unterstroemt.de\/index.php?rest_route=\/wp\/v2\/types\/post"}],"author":[{"embeddable":true,"href":"https:\/\/www.unterstroemt.de\/index.php?rest_route=\/wp\/v2\/users\/6"}],"replies":[{"embeddable":true,"href":"https:\/\/www.unterstroemt.de\/index.php?rest_route=%2Fwp%2Fv2%2Fcomments&post=20067"}],"version-history":[{"count":10,"href":"https:\/\/www.unterstroemt.de\/index.php?rest_route=\/wp\/v2\/posts\/20067\/revisions"}],"predecessor-version":[{"id":20100,"href":"https:\/\/www.unterstroemt.de\/index.php?rest_route=\/wp\/v2\/posts\/20067\/revisions\/20100"}],"wp:attachment":[{"href":"https:\/\/www.unterstroemt.de\/index.php?rest_route=%2Fwp%2Fv2%2Fmedia&parent=20067"}],"wp:term":[{"taxonomy":"category","embeddable":true,"href":"https:\/\/www.unterstroemt.de\/index.php?rest_route=%2Fwp%2Fv2%2Fcategories&post=20067"},{"taxonomy":"post_tag","embeddable":true,"href":"https:\/\/www.unterstroemt.de\/index.php?rest_route=%2Fwp%2Fv2%2Ftags&post=20067"}],"curies":[{"name":"wp","href":"https:\/\/api.w.org\/{rel}","templated":true}]}}