{"id":20260,"date":"2020-04-18T20:20:07","date_gmt":"2020-04-18T18:20:07","guid":{"rendered":"https:\/\/www.unterstroemt.de\/?p=20260"},"modified":"2020-04-18T20:20:07","modified_gmt":"2020-04-18T18:20:07","slug":"die-obrigkeitshoerigkeit-waechst","status":"publish","type":"post","link":"https:\/\/www.unterstroemt.de\/?p=20260","title":{"rendered":"Die Obrigkeitsh\u00f6rigkeit w\u00e4chst &#8230;"},"content":{"rendered":"<p>Facebook ist eine gute Sache, um einmal aus der eigenen Filterblase herauszuschauen. Auch wenn das, was man dort dann zu sehen bekommt, oft reichlich unsch\u00f6n und recht verst\u00f6rend sein kann. Damit meine ich nun nicht nur die \u00fcblichen Verd\u00e4chtigen von rechtsau\u00dfen, sondern gerade jetzt w\u00e4hrend der Corona-Krise sehr viele Menschen, die sich selbst vielleicht eher als progressiv oder links einordnen w\u00fcrden, die aber einen Untertanengeist par excellence zu Schau stellen. Die CDU freut das.<\/p>\n<p>Ich hab das ja neulich schon mal in einem <a href=\"https:\/\/www.unterstroemt.de\/?p=19862\" target=\"_blank\" rel=\"noopener noreferrer\">Artikel<\/a> erw\u00e4hnt, dass der Untertanengeist sehr am Aufbl\u00fchen ist in dieser Corona-Krise. Nun habe ich gerade diesbez\u00fcglich wieder ein ziemlich krasses Beispiel erlebt, bei dem es mich erschreckt hat, wie sehr Kritik am Krisenmanagement der Bundesregierung sofort auf eine Weise diffamiert wird, die man sonst vor allem von AfD-J\u00fcngern kennt.<\/p>\n<p>Auf der Facebook-Seite &#8222;<a href=\"https:\/\/www.facebook.com\/MenschundPolitikheute\/posts\/1101798346862498?__tn__=-R\" target=\"_blank\" rel=\"noopener noreferrer\">Mensch und Politik heute<\/a>&#8220; wurde ein <a href=\"https:\/\/www.rubikon.news\/artikel\/was-verschweigt-uns-die-regierung?\" target=\"_blank\" rel=\"noopener noreferrer\">Artikel von <em>Rubikon<\/em><\/a> geteilt, den wir hier auf unterstr\u00f6mt auch letzte Woche in den Wochenhinweisen hatten und in dem Ulrike von Aufschnaiter einige Fragen an die Bundesregierung bez\u00fcglich deren Vorgehen und Ma\u00dfnahmen in der Corona-Krise stellt. Diese sind zum Teil durchaus kontrovers, aber eben auch interessant und wichtig, sodass der Artikel mit einem neutralen Anrisstext zur Diskussion gestellt wurde.<\/p>\n<p>Diskutiert wurde dann allerdings so gut wie gar nicht, sondern die meisten Kommentare (wobei auch hier wieder das Ph\u00e4nomen zu beobachten war, dass vor allem Negatives ge\u00e4u\u00dfert und Zustimmung eben nicht formuliert wird, was ich vor gut zwei Jahren schon mal in einem <a href=\"https:\/\/www.unterstroemt.de\/?p=9654\" target=\"_blank\" rel=\"noopener noreferrer\">Artikel<\/a> beschrieb) ergingen sich erst mal in w\u00fctenden \u00c4u\u00dferungen, wie man denn blo\u00df etwas von Rubikon teilen k\u00f6nnte, oftmals gepaart mit der Aussage, nun &#8222;Mensch und Politik heute&#8220; nicht mehr weiter folgen zu wollen, da es indiskutabel sei, so etwas zu teilen. Nicht selten fand sich auch der Vorwurf, dass <em>Rubikon<\/em> eine rechtspopulistische Seite sei.<\/p>\n<p>Und sp\u00e4testens da wird es grotesk &#8230;<\/p>\n<p>Man muss sich ja nur mal anschauen, von wem so alles Texte auf <em>Rubikon<\/em> ver\u00f6ffentlicht wurden, was man dort auch einer <a href=\"https:\/\/www.rubikon.news\/autoren\" target=\"_blank\" rel=\"noopener noreferrer\">Auflistung der Autoren<\/a> entnehmen kann. Dort finden sich dann Namen wie Christoph Butterwegge, Esther Bejarano, Max Uthoff, Heiner Flassbeck, Norbert H\u00e4ring oder auch Sahra Wagenknecht &#8211; und diese Personen sind mit Sicherheit nicht rechts, sondern das genaue Gegenteil davon.<\/p>\n<p>Aber das interessiert die von ihrem eigenen Untertanentum Berauschten dann auch nicht mehr. Es wird so gut wie nicht auf einzelne Fragestellungen des Artikels eingegangen, sondern in Bausch und Bogen nicht nur <em>Rubikon<\/em>, sondern auch &#8222;Mensch und Politik heute&#8220; verdammt.<\/p>\n<p>Ich dachte ja eigentlich immer, dass es ein wichtiger Grundpfeiler der Demokratie sei, Dinge zu hinterfragen und diese Fragestellungen dann auch zu diskutieren &#8230;<\/p>\n<p>Hier zeigt sich dann auch die Gefahr, die von dieser obrigkeitsh\u00f6rigen Einstellung ausgeht: Es gibt f\u00fcr solche Menschen nur noch ein Narrativ, und das ist das offiziell verlautbarte. Das ist dann \u00fcbrigens eine der Grundlage von totalit\u00e4ren Regimes.<\/p>\n<p>Stellt sich die Frage, warum denn Menschen, die eigentlich eine demokratische und vielleicht sogar progressive Einstellung haben, nun auf einmal zu solchem Verhalten neigen. Und da, so f\u00fcrchte ich, ist es leider recht einfach: Man hat Angst.<\/p>\n<p>Und zwar Angst um das eigene Leben und die eigene Gesundheit. Vorher war es den meisten ja relativ wurscht, dass aufgrund unseres Wirtschaftssystems und unseres Lebensstils tagt\u00e4glich haufenweise Menschen krepieren, aber nun k\u00f6nnte es einen ja selbst betreffen.<\/p>\n<p>Feiger Egoismus also, aber gut: So wurden die Menschen halt seit Jahrzehnten indoktriniert (um nicht zu sagen: verbl\u00f6det), wie ich ja vor einigen Wochen schon mal in einem <a href=\"https:\/\/www.unterstroemt.de\/?p=19877\" target=\"_blank\" rel=\"noopener noreferrer\">Artikel<\/a> festgestellt habe.<\/p>\n<p>Und mit solchen in Panik versetzten Egoisten kann man dann eben auch alles M\u00f6gliche abziehen, selbst ein Bundeswehreinsatz im Inneren steht nun vor der T\u00fcr (s. <a href=\"https:\/\/www.swr.de\/swraktuell\/baden-wuerttemberg\/bundeswehr-corona-100.html\" target=\"_blank\" rel=\"noopener noreferrer\">hier<\/a>), und Niedersachsens Innenminister Boris Pistorius (SPD) fordert harte Strafen gegen Verbreiter von aus seiner Sicht Fake News zum Thema Corona (s. <a href=\"https:\/\/www.spiegel.de\/politik\/deutschland\/coronavirus-boris-pistorius-fordert-strafen-gegen-fake-news-a-ed5050b5-c194-4890-a4c3-c713290134f3\" target=\"_blank\" rel=\"noopener noreferrer\">hier<\/a>) &#8211; also nichts anderes als eine Internetzensur, und das bei einem Thema, bei dem sich selbst die Fachleute nicht einig sind und es st\u00e4ndig einen neuen Erkenntnisstand gibt.<\/p>\n<p>Aber \u00fcber so was regt sich der Untertan nicht auf &#8230;<\/p>\n<p>Und so geht es auch dank Diederich He\u00dflings Br\u00fcdern und Schwestern im Geiste immer weiter mit gro\u00dfen Schritten in Richtung Totalitarismus. Einfach nur noch erschreckend &#8230;<\/p>\n","protected":false},"excerpt":{"rendered":"<p>Facebook ist eine gute Sache, um einmal aus der eigenen Filterblase herauszuschauen. Auch wenn das, was man dort dann zu sehen bekommt, oft reichlich unsch\u00f6n und recht verst\u00f6rend sein kann. Damit meine ich nun nicht nur die \u00fcblichen Verd\u00e4chtigen von rechtsau\u00dfen, sondern gerade jetzt w\u00e4hrend der Corona-Krise sehr viele Menschen, die sich selbst vielleicht eher als progressiv oder links einordnen w\u00fcrden, die aber einen Untertanengeist par excellence zu Schau stellen. Die CDU freut das.<\/p>\n","protected":false},"author":3,"featured_media":0,"comment_status":"open","ping_status":"open","sticky":false,"template":"","format":"standard","meta":{"footnotes":""},"categories":[50,52],"tags":[975,1003,1002],"class_list":["post-20260","post","type-post","status-publish","format-standard","hentry","category-politisches","category-soziales","tag-corona","tag-obrigkeitshoerigkeit","tag-untertanen"],"_links":{"self":[{"href":"https:\/\/www.unterstroemt.de\/index.php?rest_route=\/wp\/v2\/posts\/20260","targetHints":{"allow":["GET"]}}],"collection":[{"href":"https:\/\/www.unterstroemt.de\/index.php?rest_route=\/wp\/v2\/posts"}],"about":[{"href":"https:\/\/www.unterstroemt.de\/index.php?rest_route=\/wp\/v2\/types\/post"}],"author":[{"embeddable":true,"href":"https:\/\/www.unterstroemt.de\/index.php?rest_route=\/wp\/v2\/users\/3"}],"replies":[{"embeddable":true,"href":"https:\/\/www.unterstroemt.de\/index.php?rest_route=%2Fwp%2Fv2%2Fcomments&post=20260"}],"version-history":[{"count":9,"href":"https:\/\/www.unterstroemt.de\/index.php?rest_route=\/wp\/v2\/posts\/20260\/revisions"}],"predecessor-version":[{"id":20276,"href":"https:\/\/www.unterstroemt.de\/index.php?rest_route=\/wp\/v2\/posts\/20260\/revisions\/20276"}],"wp:attachment":[{"href":"https:\/\/www.unterstroemt.de\/index.php?rest_route=%2Fwp%2Fv2%2Fmedia&parent=20260"}],"wp:term":[{"taxonomy":"category","embeddable":true,"href":"https:\/\/www.unterstroemt.de\/index.php?rest_route=%2Fwp%2Fv2%2Fcategories&post=20260"},{"taxonomy":"post_tag","embeddable":true,"href":"https:\/\/www.unterstroemt.de\/index.php?rest_route=%2Fwp%2Fv2%2Ftags&post=20260"}],"curies":[{"name":"wp","href":"https:\/\/api.w.org\/{rel}","templated":true}]}}