{"id":20976,"date":"2020-07-28T16:35:29","date_gmt":"2020-07-28T14:35:29","guid":{"rendered":"https:\/\/www.unterstroemt.de\/?p=20976"},"modified":"2020-07-28T16:35:29","modified_gmt":"2020-07-28T14:35:29","slug":"jens-spahn","status":"publish","type":"post","link":"https:\/\/www.unterstroemt.de\/?p=20976","title":{"rendered":"Jens Spahn"},"content":{"rendered":"<p>Gestern las ich einen <a href=\"https:\/\/www.tagesspiegel.de\/politik\/beratervertraege-zu-maskengeschaeft-spahn-muss-sich-vor-kartellamt-verantworten\/26039988.html\" target=\"_blank\" rel=\"noopener noreferrer\">Artikel im <em>Tagesspiegel<\/em><\/a>, der sich mit den Beratervertr\u00e4gen, die das Bundesgesundheitsministerium von Jens Spahn (CDU) im Zuge der Corona-Krise geschlossen hat, befasst. Und das ist schon sehr bezeichnend: von wegen tolles Krisenmanagement der Bundesregierung, was ja gern und immer wieder \u00fcberall behauptet wird. Wenn man das so liest (auch ohne da komplett durchzusteigen, denn das ist schon reichlich verwirrend), dann wird einem klar, dass da vor allem Chaos regiert hat.<\/p>\n<p>Und den Steuerzahler d\u00fcrfte das wieder einiges zus\u00e4tzlich kosten &#8230;<\/p>\n<p>Ach ja: Man sieht dann auch noch hieran, wie richtig toll &#8222;der Markt&#8220; darin ist, solche krisenhaften Ereignisse zu regeln.<\/p>\n<p>Ich fasse den Artikel mal zusammen: Chaos, Durcheinander, vieles klappt nicht, und einige wenige stopfen sich mit \u00f6ffentlichen Geldern die Taschen voll.<\/p>\n<p>Und dennoch wird immer wieder betont, dass man Jens Spahn ja doch Respekt entgegenbringen m\u00fcsse f\u00fcr sein Agieren im Zuge der Corona-Pandemie. Da frage ich mich dann doch, wof\u00fcr dieser Respekt denn gezollt werden soll.<\/p>\n<p>Respekt daf\u00fcr, erst vollm\u00fcndig get\u00f6nt zu haben, dass das mit Corona alles kein Problem w\u00e4re, und Karneval feiern zu lassen, nur um dann am Aschermittwoch in den aktionistischen Panikmodus zu verfallen (s. <a href=\"https:\/\/www.youtube.com\/watch?v=d9uJhuRFhik\" target=\"_blank\" rel=\"noopener noreferrer\">hier<\/a>)? Respekt daf\u00fcr, Warnungen von einem Schutzmaskenhersteller wegen Engp\u00e4ssen im Januar komplett ignoriert zu haben (s. <a href=\"https:\/\/www.merkur.de\/welt\/corona-jens-spahn-mundschutz-atemschutzmasken-gesundheitsministerium-china-vorwurf-kritik-zr-13607519.html\" target=\"_blank\" rel=\"noopener noreferrer\">hier<\/a>)? Respekt daf\u00fcr, dass seine Ministeriumsmitarbeiter D\u00e4umchen drehen und viel Geld konzeptlos f\u00fcr Berater rausgehauen wurde? Respekt daf\u00fcr, das Krankenhauspersonal jetzt im Regen stehen zu lassen, so von wegen Corona-Bonuszahlung (s. <a href=\"https:\/\/www.rbb24.de\/politik\/thema\/2020\/coronavirus\/beitraege_neu\/2020\/07\/bonus-zahlung-pflegepersonal-spahn-berlin-brandenburg.html\" target=\"_blank\" rel=\"noopener noreferrer\">hier<\/a>)? Respekt f\u00fcr eine Corona-Warn-App, die nicht funktioniert (s. <a href=\"https:\/\/t3n.de\/news\/corona-warn-app-iphone-nutzer-1304003\/\" target=\"_blank\" rel=\"noopener noreferrer\">hier<\/a>)?<\/p>\n<p>Jens Spahn hat alles M\u00f6gliche verdient, und das meiste davon d\u00fcrfte ihm nicht gefallen, aber bestimmt keinen Respekt!<\/p>\n<p>Zu seiner Entschuldigung wird dann oft vorgebracht, dass er ja Banker w\u00e4re und kein Gesundheitsprofi. Mal abgesehen davon, dass ich von einem Bundesminister schon erwarte, ein bisschen Kompetenz in seinem Fach zu haben (wobei, wenn ich mir da so einige andere aus der Riege anschaue &#8230;), so hat Spahn neben seiner T\u00e4tigkeit als Pharmalobbyist doch auch in seiner politischen Laufbahn schon einiges in seinem aktuelle Ressort vorzuweisen. So steht in seinem <a href=\"https:\/\/de.wikipedia.org\/wiki\/Jens_Spahn\" target=\"_blank\" rel=\"noopener noreferrer\">Wikipedia-Eintag<\/a> zumindest:<\/p>\n<blockquote><p>Hier war er seit November 2005 stellvertretender Vorsitzender der Arbeitsgruppe Gesundheit der CDU\/CSU-Bundestagsfraktion und Obmann der CDU\/CSU-Fraktion im Ausschuss f\u00fcr Gesundheit. Er war Mitglied in der Koalitionsarbeitsgruppe von CDU\/CSU und SPD, die die Gesundheitsreform 2007 vorbereitete. Von 2009 bis 2015 war er Vorsitzender der Arbeitsgruppe Gesundheit und zugleich gesundheitspolitischer Sprecher der CDU\/CSU-Fraktion.<\/p><\/blockquote>\n<p>Spahn ist als schon lange im Bereich Gesundheitswesen unterwegs als Politiker. Und als solcher h\u00e4tte er auch das Ergebnis einer Pandemie-\u00dcbung von 2007 kennen m\u00fcssen, das lautete: zu wenig Schutzmaterialien. Genauso wie er auch die <a href=\"https:\/\/dipbt.bundestag.de\/dip21\/btd\/17\/120\/1712051.pdf\" target=\"_blank\" rel=\"noopener noreferrer\">Risikoanalyse f\u00fcr den Bundestag von 2013<\/a> h\u00e4tte kennen m\u00fcssen, die sich mit einer aus China kommenden SARS-Virus-Pandemie befasste und erstaunliche Parallelen zum aktuellen Geschehen aufweist.<\/p>\n<p>Also: Entweder hat er das alles nicht gekannt, dann ist er ein Vollversager als Gesundheitsminister, der nicht mal im Ansatz seine Hausaufgaben gemacht hat. Oder aber ihm war das alles bekannt &#8211; dann hat er wohl wider besseres Wissen agiert und dabei alles M\u00f6gliche, aber nicht die Gesundheit der Bev\u00f6lkerung als Ziel seines Handelns gehabt &#8211; was ich <a href=\"https:\/\/www.unterstroemt.de\/?p=19862\" target=\"_blank\" rel=\"noopener noreferrer\">hier<\/a>, <a href=\"https:\/\/www.unterstroemt.de\/?p=20020\" target=\"_blank\" rel=\"noopener noreferrer\">hier<\/a>, <a href=\"https:\/\/www.unterstroemt.de\/?p=20335\" target=\"_blank\" rel=\"noopener noreferrer\">hier<\/a>, <a href=\"https:\/\/www.unterstroemt.de\/?p=20444\" target=\"_blank\" rel=\"noopener noreferrer\">hier<\/a> und <a href=\"https:\/\/www.unterstroemt.de\/?p=20484\" target=\"_blank\" rel=\"noopener noreferrer\">hier<\/a> ja schon mal gemutma\u00dft habe und was sich dann erneut best\u00e4tigen w\u00fcrde.<\/p>\n<p>Kann man sich nun aussuchen, was schlimmer w\u00e4re &#8230;<\/p>\n<p>Ich halte es zudem auch noch f\u00fcr m\u00f6glich, dass die Triebfeder f\u00fcr Spahns populistisches Handeln, was ja zwischendurch auch mal zu einem Zustimmungshoch f\u00fcr ihn gef\u00fchrt hat, war, ein gutes Bild in der \u00d6ffentlichkeit abgeben zu wollen im Hinblick auf eine m\u00f6gliche Kanzlerschaft. Spahn ist ein Karrierist (was ich vor gut zwei Jahren schon mal in einem <a href=\"https:\/\/www.unterstroemt.de\/?p=10008\" target=\"_blank\" rel=\"noopener noreferrer\">Artikel<\/a> feststellte), wie er im Buche steht, das w\u00fcrde also zumindest dazu sehr gut passen.<\/p>\n<p>In jedem Fall w\u00e4re diese Motivation auch nicht gerade eine besonders gute Voraussetzung f\u00fcr einen Bundesministerposten.<\/p>\n<p>Wie man es dreht und wendet: Spahn offenbart, dass Typen wie er, n\u00e4mlich Hardcore-Neoliberale mit Hang zur Lobbyistenh\u00f6rigkeit und Interesse vor allem am eigenen Vorankommen, denkbar schlecht geeignet sind, in Krisen im Sinne der Bev\u00f6lkerung zu agieren. Und dass weitere Krisen, vermutlich sogar deutlich gr\u00f6\u00dferen Ausma\u00dfes, anstehen, wenn die Corona-Pandemie erst mal durchgestanden sein sollte, daran besteht wohl kaum ein Zweifel. Der Klimawandel ist schlie\u00dflich nach wie vor aktuell, um nur mal ein Beispiel von globalem und epochalem Ausma\u00df zu nennen.<\/p>\n<p>Keine guten Aussichten, denn Spahn ist ja eher typisch f\u00fcr das, was zurzeit an Politikern in verantwortungsvolle \u00c4mter gesp\u00fclt wird, als dass er eine Ausnahme darstellen w\u00fcrde &#8230;<\/p>\n","protected":false},"excerpt":{"rendered":"<p>Gestern las ich einen Artikel im Tagesspiegel, der sich mit den Beratervertr\u00e4gen, die das Bundesgesundheitsministerium von Jens Spahn (CDU) im Zuge der Corona-Krise geschlossen hat, befasst. Und das ist schon sehr bezeichnend: von wegen tolles Krisenmanagement der Bundesregierung, was ja gern und immer wieder \u00fcberall behauptet wird. Wenn man das so liest (auch ohne da komplett durchzusteigen, denn das ist schon reichlich verwirrend), dann wird einem klar, dass da vor allem Chaos regiert hat.<\/p>\n","protected":false},"author":3,"featured_media":0,"comment_status":"open","ping_status":"open","sticky":false,"template":"","format":"standard","meta":{"footnotes":""},"categories":[50],"tags":[975,474],"class_list":["post-20976","post","type-post","status-publish","format-standard","hentry","category-politisches","tag-corona","tag-jens-spahn"],"_links":{"self":[{"href":"https:\/\/www.unterstroemt.de\/index.php?rest_route=\/wp\/v2\/posts\/20976","targetHints":{"allow":["GET"]}}],"collection":[{"href":"https:\/\/www.unterstroemt.de\/index.php?rest_route=\/wp\/v2\/posts"}],"about":[{"href":"https:\/\/www.unterstroemt.de\/index.php?rest_route=\/wp\/v2\/types\/post"}],"author":[{"embeddable":true,"href":"https:\/\/www.unterstroemt.de\/index.php?rest_route=\/wp\/v2\/users\/3"}],"replies":[{"embeddable":true,"href":"https:\/\/www.unterstroemt.de\/index.php?rest_route=%2Fwp%2Fv2%2Fcomments&post=20976"}],"version-history":[{"count":8,"href":"https:\/\/www.unterstroemt.de\/index.php?rest_route=\/wp\/v2\/posts\/20976\/revisions"}],"predecessor-version":[{"id":20989,"href":"https:\/\/www.unterstroemt.de\/index.php?rest_route=\/wp\/v2\/posts\/20976\/revisions\/20989"}],"wp:attachment":[{"href":"https:\/\/www.unterstroemt.de\/index.php?rest_route=%2Fwp%2Fv2%2Fmedia&parent=20976"}],"wp:term":[{"taxonomy":"category","embeddable":true,"href":"https:\/\/www.unterstroemt.de\/index.php?rest_route=%2Fwp%2Fv2%2Fcategories&post=20976"},{"taxonomy":"post_tag","embeddable":true,"href":"https:\/\/www.unterstroemt.de\/index.php?rest_route=%2Fwp%2Fv2%2Ftags&post=20976"}],"curies":[{"name":"wp","href":"https:\/\/api.w.org\/{rel}","templated":true}]}}