{"id":21025,"date":"2020-08-09T14:49:06","date_gmt":"2020-08-09T12:49:06","guid":{"rendered":"https:\/\/www.unterstroemt.de\/?p=21025"},"modified":"2020-08-10T14:14:34","modified_gmt":"2020-08-10T12:14:34","slug":"interessantes-aus-kw-32-2020","status":"publish","type":"post","link":"https:\/\/www.unterstroemt.de\/?p=21025","title":{"rendered":"Interessantes aus KW 32\/2020"},"content":{"rendered":"<p>An dieser Stelle pr\u00e4sentieren wir regelm\u00e4\u00dfig Links, die wir unter der Woche entdeckt haben, zu denen wir selbst nicht mehr viel schreiben m\u00fcssen und die wir teilenswert finden. Viel Spa\u00df beim Lesen und Anschauen!<\/p>\n<p>1. Ein sehr treffender etwa sechsmin\u00fctiger <a href=\"https:\/\/daserste.ndr.de\/extra3\/Rechtsextreme-bei-der-Polizei,extra17934.html\" target=\"_blank\" rel=\"noopener noreferrer\">Videobeitrag von <em>extra 3<\/em><\/a>\u00a0(NDR) fasst ziemlich gut zusammen, was zurzeit bei der Polizei (vor allem in Hessen) so alles schiefl\u00e4uft. Da werden in rechtsextremen Drohbriefen Daten verwendet, die von Polizeicomputern abgefragt wurden, und offensichtlich hat keiner bei der Polizei irgendein Interesse daran, die Ermittlungen dazu mal ein wenig voranzubringen. Stattdessen gibt es Ausfl\u00fcchte zu h\u00f6ren, die vor allem eins zeigen: Das Problem mit strukturellem Rechtsextremismus bei der Polizei ist allem Anschein nach noch gr\u00f6\u00dfer, als es eh schon angenommen wurde. [Karl]<\/p>\n<p>2. Der Klimawandel ist derzeit nicht das Hauptthema, auch wenn es das sein sollte. Im Jahr 2005 wurden vom <em>Intergovernmental Panel on Climate Change<\/em> (IPCC) Prognosen aufgestellt, wie es mit dem Klimawandel weitergehen w\u00fcrde, je nach Agieren der L\u00e4nder in Sachen Vermeidung von CO2. Nun sind seitdem 15 Jahre vergangen, und das <em>Woods Hole Research Center<\/em> hat sich mal angeschaut, an welchem der Modelle wir derzeit am n\u00e4chsten mit unserem aktuellen Stand liegen: Es ist das Worst-Case-Szenario (schlimmster anzunehmender Fall). Wer diese sehr schlecht und leider zu erwartende Nachricht noch einmal nachlesen m\u00f6chte, finde diese auf den <a href=\"https:\/\/www.scinexx.de\/news\/geowissen\/klima-auf-kurs-zum-worst-case-szenario\/\" target=\"_blank\" rel=\"noopener noreferrer\">Seiten vom Wissenschaftsmagazin <em>scinexx<\/em><\/a>. [Dirk]<\/p>\n<p>3. In Erfurt gab es zum wiederholten Male einen rassistischen Angriff von Neonazis, diesmal auf drei dunkelh\u00e4utige M\u00e4nner, von denen einer schwer verletzt wurde. Und die Reaktionen von Justiz und auch vieler Medien sind mal wieder bezeichnend, denn die polizeibekannten T\u00e4ter aus der Neonaziszene sind schon wieder auf freiem Fu\u00df, zudem wird in vielen Berichten das Kind auch nicht wirklich beim Namen genannt und der Vorfall eher relativierend geschildert, wie ein <a href=\"https:\/\/www.volksverpetzer.de\/kommentar\/neonazi-uebergriff-erfurt\/\" target=\"_blank\" rel=\"noopener noreferrer\">Artikel von <em>Der Volksverpetzer<\/em><\/a> kritisiert. Leider nichts Neues in Deutschland &#8211; aber daran sieht man, warum Rechtsterrorismus massiv am Zunehmen ist. [Karl]<\/p>\n<p>4. Die National Rifle Association (NRA) ist ein richtig \u00fcbler Verein, dessen Lobbyarbeit Abertausende von Menschenleben auf dem Gewissen hat. Nun droht Ungemach vonseiten der New Yorker Generalstaatsanwaltschaft, denn (was wenig verwunderlich ist) dem F\u00fchrungspersonal der NRA wird laut einer <a href=\"https:\/\/www.sueddeutsche.de\/politik\/usa-nra-new-york-1.4992001\" target=\"_blank\" rel=\"noopener noreferrer\">Meldung der <em>S\u00fcddeutschen Zeitung<\/em><\/a> Betrug, Korruption und Selbstbereicherung vorgeworfen. Ich dr\u00fccke die Daumen, dass diesem Sauhaufen nun so richtig einer eingeschenkt wird, denn das k\u00f6nnte dann sogar zu dessen Aufl\u00f6sung f\u00fchren! [Karl]<\/p>\n<p>5. Eine besonders effektive Strategie zu einem sozialeren Verhalten bei Corona-Leugnern hat sich <em>extra 3<\/em> (NDR) ausgedacht: In einem <a href=\"https:\/\/youtu.be\/ndjUY9Y-hg4?t=172\" target=\"_blank\" rel=\"noopener noreferrer\">5-min\u00fctigen Clip<\/a> (hier nur die letzten zweieinhalb Minuten) wird einfach eine Krankheit erfunden, deren Ma\u00dfnahmen zur Eind\u00e4mmung das genaue Gegenteil von dem sind, was wegen Corona empfohlen wird! Durch die unreflektierte und pseudorevolution\u00e4re Haltung gegen staatliche und mediale Empfehlungen, halten sich so auch die hartn\u00e4ckigsten Corona-Leugner an Ma\u00dfnahmen, die andere Menschen sch\u00fctzen. Genial einfach, einfach genial! [Dirk]<\/p>\n<p>6, Die Bundesregierung arbeitet weiter am &#8222;gl\u00e4sernen B\u00fcrger&#8220; &#8211; und versucht dabei sogar, den Bundesdatenschutzbeauftragten auszutricksen. Klingt absurd? Wird aber genau so in einem <a href=\"https:\/\/www.heise.de\/tp\/features\/Oberster-Datenschuetzer-und-73-Mio-Buerger-ausgetrickst-4863346.html\" target=\"_blank\" rel=\"noopener noreferrer\">Artikel auf <em>Telepolis<\/em><\/a> beschrieben. Dem Bundesdatenschutzbeauftragten wurde n\u00e4mlich ein anderer Wortlaut vorgelegt als der, der nachher im Gesetzesentwurf zu finden war und der auff\u00e4llige \u00c4hnlichkeiten mit den Formulierungen der Krankenkassen hat. So wird dann auf einmal aus einer Freiwilligkeit bei der Einwilligung in eine umfassende Datenverwendung von 73. Millionen Versicherten dann eine Art Automatismus. Das ist aller Wahrscheinlichkeit nach mit europ\u00e4ischem Datenschutz nicht konform, aber das interessiert Bundesgesundheitsminister Jens Spahn anscheinen nicht so wirklich. [Karl]<\/p>\n<p>7. In einem <a href=\"https:\/\/www.sueddeutsche.de\/wirtschaft\/cum-ex-steuern-banken-kommentar-1.4988630\" target=\"_blank\" rel=\"noopener noreferrer\">Kommentar in der <em>S\u00fcddeutschen Zeitung<\/em><\/a> benennt Klaus Ott mit aller Deutlichkeit das kriminelle Verhalten von nicht eben kleinen Teilen der Finanzindustrie &#8211; und zeigt auch auf, was dagegen unternommen werden k\u00f6nnte. Und das ist auch zwingend notwendig, wenn man bedenkt, dass der einflussreiche Bundesverband Deutscher Banken direkt beim Finanzministerium lobbyiert hat, um Ma\u00dfnahmen gegen die Cum-Ex-Kriminalit\u00e4t jahrelang zu verz\u00f6gern. Was jeder B\u00fcrger m. E. schon mal gegen diese Ausw\u00fcchse von tun kann: nicht CDU (und nat\u00fcrlich FDP und AfD) w\u00e4hlen. [Karl]<\/p>\n","protected":false},"excerpt":{"rendered":"<p>An dieser Stelle pr\u00e4sentieren wir regelm\u00e4\u00dfig Links, die wir unter der Woche entdeckt haben, zu denen wir selbst nicht mehr viel schreiben m\u00fcssen und die wir teilenswert finden. Viel Spa\u00df beim Lesen und Anschauen!<\/p>\n","protected":false},"author":5,"featured_media":0,"comment_status":"open","ping_status":"open","sticky":false,"template":"","format":"standard","meta":{"footnotes":""},"categories":[193],"tags":[],"class_list":["post-21025","post","type-post","status-publish","format-standard","hentry","category-woechentliches"],"_links":{"self":[{"href":"https:\/\/www.unterstroemt.de\/index.php?rest_route=\/wp\/v2\/posts\/21025","targetHints":{"allow":["GET"]}}],"collection":[{"href":"https:\/\/www.unterstroemt.de\/index.php?rest_route=\/wp\/v2\/posts"}],"about":[{"href":"https:\/\/www.unterstroemt.de\/index.php?rest_route=\/wp\/v2\/types\/post"}],"author":[{"embeddable":true,"href":"https:\/\/www.unterstroemt.de\/index.php?rest_route=\/wp\/v2\/users\/5"}],"replies":[{"embeddable":true,"href":"https:\/\/www.unterstroemt.de\/index.php?rest_route=%2Fwp%2Fv2%2Fcomments&post=21025"}],"version-history":[{"count":11,"href":"https:\/\/www.unterstroemt.de\/index.php?rest_route=\/wp\/v2\/posts\/21025\/revisions"}],"predecessor-version":[{"id":21068,"href":"https:\/\/www.unterstroemt.de\/index.php?rest_route=\/wp\/v2\/posts\/21025\/revisions\/21068"}],"wp:attachment":[{"href":"https:\/\/www.unterstroemt.de\/index.php?rest_route=%2Fwp%2Fv2%2Fmedia&parent=21025"}],"wp:term":[{"taxonomy":"category","embeddable":true,"href":"https:\/\/www.unterstroemt.de\/index.php?rest_route=%2Fwp%2Fv2%2Fcategories&post=21025"},{"taxonomy":"post_tag","embeddable":true,"href":"https:\/\/www.unterstroemt.de\/index.php?rest_route=%2Fwp%2Fv2%2Ftags&post=21025"}],"curies":[{"name":"wp","href":"https:\/\/api.w.org\/{rel}","templated":true}]}}