{"id":21186,"date":"2020-09-06T12:57:33","date_gmt":"2020-09-06T10:57:33","guid":{"rendered":"https:\/\/www.unterstroemt.de\/?p=21186"},"modified":"2020-09-06T12:57:33","modified_gmt":"2020-09-06T10:57:33","slug":"interessantes-aus-kw-36-2020","status":"publish","type":"post","link":"https:\/\/www.unterstroemt.de\/?p=21186","title":{"rendered":"Interessantes aus KW 36\/2020"},"content":{"rendered":"<p>An dieser Stelle pr\u00e4sentieren wir regelm\u00e4\u00dfig Links, die wir unter der Woche entdeckt haben, zu denen wir selbst nicht mehr viel schreiben m\u00fcssen und die wir teilenswert finden. Viel Spa\u00df beim Lesen und Anschauen!<\/p>\n<p>1. Bereits in der letzten Woche berichtete <em>plusminus<\/em> (ARD) in einem <a href=\"https:\/\/www.daserste.de\/information\/wirtschaft-boerse\/plusminus\/videos\/sendung-vom-26-08-2020-saatgut_-video-100.html\" target=\"_blank\" rel=\"noopener noreferrer\">7-min\u00fctigen Beitrag<\/a> \u00fcber die v\u00f6llig absurden Patente auf Saatgut. Das Thema war auch hier schon gegenw\u00e4rtig und sollte eigentlich schon l\u00e4ngst vom Tisch sein, denn Patente auf das Leben sind absurd. Sollen die Firmen ihre Hybride verkaufen, wenn sich (schlecht kalkulierende oder einfach zu beeinflussende) Agronomen davon abh\u00e4ngig machen wollen, aber dass Hobbyg\u00e4rtner ihr Gem\u00fcse nicht als Lebensmittel verkaufen d\u00fcrfen, ist einfach nur mal wieder eine Ohrfeige von der unsichtbaren Hand des Marktes. [Dirk]<\/p>\n<p>2. Einen f\u00fcr mich eher positiven Beitrag vom <em>WELTSPIEGEL<\/em> (ARD) wollte ich hier auch gern unterbringen, denn die Entschleunigung und Achtung vor der Natur lassen mich l\u00e4cheln. In Schottland suchen Menschen wieder mehr nach Gold, indem sie B\u00e4che sanft mir der Schaufel und Sieben durchstreifen. Ein <a href=\"https:\/\/www.daserste.de\/information\/politik-weltgeschehen\/weltspiegel\/videos\/schottland-video-100.html\" target=\"_blank\" rel=\"noopener noreferrer\">5-min\u00fctiger Beitrag<\/a> zeigt einen Goldsch\u00fcrfer, der wegen Corona beurlaubt ist und so den Kopf frei bekommt. Ich fand es sch\u00f6n und teilsenswert! [Dirk]<\/p>\n<p>3. Auch diesen Sonntag hat <em>ttt<\/em> (ARD) wieder viele interessante Beitr\u00e4ge zu bieten! Das Fotoprojekt von Andy Spyra wird in einem <a href=\"https:\/\/www.daserste.de\/information\/wissen-kultur\/ttt\/videos\/ttt-30082020-andy-spyra-video-100.html\" target=\"_blank\" rel=\"noopener noreferrer\">5-min\u00fctigen Beitrag<\/a> portr\u00e4tiert und bietet Einblicke in das raue und brutale Leben in den \u00e4rmsten L\u00e4ndern dieser Erde und wie schon heute dort der Kampf um nat\u00fcrliche Ressourcen tobt, der uns auch direkt noch erwartet. Sch\u00f6ne Bilder, doch der Beitrag geht so viel tiefer als diese ungesch\u00f6nten und eindrucksvollen Fotos. Und am Ende der Sendung ein wie immer treffsicherer Kommentar aus der Rubrik <a href=\"https:\/\/www.daserste.de\/information\/wissen-kultur\/ttt\/videos\/schluss-moor-ttt-titel-thesen-temperamente-video-106.html\" target=\"_blank\" rel=\"noopener noreferrer\"><em>Schluss mit Moor!<\/em><\/a> [Dirk]<\/p>\n<p>4. Einen kurzen Beitrag zum Thema Narzissmus gab es gerade in einem <a href=\"https:\/\/www.3sat.de\/wissen\/nano\/200831-narzissten-und-egoisten-darum-denken-sie-anders-100.html\" target=\"_blank\" rel=\"noopener noreferrer\">6-min\u00fctigen Bericht<\/a> bei <em>nano<\/em> (3sat) zu sehen. Dabei wird auch klar, wieso die Teilnehmer*innen an Corona-Demos teilweise so aggressiv reagieren, wenn man sie mit vermeintlichen Fakten konfrontiert: Gerade hat man sich ein Selbstbild geschaffen, dass auf andere als Schutzschild gegen die eigene Angst und Unsicherheit wirken soll, da kommt jemand und versucht mir diesen Halt wieder zu nehmen. Ich tue mich schwer damit, die \u00c4ngste dieser Menschen nicht ernst zu nehmen, kenne aber au\u00dfer dem pers\u00f6nlichen Diskurs auch kein gutes Mittel, um diese Menschen zu erreichen. Leider. [Dirk]<\/p>\n<p>5. Die aktuell \u00fcberarbeitete Stra\u00dfenverkehrsordnung (StVO) sieht zuk\u00fcnftig vor, dass Rasen und Falschparken h\u00f6here Strafen nach sich zieht. Das ist auch gut so, denn es ist zumindest ein kleiner erster Schritt zur Verkehrswende. Allerdings kommt nun Bundesverkehrsminister Andreas Scheuer (CSU) um die Ecke und will die ganze StVO-Reform wegen eines Formfehlers platzen lassen, wie aus einem <a href=\"https:\/\/www.duh.de\/presse\/pressemitteilungen\/pressemitteilung\/opferschutz-statt-raserschutz-schaerfere-regeln-der-strassenverkehrsordnung-muessen-bleiben\/\" target=\"_blank\" rel=\"noopener noreferrer\">Pressemitteilung der <em>Deutschen Umwelthilfe<\/em><\/a> (DUH) hervorgeht. Zahlreichen NGOs protestieren bereits dagegen, dass Scheuer mal wieder den hemmungslosen Dienstleister der Automobilindustrie gibt &#8211; was den korrumpierten Vogel vermutlich mal wieder nicht die Bohne interessieren wird. [Karl]<\/p>\n<p>6. Der Mathematiker und Biometriker Gerd Antes schildert in einem <a href=\"https:\/\/taz.de\/Debatte-um-Corona-Massnahmen\/!5707742\/\" target=\"_blank\" rel=\"noopener noreferrer\">Essay in der <em>taz<\/em><\/a> das derzeitige Chaos, was in Wissenschaft und Politik bez\u00fcglich der geeigneten Ma\u00dfnahmen gegen das Coronavirus herrscht: Wissenschaftlicher Standards werden \u00fcber Bord geschmissen, es gibt kein wirklich koordiniertes Vorgehen, und oft hat man den Eindruck, dass es vor allem darum geht, einen Standpunkt talkshowtauglich r\u00fcberzubringen, anstatt wirklich fundierte Aussagen zu treffen. Das Resultat: Im Grunde wei\u00df niemand, warum in einem Land viele Menschen an Covid-19 gestorben sind und in einem anderen (bei \u00e4hnlichen Ma\u00dfnahmen) eher weniger. Es w\u00e4re also an der Zeit, so Antes, endlich mal zur Wissenschaftlichkeit zur\u00fcckzukehren. [Karl]<\/p>\n<p>7. Und gleich noch was zum Thema Corona und Chaos: In einem <a href=\"https:\/\/www.tagesspiegel.de\/politik\/chaos-beim-mundschutz-hunderttausende-von-jens-spahn-bestellte-masken-verstauben-im-lager\/25910100.html\" target=\"_blank\" rel=\"noopener noreferrer\">Artikel im <em>Tagesspiegel<\/em><\/a>\u00a0(schon vom Juni) wird geschildert, was f\u00fcr ein vollkommenes Durcheinander gerade mit Schutzmasken herrscht, die vom Bundesgesundheitsministerium geordert wurden via Open-House-Verfahren und nun irgendwo rumliegen &#8211; was f\u00fcr die Lieferanten ein ernsthaftes Problem ist. Aber Hauptsache, die Spie\u00dfgesellen von der Unternehmensberatung Ernest &amp; Young haben sich damit ordentlich Kohle reinschaufeln k\u00f6nnen. Unglaublich &#8230; [Karl]<\/p>\n<p>8. In einem <a href=\"https:\/\/www.deutschlandfunk.de\/wirecard-skandal-de-masi-fordert-untersuchungsausschuss.694.de.html?dram%3Aarticle_id=483373\" target=\"_blank\" rel=\"noopener noreferrer\">Interview mit dem <em>Deutschlandfunk<\/em><\/a> stellt Fabio de Masi (Linke) nachvollziehbar dar, warum ein Untersuchungsausschuss zum Wirecard-Skandal eine sinnvolle Sache sei. Auf diese Weise kann n\u00e4mlich bessere Akteneinsicht erlangt werden, um die Mauscheleien und das Versagen, die es diesbez\u00fcglich vonseiten des Finanzministeriums, des Bundeskanzleramts und der BaFin gab, aufdecken und belegen zu k\u00f6nnen. Alle drei Akteure proklamieren n\u00e4mlich f\u00fcr sich, irgendwie nicht zust\u00e4ndig gewesen zu sein, und waschen ihre H\u00e4nde in Unschuld. Da darf man also gespannt sein, was da noch so alles ans Licht kommt. [Karl]<\/p>\n<p>8. a. Und gleich noch was zum Thema Wirecard, was man sich sich so echt nicht ausdenken kann: Laut einer <a href=\"https:\/\/www.rnd.de\/wirtschaft\/wirecard-bafin-mitarbeiter-zockten-mit-aktien-ILT34VZ2HZCNPM4NCQJ737H7IM.html\" target=\"_blank\" rel=\"noopener noreferrer\">Meldung vom <em>Redaktionsnetzwerk Deutschland<\/em><\/a> haben Mitarbeiter der obersten deutschen Finanzaufsichtsbeh\u00f6rde Bafin mit gro\u00dfer Vorliebe ausgerechnet mit Aktien des Skandalunternehmens Wirecard spekuliert. Aber Hauptsache, die Journalisten, die schon lange auf die Unregelm\u00e4\u00dfigkeiten in den Wirecard-Bilanzen hingewiesen haben, wurden drangsaliert und verklagt. Das ist so grotesk, das toppt echt jede Verschw\u00f6rungstheorie! [Karl]<\/p>\n<p>9. Winfried Wolf beschreibt in einem <a href=\"https:\/\/www.nachdenkseiten.de\/?p=64260&amp;fbclid=IwAR3HJoMokSol9en7qEXxvIkDPlfq14xwvMx441oYvoouD3oTblD_8sn3jQ0\" target=\"_blank\" rel=\"noopener noreferrer\">Artikel auf den <em>NachDenkSeiten<\/em><\/a> ausf\u00fchrlich den derzeitigen Zustand der Deutschen Bahn &#8211; und dieser muss als katastrophal bezeichnet werden. So ist der Schuldenstand aktuell h\u00f6her, als er jemals bei der alten Bundesbahn gewesen ist, was damals als unhaltbarer Zustand galt, dem durch die Gr\u00fcndung der Deutsche Bahn AG entgegengewirkt werden sollte. Hat nur leider \u00fcberhaupt nicht hingehauen. Ob das nun absichtlich geschah (immerhin st\u00e4rkt eine marode Bahn die von der Politik hei\u00df geliebte Autoindustrie) oder aufgrund von Managementversagen geschah, kann man nur spekulieren. In jedem Fall wird klar, dass diese Art der Privatisierung keine gute Idee war. [Karl]<\/p>\n<p>10. Sch\u00f6ne Sache &#8211; nur eben nicht f\u00fcr Julia Kl\u00f6ckner (CDU). Wie ein <a href=\"https:\/\/www.aktion-agrar.de\/aktionen\/agrargipfel-koblenz\/\" target=\"_blank\" rel=\"noopener noreferrer\">Artikel von <em>aktion agrar<\/em><\/a> berichtet, wollte sich die Bundeslandwirtschaftsministerin bei einem informellen Treffen der EU-Agrarminister sch\u00f6n in ihrer Heimat pr\u00e4sentieren, doch zahlreiche kreative Proteste haben ihr die Gem\u00fctlichkeit reichlich verhagelt. Sch\u00f6n vor allem, dass dabei dann Landwirte, Aktivisten und B\u00fcrger vielfach ins Gespr\u00e4ch gekommen sind und sich konstruktiv ausgetauscht haben. Was populistische Politik nicht auf die Reihe bekommt, hat hier also die Zivilgesellschaft geleistet. Bitte mehr davon! [Karl]<\/p>\n<p>11. Dass Anja Karliczek, Bundesministerin f\u00fcr Bildung und Forschung, fachlich von ihrem Ressort keine Ahnung hat, ist ja nicht Neues. Nun berichtet ein <a href=\"https:\/\/www.spiegel.de\/wirtschaft\/unternehmen\/anja-karliczek-batteriefabrik-in-der-heimat-rechnungspruefer-rueffeln-bildungsministerin-a-bd197050-9245-4a99-ad8b-01092be4cccf\" target=\"_blank\" rel=\"noopener noreferrer\">Artikel auf Spiegel Online<\/a>, dass Karliczek daf\u00fcr eine andere Kernkompetenz der CDU bestens beherrscht: die Korrumpiertheit. So hagelt es n\u00e4mlich gerade scharfe Kritik vom Bundesrechnungshof bez\u00fcglich der vom Bund gef\u00f6rderten Ansiedlung einer Batterienfabrik in M\u00fcnster &#8211; und damit &#8222;zuf\u00e4llig&#8220; ganz in der N\u00e4he von Karliczeks eigenem Wahlkreis. Bei dem Verfahren lief allerhand schief, man redet sich nun auf &#8222;Fehler&#8220; hinaus. Immer das Gleiche mit der durch und durch korrupten CDU &#8211; und die R\u00fccktrittsforderungen vonseiten der Linken werden vermutlich auch keine Auswirkungen haben. [Karl]<\/p>\n<p>12. In ihrer <a href=\"https:\/\/www.spiegel.de\/kultur\/plaene-fuer-graben-vor-reichstag-acht-alternativen-zum-antifaschistischen-burggraben-kolumne-von-samira-el-ouassil-a-35944d3d-584b-4588-aaf1-0637d0733343\" target=\"_blank\" rel=\"noopener noreferrer\">Kolumne auf <em>Spiegel Online<\/em><\/a> stellt Samira El Ouassil sieben Alternativen vor zum geplanten Sicherheitsgraben vor dem Berliner Reichstag, der zurzeit nach der Corona-Demo vom letzten Wochenende ernsthaft im Bundestag diskutiert wird. Diese Ma\u00dfnahmen sind zwar wohl nicht ganz ernst gemeint, in jedem Fall aber weniger grotesk, als die Abriegelungsbestrebungen, die sich in so einem Graben (und das ausgerechnet in Berlin &#8211; da war doch mal so was in der Richtung &#8230;) manifestieren. [Karl]<\/p>\n<p>13. Interessant! Eine <a href=\"https:\/\/science.orf.at\/stories\/3201513\/\" target=\"_blank\" rel=\"noopener noreferrer\">Meldung von <em>science<\/em><\/a> (ORF) berichtet von einer spanischen Studie, die einen Zusammenhang zwischen industriell hergestellter Fertignahrung und einem beschleunigten Alterungsprozess herausgefunden hat. Zwar seien da noch weitere wissenschaftliche Untersuchungen notwendig, allerdings zeigt das jetzt schon, dass es in jedem Fall nicht schaden kann, sich m\u00f6glichst mit frischen Zutaten sein Essen selbst zuzubereiten, anstatt sich Fertigmampf mit viel Zucker, Salz, Fett und Zusatzstoffen reinzupfeifen. [Karl]<\/p>\n<p>14. Wie man richtig Politik im Interesse der Gesellschaft macht, das zeigt uns ein <a href=\"https:\/\/www.daserste.de\/information\/wirtschaft-boerse\/plusminus\/videos\/trinkwasser-nitratbelastung-duenger-video-100.html\" target=\"_blank\" rel=\"noopener noreferrer\">7-min\u00fctiger Bericht<\/a> bei <em>plusminus<\/em> (ARD): zu viel Nitrat im Grundwasser (was eben zu einem Gro\u00dfteil auch unser Trinkwasser wird)? Kein Problem: Wir heben auf dem Papier einfach den N\u00e4hrstoffbedarf der Nutzpflanzen an, und schon gibt es nicht mehr so viel \u00fcbersch\u00fcssiges Nitrat! Messwerte hin oder her, hier wird einfach sch\u00f6ngerechnet, was nat\u00fcrlich am Nitratgehalt im Grundwasser nichts \u00e4ndert. Auch in Deutschland ist \u201eone man, one vote\u201c nur eine Floskel, wenn man eine Lobby hat. [Dirk]<\/p>\n","protected":false},"excerpt":{"rendered":"<p>An dieser Stelle pr\u00e4sentieren wir regelm\u00e4\u00dfig Links, die wir unter der Woche entdeckt haben, zu denen wir selbst nicht mehr viel schreiben m\u00fcssen und die wir teilenswert finden. Viel Spa\u00df beim Lesen und Anschauen!<\/p>\n","protected":false},"author":5,"featured_media":0,"comment_status":"open","ping_status":"open","sticky":false,"template":"","format":"standard","meta":{"footnotes":""},"categories":[193],"tags":[],"class_list":["post-21186","post","type-post","status-publish","format-standard","hentry","category-woechentliches"],"_links":{"self":[{"href":"https:\/\/www.unterstroemt.de\/index.php?rest_route=\/wp\/v2\/posts\/21186","targetHints":{"allow":["GET"]}}],"collection":[{"href":"https:\/\/www.unterstroemt.de\/index.php?rest_route=\/wp\/v2\/posts"}],"about":[{"href":"https:\/\/www.unterstroemt.de\/index.php?rest_route=\/wp\/v2\/types\/post"}],"author":[{"embeddable":true,"href":"https:\/\/www.unterstroemt.de\/index.php?rest_route=\/wp\/v2\/users\/5"}],"replies":[{"embeddable":true,"href":"https:\/\/www.unterstroemt.de\/index.php?rest_route=%2Fwp%2Fv2%2Fcomments&post=21186"}],"version-history":[{"count":20,"href":"https:\/\/www.unterstroemt.de\/index.php?rest_route=\/wp\/v2\/posts\/21186\/revisions"}],"predecessor-version":[{"id":21270,"href":"https:\/\/www.unterstroemt.de\/index.php?rest_route=\/wp\/v2\/posts\/21186\/revisions\/21270"}],"wp:attachment":[{"href":"https:\/\/www.unterstroemt.de\/index.php?rest_route=%2Fwp%2Fv2%2Fmedia&parent=21186"}],"wp:term":[{"taxonomy":"category","embeddable":true,"href":"https:\/\/www.unterstroemt.de\/index.php?rest_route=%2Fwp%2Fv2%2Fcategories&post=21186"},{"taxonomy":"post_tag","embeddable":true,"href":"https:\/\/www.unterstroemt.de\/index.php?rest_route=%2Fwp%2Fv2%2Ftags&post=21186"}],"curies":[{"name":"wp","href":"https:\/\/api.w.org\/{rel}","templated":true}]}}