{"id":21332,"date":"2020-09-23T09:54:56","date_gmt":"2020-09-23T07:54:56","guid":{"rendered":"https:\/\/www.unterstroemt.de\/?p=21332"},"modified":"2020-09-26T12:04:01","modified_gmt":"2020-09-26T10:04:01","slug":"das-falsche-signal","status":"publish","type":"post","link":"https:\/\/www.unterstroemt.de\/?p=21332","title":{"rendered":"Das falsche Signal?"},"content":{"rendered":"<p><strong>Gerade wieder im <em>Morgenmagazin<\/em> nach dem Brand im Fl\u00fcchtlingslager Moria eine Stimme aus der CDU: \u201eWenn wir zu viele Fl\u00fcchtlinge aufnehmen, dann ist es das falsche Signal.\u201c Es gibt einen geringen Teil an Fl\u00fcchtlingen, die sich ohne lebensbedrohliche Situation \u201enur\u201c mit der Aussicht auf ein besseres Leben auf den Weg machen (was mir auch schon einleuchtet). In den meisten F\u00e4llen \u201efl\u00fcchten\u201c diese Menschen jedoch vor Krieg, Verfolgung, Folter und vor dem Hungertod der ganzen Familie. Das in Abrede zu stellen steht den Klimawandel zu leugnen in fast nichts nach! Wer wirklich glaubt, dass ganze Familie unter Einsatz ihres Lebens W\u00fcsten zu Fu\u00df oder auf Ladefl\u00e4chen von Lkw durchqueren und Meere in Schlauchbooten \u00fcberqueren (oder dort in Massen sterben), um hier dann eine Sozialwohnung im Plattenbau und Dauerberieselung von RTL2 zu haben, der glaubt wahrscheinlich auch an die Zahnfee.<\/strong><\/p>\n<p>Die einzige M\u00f6glichkeit Dinge langfristig zu kl\u00e4ren, ist, langfristig zu denken und zu planen. Das ist in der Politik leider oft nicht gegeben, da meist nur noch reagiert wird anstatt zu gestalten, da wird nur noch an die n\u00e4chste Wahl gedacht und entsprechende Symbolpolitik betrieben. Es g\u00e4be so viele M\u00f6glichkeiten, schnell und gezielt Ma\u00dfnahmen zu ergreifen, um die Fluchtursachen langfristig zu verringern. Als Erstes sollte die NATO aufh\u00f6ren, Angriffskriege zu f\u00fchren, komplett und ohne Ausnahme (auch ein Austritt aus der NATO w\u00e4re da eine zu erw\u00e4gende Option f\u00fcr Deutschland). Dann k\u00f6nnten wir aufh\u00f6ren, Lebensmittel zu subventionieren, was nicht nur ausl\u00e4ndische M\u00e4rkte durch den Export zerst\u00f6rt (und damit die wirtschaftliche Lebensgrundlage der Menschen), sondern auch unserer eigenen Umwelt nicht zutr\u00e4glich ist, wenn die wirklichen Kosten f\u00fcr Lebensmittel verschleiert werden (z. B. Fleisch ist ein Klimakiller und sollte deshalb auch das an der Kasse kosten, was es an Kosten verursacht). Und wenn wir dann noch aufh\u00f6ren, den Ausbau von erneuerbaren Energien zu boykottieren (sowohl politisch als auch gesellschaftlich!), tun wir auch nachhaltig etwas, denn das Klima macht nicht an Landesgrenzen halt. Das w\u00e4re das richtige Signal, was die humanit\u00e4re Hilfe jedoch keinen Deut weniger zu einem richtigen Signal macht!<\/p>\n","protected":false},"excerpt":{"rendered":"<p>Gerade wieder im Morgenmagazin nach dem Brand im Fl\u00fcchtlingslager Moria eine Stimme aus der CDU: \u201eWenn wir zu viele Fl\u00fcchtlinge aufnehmen, dann ist es das falsche Signal.\u201c Es gibt einen geringen Teil an Fl\u00fcchtlingen, die sich ohne lebensbedrohliche Situation \u201enur\u201c mit der Aussicht auf ein besseres Leben auf den Weg machen (was mir auch schon einleuchtet). In den meisten F\u00e4llen \u201efl\u00fcchten\u201c diese Menschen jedoch vor Krieg, Verfolgung, Folter und vor dem Hungertod der ganzen Familie. Das in Abrede zu stellen steht den Klimawandel zu leugnen in fast nichts nach! Wer wirklich glaubt, dass ganze Familie unter Einsatz ihres Lebens W\u00fcsten zu Fu\u00df oder auf Ladefl\u00e4chen von Lkw durchqueren und Meere in Schlauchbooten \u00fcberqueren (oder dort in Massen sterben), um hier dann eine Sozialwohnung im Plattenbau und Dauerberieselung von RTL2 zu haben, der glaubt wahrscheinlich auch an die Zahnfee.<\/p>\n","protected":false},"author":1,"featured_media":0,"comment_status":"open","ping_status":"open","sticky":false,"template":"","format":"standard","meta":{"footnotes":""},"categories":[56],"tags":[513],"class_list":["post-21332","post","type-post","status-publish","format-standard","hentry","category-kurz-knapp","tag-fluchtursachen"],"_links":{"self":[{"href":"https:\/\/www.unterstroemt.de\/index.php?rest_route=\/wp\/v2\/posts\/21332","targetHints":{"allow":["GET"]}}],"collection":[{"href":"https:\/\/www.unterstroemt.de\/index.php?rest_route=\/wp\/v2\/posts"}],"about":[{"href":"https:\/\/www.unterstroemt.de\/index.php?rest_route=\/wp\/v2\/types\/post"}],"author":[{"embeddable":true,"href":"https:\/\/www.unterstroemt.de\/index.php?rest_route=\/wp\/v2\/users\/1"}],"replies":[{"embeddable":true,"href":"https:\/\/www.unterstroemt.de\/index.php?rest_route=%2Fwp%2Fv2%2Fcomments&post=21332"}],"version-history":[{"count":7,"href":"https:\/\/www.unterstroemt.de\/index.php?rest_route=\/wp\/v2\/posts\/21332\/revisions"}],"predecessor-version":[{"id":21373,"href":"https:\/\/www.unterstroemt.de\/index.php?rest_route=\/wp\/v2\/posts\/21332\/revisions\/21373"}],"wp:attachment":[{"href":"https:\/\/www.unterstroemt.de\/index.php?rest_route=%2Fwp%2Fv2%2Fmedia&parent=21332"}],"wp:term":[{"taxonomy":"category","embeddable":true,"href":"https:\/\/www.unterstroemt.de\/index.php?rest_route=%2Fwp%2Fv2%2Fcategories&post=21332"},{"taxonomy":"post_tag","embeddable":true,"href":"https:\/\/www.unterstroemt.de\/index.php?rest_route=%2Fwp%2Fv2%2Ftags&post=21332"}],"curies":[{"name":"wp","href":"https:\/\/api.w.org\/{rel}","templated":true}]}}