{"id":2172,"date":"2014-12-21T16:37:02","date_gmt":"2014-12-21T14:37:02","guid":{"rendered":"https:\/\/www.unterstroemt.de\/?p=2172"},"modified":"2016-12-08T08:56:55","modified_gmt":"2016-12-08T07:56:55","slug":"interessantes-aus-kw-512014","status":"publish","type":"post","link":"https:\/\/www.unterstroemt.de\/?p=2172","title":{"rendered":"Interessantes aus KW 51\/2014"},"content":{"rendered":"<p>An dieser Stelle pr\u00e4sentieren wir regelm\u00e4\u00dfig Links, die wir unter der Woche entdeckt haben, zu denen wir selbst nicht mehr viel schreiben m\u00fcssen und die wir teilenswert finden. Viel Spa\u00df beim Lesen und Anschauen!<\/p>\n<p>1. Jakob Augstein gab der ZDF-Sendung <em>aspekte<\/em> ein interessantes <a href=\"https:\/\/www.youtube.com\/watch?v=h7P044tmyMc&amp;utm_content=buffer10745&amp;utm_medium=social&amp;utm_source=facebook.com&amp;utm_campaign=buffer\" target=\"_blank\">Interview<\/a>\u00a0(ca. 11 Minuten) zum Thema manipulative Berichterstattung im Ukraine-Konflikt.<\/p>\n<p>2. In seiner <a href=\"http:\/\/www.spiegel.de\/netzwelt\/web\/sascha-lobo-ueber-pegida-der-latenznazi-a-1008971.html\" target=\"_blank\">Kolumne auf <em>Spiegel Online<\/em><\/a>\u00a0macht sich Sascha Lobo einige interessante Gedenken zum Thema Pegida und stellt fest, dass es sich dabei nicht nur um Volltrottel handelt, sondern eben die dort pr\u00e4sentierten Ressentiments recht tief in unserer Gesellschaft verwurzelt sind. Passend dazu auch: <a href=\"http:\/\/www.nachdenkseiten.de\/?p=24336#more-24336\" target=\"_blank\">Ausl\u00e4nder-Hass und die Grenzen der Aufkl\u00e4rung<\/a>\u00a0von G\u00f6tz Eisenberg auf den <em>Nachdenkseiten<\/em>.<\/p>\n<p>3. Einen sch\u00f6nen Vorgeschmack auf das, was uns erwartet, wenn CETA und TTIP tats\u00e4chlich in Kraft treten sollten, schildert ein <a href=\"http:\/\/blog.campact.de\/2014\/12\/dreist-angeklagter-banker-erpresst-oesterreich-mit-investorenklage\/?utm_source=post-facebook&amp;utm_medium=social&amp;utm_term=Dreist%3A+Angeklagter+Banker+erpresst+\u00d6sterreich+mit+Investorenklage&amp;utm_content=-blog&amp;utm_campaign=%2Fttip-ebi\" target=\"_blank\">Artikel<\/a>\u00a0im <em>Campact-Blog<\/em>: Gegen eine Klage wegen Untreue, Betrug und Abgabenhinterziehung verklagt ein \u00d6sterreichischer B\u00e4nker nun dank eines etwas un\u00fcbersichtlichen, aber wohl durchaus \u00fcblichen Firmengeflechts den Staat \u00d6sterreich vor einem privaten Schiedsgericht, da diese Klage ja den Wert seiner Bank schm\u00e4lern w\u00fcrde. Absurd, wie hier versucht wird, sich der Rechtsprechung zu entziehen &#8211; und alarmierend, wenn man bedenkt, dass schon die Androhung solcher Klagen vor dem Hintergrund der sogenannten <em>Schuldenbremse\u00a0<\/em>vermutlich zum h\u00e4ufigen Einknicken des Staates vor privaten Investoreninteressen f\u00fchren d\u00fcrfte.<\/p>\n<p>4. In einem <a href=\"http:\/\/lowerclassmagazine.blogsport.eu\/2014\/12\/hitlergruss-und-vernichtungswille\/\" target=\"_blank\">Artikel<\/a> vom\u00a0<em>Lower Class Magazine<\/em> wird ein besonders krasser Fall von Ausl\u00e4nderfeindlichkeit in sozialen Medien dokumentiert und der Frage nachgegangen, was das denn blo\u00df f\u00fcr Leute seien, die hinter diesen in letzter Zeit immer h\u00e4ufiger auftretenden rassistischen und nationalistischen Ausf\u00e4llen stecken.<\/p>\n<p>5. Thomas Piketty hat das viel beachtete Buch\u00a0<em>Das Kapital des 21. Jahrhunderts<\/em> geschrieben. In den\u00a0<em>Bl\u00e4ttern f\u00fcr deutsche und internationale Politik<\/em>\u00a0findet sich seine <a href=\"https:\/\/www.blaetter.de\/archiv\/jahrgaenge\/2014\/dezember\/das-ende-des-kapitalismus-im-21.-jahrhundert\" target=\"_blank\">Rede zur Er\u00f6ffnung der ersten\u00a0<em>Democracy Lecture<\/em><\/a>, in der er die wichtigsten Thesen seines Werkes vorstellt. Hochinteressant!<\/p>\n<p>6. In einem <a href=\"http:\/\/www.zeit.de\/2014\/50\/rechtsextremismus-npd-ausstieg-ingmar-knop\" target=\"_blank\">Artikel<\/a>\u00a0der\u00a0<em>Zeit<\/em>\u00a0wird geschildert, wie Ingmar Knop, ranghohes DVU- und NPD-Mitglied, aus der rechten Szene aussteigt, was ihn dazu bewogen hat und welche Konsequenzen sich nun f\u00fcr sein Leben daraus ergeben. Eine spannende Sicht aus einer f\u00fcr die meisten wohl neuen Perspektive.<\/p>\n<p>7. Rober Misik beschreibt in einem <a href=\"https:\/\/www.freitag.de\/autoren\/der-freitag\/kinder-ihrer-zeit-was-den-topmanager-mit-dem-ex-kanzler-verbindet?utm_content=bufferc1388&amp;utm_medium=social&amp;utm_source=facebook.com&amp;utm_campaign=buffer\" target=\"_blank\">Artikel<\/a> in\u00a0<em>Der Freitag<\/em>, wieso Menschen wie Thomas Middelhoff und Gerhard Schr\u00f6der so sind, wie sie sind: gierig und nur aufs Geld versessen. Es ist der Zeitgeist, der solche Gestalten hervorbringt.<\/p>\n<p>8. Der <a href=\"http:\/\/www.stern.de\/digital\/apple-zulieferer-katastrophale-arbeitsbedingungen-in-chinesischem-werk-2161306.html?utm_source=facebook-fanpage&amp;utm_medium=link&amp;utm_campaign=201214-1100\" target=\"_blank\"><em>Stern<\/em> berichtet <\/a>\u00fcber Aufnahmen, die BBC-Journalsiten verdeckt in einem Werk in China, in dem Apple seine iPhones herstellen l\u00e4sst, get\u00e4tigt haben. Erschreckende Zust\u00e4nde, die mehr an moderne Sklaverei als an geregelte Arbeitsverh\u00e4ltnisse denken lassen. Ob das allerdings den deutschen Konsumenten noch interessiert, wenn die neuste Ausgabe seine Lifestyle-Spielzeuges erh\u00e4ltlich sein wird &#8230;?<\/p>\n","protected":false},"excerpt":{"rendered":"<p>An dieser Stelle pr\u00e4sentieren wir regelm\u00e4\u00dfig Links, die wir unter der Woche entdeckt haben, zu denen wir selbst nicht mehr viel schreiben m\u00fcssen und die wir teilenswert finden. Viel Spa\u00df beim Lesen und Anschauen!<\/p>\n","protected":false},"author":3,"featured_media":0,"comment_status":"open","ping_status":"closed","sticky":false,"template":"","format":"standard","meta":{"footnotes":""},"categories":[193],"tags":[],"class_list":["post-2172","post","type-post","status-publish","format-standard","hentry","category-woechentliches"],"_links":{"self":[{"href":"https:\/\/www.unterstroemt.de\/index.php?rest_route=\/wp\/v2\/posts\/2172","targetHints":{"allow":["GET"]}}],"collection":[{"href":"https:\/\/www.unterstroemt.de\/index.php?rest_route=\/wp\/v2\/posts"}],"about":[{"href":"https:\/\/www.unterstroemt.de\/index.php?rest_route=\/wp\/v2\/types\/post"}],"author":[{"embeddable":true,"href":"https:\/\/www.unterstroemt.de\/index.php?rest_route=\/wp\/v2\/users\/3"}],"replies":[{"embeddable":true,"href":"https:\/\/www.unterstroemt.de\/index.php?rest_route=%2Fwp%2Fv2%2Fcomments&post=2172"}],"version-history":[{"count":11,"href":"https:\/\/www.unterstroemt.de\/index.php?rest_route=\/wp\/v2\/posts\/2172\/revisions"}],"predecessor-version":[{"id":6771,"href":"https:\/\/www.unterstroemt.de\/index.php?rest_route=\/wp\/v2\/posts\/2172\/revisions\/6771"}],"wp:attachment":[{"href":"https:\/\/www.unterstroemt.de\/index.php?rest_route=%2Fwp%2Fv2%2Fmedia&parent=2172"}],"wp:term":[{"taxonomy":"category","embeddable":true,"href":"https:\/\/www.unterstroemt.de\/index.php?rest_route=%2Fwp%2Fv2%2Fcategories&post=2172"},{"taxonomy":"post_tag","embeddable":true,"href":"https:\/\/www.unterstroemt.de\/index.php?rest_route=%2Fwp%2Fv2%2Ftags&post=2172"}],"curies":[{"name":"wp","href":"https:\/\/api.w.org\/{rel}","templated":true}]}}