{"id":21948,"date":"2020-12-20T22:59:09","date_gmt":"2020-12-20T21:59:09","guid":{"rendered":"https:\/\/www.unterstroemt.de\/?p=21948"},"modified":"2020-12-20T22:59:09","modified_gmt":"2020-12-20T21:59:09","slug":"interessantes-aus-kw-51-2020","status":"publish","type":"post","link":"https:\/\/www.unterstroemt.de\/?p=21948","title":{"rendered":"Interessantes aus KW 51\/2020"},"content":{"rendered":"<p>An dieser Stelle pr\u00e4sentieren wir regelm\u00e4\u00dfig Links, die wir unter der Woche entdeckt haben, zu denen wir selbst nicht mehr viel schreiben m\u00fcssen und die wir teilenswert finden. Viel Spa\u00df beim Lesen und Anschauen!<\/p>\n<p>1. Anna Mayr bringt in einem <a href=\"https:\/\/www.zeit.de\/wirtschaft\/2020-12\/armut-corona-risikogruppe-hartz-iv-tafeln-rettungspaket-infektionsschutz\/seite-2\" target=\"_blank\" rel=\"noopener noreferrer\">Kommentar auf <em>Zeit Online<\/em><\/a> eine unangenehme Tatsache deutlich zur Sprache: Armut ist bei uns im Land erw\u00fcnscht. Das sieht man daran, dass gerade denen, die besonders unter der Corona-Pandemie zu leiden haben, n\u00e4mlich die \u00c4rmsten, zus\u00e4tzliche Unterst\u00fctzung in Form einer Aufstockung des Hartz-IV-Satzes um 100 Euro verweigert wird. Die Armen werden n\u00e4mlich als Drohkulisse f\u00fcr die Arbeitenden gebraucht, damit diese widerspruchslos weiter funktionieren, weil sie Angst vor Hartz IV haben. Die Pandemie offenbart die finsteren Seiten unserer Gesellschaft noch mal ein St\u00fcck weit deutlicher. [Karl]<\/p>\n<p>2. Mauschelei, Heimlichtuerei und Intransparenz &#8211; das sind die Kennzeichen vor allem der CDU beim Umgang mit Lobbyisten. Eigentlich ist es ja von \u00f6ffentlichem Interesse, wenn sich Regierungsmitglieder mit Wirtschaftsvertretern treffen, zumal wenn Letztere ehemalige Kollegen sind, die auf diese Weise ihre alten Kontakte nutzen. Allerdings, so ein <a href=\"https:\/\/www.abgeordnetenwatch.de\/blog\/lobbyismus\/ministerien-raeumen-fehlende-dokumente-zu-brisanten-lobbytreffen-ein\" target=\"_blank\" rel=\"noopener noreferrer\">Artikel von <em>abgerordentenwatch.de<\/em><\/a>, werden solche Treffen oft genug nicht protokolliert oder die Aufzeichnungen dazu nicht herausgegeben, selbst wenn eine offensichtliche Brisanz vorliegt. Ein unhaltbarer Zustand, wie ich finde. [Karl]<\/p>\n<p>3. In einem <a href=\"https:\/\/www.heise.de\/tp\/features\/Von-Panik-in-den-Lockdown-getrieben-4988219.html\" target=\"_blank\" rel=\"noopener noreferrer\">Artikel auf <em>Telepolis<\/em><\/a> findet Harald Neuber kritische Worte daf\u00fcr, dass die aktuellen Corona-Ma\u00dfnahmen nach wie vor nicht demokratisch legitimiert bestimmt werden, sondern die Parlamente weitgehend au\u00dfen vor bleiben. Damit ist die Gewaltenteilung quasi aufgehoben, da nur die Exekutive noch Entscheidungen trifft, was f\u00fcr eine Demokratie ein sehr bedenklicher Zustand ist. Dabei w\u00e4re ja nun wahrlich schon genug Zeit gewesen, hier manierliche Abstimmungsprozesse zu etablieren, da die Pandemie ja nun schon ein Dreivierteljahr bei uns grassiert. [Karl]<\/p>\n<p>4. Na super! Laut einer <a href=\"https:\/\/www.berliner-zeitung.de\/news\/awo-warnt-vor-ffp2-masken-der-bundesregierung-li.126361\" target=\"_blank\" rel=\"noopener noreferrer\">Meldung der <em>Berliner Zeitung<\/em><\/a> hat die Arbeiterwohlfahrt (AWO) im Bezirk Westliches Westfalen ihren 60 Pflegeheimen empfohlen, die von der Bundesregierung bereitgestellten FFPs-Masken lieber nicht zu benutzen. Diese seien n\u00e4mlich aller Voraussicht nach untauglich, und es stellt sich die Frage, ob die Dinger \u00fcberhaupt eine Dekra-Zulassung haben. Je langer das Kapitel &#8222;Pleiten, Pech und Pannen beim Krisenmanagement in der Corona-Pandemie&#8220; wird, desto unglaubw\u00fcrdiger wird es m. E. auch, dass das alles nur Fahrl\u00e4ssigkeit sein soll. Laut einem <a href=\"https:\/\/www.aerzteblatt.de\/nachrichten\/119379\/Bun%C2%ADdes%C2%ADge%C2%ADsund%C2%ADheits%C2%ADmi%C2%ADnis%C2%ADter%C2%ADium-weist-Vorwuerfe-wegen-fehlerhaften-Masken-zurueck\" target=\"_blank\" rel=\"noopener noreferrer\">Artikel im \u00c4rzteblatt<\/a> verwehrt sich das Bundesgesundheitsministerium gegen die Vorw\u00fcrfe und meint, dass die Masken gepr\u00fcft worden w\u00e4ren. Wenn diese aber schon beim Auspacken als untauglich auffallen, stellt sich die Frage, was das f\u00fcr ein Test war. So verspielt man weiteres Vertrauen! Und wenn man dann noch in einem <a href=\"https:\/\/www.tagesspiegel.de\/politik\/jetzt-droht-das-corona-fiasko-was-deutschland-im-corona-sommer-verschlafen-hat\/26718840.html\" target=\"_blank\" rel=\"noopener noreferrer\">Artikel im <em>Tagesspiegel<\/em><\/a> liest, wie vonseiten der Bundesgesundheitsministeriums im Sommer vers\u00e4umt wurde, die vorhandenen Masken auch entsprechend zu verteilen, beispielsweise an Pflegeheime, dann wird das Ganze noch mal eine Spur grotesker.\u00a0\u00a0[Karl]<\/p>\n<p>5. Und weiter geht es mit politischem Versagen im Zuge der Corona-Pandemie: Dass n\u00e4mlich zurzeit vor allem in (Berliner) Pflegeheimen extrem viele Menschen an Covid-19 erkranken und sterben, hat laut einem <a href=\"https:\/\/www.tagesspiegel.de\/berlin\/pflegeheime-wurden-hotspots-fuer-die-vielen-corona-toten-in-berlin-gibt-es-verantwortliche\/26724798.html\" target=\"_blank\" rel=\"noopener noreferrer\">Artikel im <em>Tagesspiegel<\/em><\/a> Ursachen und Verantwortliche. Die schon seit Jahren bei vor allem auf Rendite getrimmten Einrichtungen vorliegende M\u00e4ngelwirtschaft zeitigt n\u00e4mlich gerade jetzt entsetzliche Effekte. Die Heimleitungen lassen kranke Pfleger zum Dienst antreten, Schutzausr\u00fcstungen sind nicht gen\u00fcgend vorhanden (s. Hinweis 4.), Tests werden nur unzureichend durchgef\u00fchrt. Wie Profitstreben t\u00f6tet, kann man an den Pflegeheime gerade auf besonders erschreckende Art und Weise beobachten. [Karl]<\/p>\n<p>6. In einem <a href=\"https:\/\/www.nachdenkseiten.de\/?p=68082\" target=\"_blank\" rel=\"noopener noreferrer\">Interview mit den <em>NachDenkSeiten<\/em><\/a> spricht Christoph Butterwegge einen Aspekt der Corona-Krise an, der bisher leider weitgehend aus dem \u00f6ffentlichen Fokus herausgehalten wird: Die Pandemie und die damit verbundenen Ma\u00dfnahmen lassen die Ungleichheit, die durch das neoliberale System verursacht werden, noch st\u00e4rker hervortreten. W\u00e4hrend Reiche ihre Verm\u00f6gen vergr\u00f6\u00dfern und Konzerne Milliardenzahlungen erhalten, bleiben die \u00c4rmeren \u00fcberwiegend unber\u00fccksichtigt, obwohl sie aufgrund ihrer eh schon prek\u00e4ren Lebenslage zurzeit besonders zu leiden haben. [Karl]<\/p>\n<p>7. Und noch mal was zum Thema Corona: Ein <a href=\"https:\/\/www.br.de\/nachrichten\/bayern\/kinder-und-corona-einsamkeit-und-essstoerungen-nehmen-zu,SJRbDDp\" target=\"_blank\" rel=\"noopener noreferrer\">Artikel von <em>BR24<\/em><\/a> befasst sich mit den Auswirkungen der Lockdown-Ma\u00dfnahmen auf Kinder und Jugendliche, und die sind fatal: Essst\u00f6rungen und psychische Auff\u00e4lligkeiten sowie \u00c4ngste nehmen im gro\u00dfen Ma\u00dfe zu. Soziale Kontakte und strukturierte Tagesabl\u00e4ufe sind gerade f\u00fcr junge Menschen extrem wichtig, und beides f\u00e4llt ja nun gerade weitgehend flach, sodass entsprechende ungesunde Reaktionen die Folge sind. Es wird Zeit, dass endlich auch mal derartige (und weitere) &#8222;Kollateralsch\u00e4den&#8220; der Corona-Ma\u00dfnahmen diskutiert werden. [Karl]<\/p>\n<p>8. Laut einem <a href=\"https:\/\/www.tagesschau.de\/inland\/studie-internet-sucht-101.html\" target=\"_blank\" rel=\"noopener noreferrer\">Artikel auf <em>tagesschau.de<\/em><\/a> liefert die &#8222;Drogenaffinit\u00e4tsstudie 2019&#8220; der Bundeszentrale f\u00fcr gesundheitliche Aufkl\u00e4rung (BZgA) und der Drogenbeauftragten der Bundesregierung Besorgnis erregende (aber leider wenig \u00fcberraschende) Ergebnisse: Die problematische Internetnutzung von Kindern und Jugendlichen hat in den letzten Jahren noch mal deutlich zugenommen und betrifft bei den 12- bis 17-J\u00e4hrigen mittlerweile fast ein Drittel. Auch bei den jungen Erwachsenen (18 bis 25 Jahre) liegt der Wert bei gut 23 Prozent sehr hoch. Und es steht zu bef\u00fcrchten, dass es hierbei im Zuge der Corona-Ma\u00dfnahmen noch zu einer weitere Versch\u00e4rfung der Situation kommen wird. [Karl]<\/p>\n<p>9. Christy Hoffman, Generalsekret\u00e4rin von UNI Global Union, der internationalen Gewerkschaftsf\u00f6deration f\u00fcr den Dienstleistungssektor, fasst in einem <a href=\"https:\/\/www.ipg-journal.de\/regionen\/global\/artikel\/die-macht-von-amazon-4874\/\" target=\"_blank\" rel=\"noopener noreferrer\">Artikel f\u00fcr das <em>IPG-Journal<\/em><\/a> sehr gut zusammen, was an Amazon alles richtig \u00fcbel ist. Der Konzern beutet n\u00e4mlich nicht nur seine Angestellten aus, sondern auch andere Verk\u00e4ufer, macht die Konkurrenz hemmungslos platt, verursacht Unmengen an CO2-Emissionen und schert sich einen Dreck um den Datenschutz. Ich verstehe ja nicht, wie man immer noch bei einen solchen Ekelunternehmen kaufen kann, aber viele scheint das ja alles nicht zu k\u00fcmmern. [Karl]<\/p>\n<p>10. Ein <a href=\"https:\/\/www.heise.de\/tp\/features\/Aethiopien-Was-steckt-hinter-dem-Konflikt-in-Tigray-4989640.html\" target=\"_blank\" rel=\"noopener noreferrer\">Artikel von Shuwa Kifle<\/a> auf <em>Telepolis<\/em> beleuchtet die Hintergr\u00fcnde des aktuellen Konflikts in der \u00e4thiopischen Region Tigray. Dabei werden nicht nur die historischen Wurzeln geschildert, sondern auch die Interessen der Nachbarl\u00e4nder und der Global-Player USA und China. Sehr interessante Hintergrundinformationen, um diesen Konflikt ein bisschen besser einordnen zu k\u00f6nnen. [Karl]<\/p>\n<p>11. Ein <a href=\"https:\/\/www.fr.de\/wirtschaft\/aerzte-unterschlagen-systematisch-interessenkonflikte-pharma-industrie-90131293.html\" target=\"_blank\" rel=\"noopener noreferrer\">Artikel in der <em>Frankfurter Rundschau<\/em><\/a> berichtet \u00fcber eine ausf\u00fchrliche Recherche von <em>Buzzfeed News<\/em>, die anhand zahlreicher medizinischer Fachver\u00f6ffentlichungen untersucht haben, in welchem Ma\u00dfe \u00c4rzte dabei m\u00f6gliche Interessenkonflikte in From von Zahlungen der Pharmaindustrie angegeben. Und das ist oft genug leider nicht der Fall, sodass beispielsweise Produkte von Firmen, mit denen man finanziell verbunden ist, positiv bewertet werden. Konsequenzen haben die Verschweiger solcher Interessenkonflikte nicht zu bef\u00fcrchten, denn das Einzige, was Ihnen passieren kann, wenn sie erwischt werden, ist, dass sie die entsprechenden Angaben nachtragen m\u00fcssen. So untergr\u00e4bt man das Vertrauen in die Wissenschaft! [Karl]<\/p>\n<p>12. Im Fall Anis Amri, der als Alleinschuldiger f\u00fcr den Anschlag im Dezember 2016 auf dem Berliner Breitscheidplatz gilt, tauchen immer mehr Ungereimtheiten auf, wie Thomas Moser in einem <a href=\"https:\/\/www.heise.de\/tp\/features\/Anis-Amri-Ich-habe-mit-dieser-Sache-nichts-zu-tun-Helft-mir-4988291.html\" target=\"_blank\" rel=\"noopener noreferrer\">Artikel auf <em>Telepolis<\/em> schildert<\/a>. So soll Amris mittels einer WhatsApp-Nachricht gegen\u00fcber Freunden seine Unschuld beteuert haben &#8211; was irgendwie nicht so richtig zu einem Dschihadisten nach einem vollbrachten Anschlag passen w\u00fcrde. Auch sonst sind nach wie vor etliche Dinge unstimmig bei dem ganzen Vorfall, sodass sich die Frage stellt, ob die Sicherheitsbeh\u00f6rden hier nicht mal wieder die Bev\u00f6lkerung anl\u00fcgen. [Karl]<\/p>\n<p>13. Ein Polizist ist auf dem Weg zu einem Einsatz mit 130 km\/h durch Berlin gefahren und hat dabei einen Unfall verursacht, bei dem eine junge Autofahrerin ums Leben kam. Schlimm genug. Noch schlimmer ist hingegen, was in einem <a href=\"https:\/\/www.spiegel.de\/panorama\/justiz\/berlin-polizist-nach-toedlichem-unfall-verurteilt-der-einsatz-rechtfertigt-nicht-alles-a-661d885b-11e8-4f6e-9f93-e027b2af32bf\" target=\"_blank\" rel=\"noopener noreferrer\">Artikel auf <em>Spiegel Online<\/em><\/a> \u00fcber die Gerichtsverhandlung zu diesem Vorfall mitschwingt, n\u00e4mlich dass andere Polizisten versucht h\u00e4tten, durch schlampige Ermittlungen ihren Kollegen zu sch\u00fctzen, der unter Umst\u00e4nden sogar noch betrunken gewesen sein soll bei seiner Unfallfahrt. Mal wieder ein Beispiel f\u00fcr den uns\u00e4glichen Korpsgeist, der bei der Polizei herrscht. [Karl]<\/p>\n<p>14. Irgendwie pervers: Laut einem <a href=\"https:\/\/amerika21.de\/2020\/12\/246201\/us-boerse-startet-handel-wasserrechten\" target=\"_blank\" rel=\"noopener noreferrer\">Artikel auf <em>amerika21<\/em><\/a> werden an der US-B\u00f6rse nun seit Kurzem auch Wasserrechte gehandelt. Bef\u00fcrworter meinen, dass so das Wasser besser dorthin gelangen k\u00f6nnte, wo es auch gebraucht wird, Kritiker sehen es als absurd an, dass etwas an der B\u00f6rse gehandelt wird, dass f\u00fcr eine Mehrheit der UN-Staaten ein grunds\u00e4tzliches Menschenrecht ist. Ich finde letztere Position besser nachvollziehbar und f\u00fcrchte, dass diese Entwicklung eher zur Verknappung und Verteuerung von Wasser f\u00fcr viele Menschen f\u00fchren wird. [Karl]<\/p>\n<p>15. Was macht man, wenn man eine Studie in Auftrag gibt, diese aber nicht die gew\u00fcnschten Ergebnisse liefert? Genau, man versucht, das Ding unter Verschluss gehalten. So sch\u00e4big handelte zumindest Peter Altmaiers (CDU) Wirtschaftsministerium, wie ein <a href=\"https:\/\/www.spiegel.de\/wirtschaft\/soziales\/kohleausstieg-wirtschaftsministerium-hielt-brisante-studie-unter-verschluss-a-ad86aec0-5f29-4cf4-a005-0c9369ec5bcb\" target=\"_blank\" rel=\"noopener noreferrer\">Artikel auf <em>Spiegel Online<\/em><\/a> berichtet. Eine Studie ergab n\u00e4mlich, dass f\u00fcnf D\u00f6rfer, die f\u00fcr den Braunkohletagebau von RWE vernichtet werden sollen, bestehen bleiben k\u00f6nnten. Das h\u00e4tte allerdings einen gr\u00f6\u00dferen Rechtfertigungsdruck gegen\u00fcber der \u00d6ffentlichkeit f\u00fcr den Entschluss bedeutet, diese D\u00f6rfer zu zerst\u00f6ren. So wird also auf miese Weise getrickst, und das bei einem so wichtigen Thema wie dem Kohleausstieg &#8211; und dann wundert man sich dar\u00fcber, dass die Menschen der Politik immer weniger vertrauen. [Karl]<\/p>\n<p>16. Wer liefert, wird belohnt. So auch im Fall des Polizeieinsatzleiters beim G20-Gipfel in Hamburg Hartmut Dudde. W\u00e4hrend noch die Aufarbeitung der ausufernden Polizeigewalt l\u00e4uft, wird der daf\u00fcr verantwortliche Hardliner zum Chef der Schutzpolizei bef\u00f6rdert, wie aus einer <a href=\"https:\/\/www.mopo.de\/hamburg\/politik\/der-fall-dudde-empoerung-ueber-den-neuen--polizei-general--29797212\" target=\"_blank\" rel=\"noopener noreferrer\">Meldung der <em>Mopo<\/em><\/a> hervorgeht. Das d\u00fcrfte dann wohl die Belohnung daf\u00fcr sein, dass Dudde den Einsatz derart aus dem Ruder laufen und die Gewalt massiv eskalieren lie\u00df. Da sieht man, wie ernst Hamburgs Polizei und Innenbeh\u00f6rde Kritik nehmen &#8211; n\u00e4mlich gar nicht. [Karl]<\/p>\n<p>17. Kritische \u00d6ffentlichkeit ist unerw\u00fcnscht vonseiten der Politik. Zumindest von der Regierung und dort insbesondere von der CDU. Aus einem <a href=\"https:\/\/www.fr.de\/meinung\/zivilgesellschaftlich-gemeinnuetzigkeit-attac-campact-cdu-spd-linke-gruene-bundestag-90142242.html\" target=\"_blank\" rel=\"noopener noreferrer\">Kommentar von Stephan Hebel<\/a> in der <em>Frankfurter Rundschau<\/em> geht n\u00e4mlich leider genau das hervor. Im Jahressteuergesetz, das gerade verabschiedet wurde, wird n\u00e4mlich festgelegt, was als gemeinn\u00fctzig gilt. Der Einsatz f\u00fcr Menschenrechte und Frieden geh\u00f6rt nicht dazu, politische \u00c4u\u00dferungen gef\u00e4hrden zudem den Status der Gemeinn\u00fctzigkeit, der f\u00fcr spendenfinanzierte NGOs extrem wichtig ist. So macht man die politische Zivilgesellschaft mundtot &#8211; wie antidemokratisch muss man blo\u00df drauf sein, um so was zu beschlie\u00dfen? [Karl]<\/p>\n","protected":false},"excerpt":{"rendered":"<p>An dieser Stelle pr\u00e4sentieren wir regelm\u00e4\u00dfig Links, die wir unter der Woche entdeckt haben, zu denen wir selbst nicht mehr viel schreiben m\u00fcssen und die wir teilenswert finden. Viel Spa\u00df beim Lesen und Anschauen!<\/p>\n","protected":false},"author":5,"featured_media":0,"comment_status":"open","ping_status":"open","sticky":false,"template":"","format":"standard","meta":{"footnotes":""},"categories":[193],"tags":[],"class_list":["post-21948","post","type-post","status-publish","format-standard","hentry","category-woechentliches"],"_links":{"self":[{"href":"https:\/\/www.unterstroemt.de\/index.php?rest_route=\/wp\/v2\/posts\/21948","targetHints":{"allow":["GET"]}}],"collection":[{"href":"https:\/\/www.unterstroemt.de\/index.php?rest_route=\/wp\/v2\/posts"}],"about":[{"href":"https:\/\/www.unterstroemt.de\/index.php?rest_route=\/wp\/v2\/types\/post"}],"author":[{"embeddable":true,"href":"https:\/\/www.unterstroemt.de\/index.php?rest_route=\/wp\/v2\/users\/5"}],"replies":[{"embeddable":true,"href":"https:\/\/www.unterstroemt.de\/index.php?rest_route=%2Fwp%2Fv2%2Fcomments&post=21948"}],"version-history":[{"count":23,"href":"https:\/\/www.unterstroemt.de\/index.php?rest_route=\/wp\/v2\/posts\/21948\/revisions"}],"predecessor-version":[{"id":21989,"href":"https:\/\/www.unterstroemt.de\/index.php?rest_route=\/wp\/v2\/posts\/21948\/revisions\/21989"}],"wp:attachment":[{"href":"https:\/\/www.unterstroemt.de\/index.php?rest_route=%2Fwp%2Fv2%2Fmedia&parent=21948"}],"wp:term":[{"taxonomy":"category","embeddable":true,"href":"https:\/\/www.unterstroemt.de\/index.php?rest_route=%2Fwp%2Fv2%2Fcategories&post=21948"},{"taxonomy":"post_tag","embeddable":true,"href":"https:\/\/www.unterstroemt.de\/index.php?rest_route=%2Fwp%2Fv2%2Ftags&post=21948"}],"curies":[{"name":"wp","href":"https:\/\/api.w.org\/{rel}","templated":true}]}}