{"id":22347,"date":"2021-02-14T16:50:10","date_gmt":"2021-02-14T15:50:10","guid":{"rendered":"https:\/\/www.unterstroemt.de\/?p=22347"},"modified":"2021-02-14T16:50:10","modified_gmt":"2021-02-14T15:50:10","slug":"interessantes-aus-kw-6-2021","status":"publish","type":"post","link":"https:\/\/www.unterstroemt.de\/?p=22347","title":{"rendered":"Interessantes aus KW 6\/2021"},"content":{"rendered":"<p>An dieser Stelle pr\u00e4sentieren wir regelm\u00e4\u00dfig Links, die wir unter der Woche entdeckt haben, zu denen wir selbst nicht mehr viel schreiben m\u00fcssen und die wir teilenswert finden. Viel Spa\u00df beim Lesen und Anschauen!<\/p>\n<p>1. Warum sind uns Menschenleben derma\u00dfen gleichg\u00fcltig, wenn wir nicht Bilder von toten Kleinkindern am Strand sehen? Das Handeln der griechischen K\u00fcstenwache und auch der europ\u00e4ischen Frontex auf dem Mittelmeer ist sch\u00e4big: Es wird internationales See- und Asylrecht gebrochen oder absichtlich weggeschaut, Menschen ertrinken elendig. Es gibt bereits so viele Berichte, und trotzdem m\u00f6chte ich auch diesen <a href=\"https:\/\/www.zdf.de\/politik\/frontal-21\/frontex-illegale-pushbacks-an-europas-grenzen-100.html\" target=\"_blank\" rel=\"noopener\">8-min\u00fctigen Beitrag<\/a> von <em>Frontal21<\/em> (ZDF) empfehlen. Ich sch\u00e4me mich f\u00fcr dieses von meinen Steuergeldern finanzierte System! Und wenn ich mir dann vorstelle, was mit den Fl\u00fcchtlingen in Syrien an Folter und Missbrauch geschieht, dann wird mir wirklich \u00fcbel und elend. Wie verkommen muss man sein, um solche Systeme auch noch finanziell zu unterst\u00fctzen, anstatt die jahrelange Ausbeutung der afrikanischen Staaten zu beenden, Kriegshandlungen und Waffenverk\u00e4ufe einzustellen und somit die Fluchtursachen zu bek\u00e4mpfen? [Dirk]<\/p>\n<p>2. Eine von der \u00f6sterreichischen Regierung in Auftrag gegebene Studie hat nun das ermittelt, was eigentlich ohnehin schon klar war: Atomkraft ist nicht geeignet f\u00fcr einen nachhaltigen Umbau der Energieversorgung und zur Einhaltung der Klimaschutzziele. Dar\u00fcber berichtet ein <a href=\"https:\/\/www.heise.de\/news\/Studie-Atomkraft-ist-nicht-nachhaltig-und-hilft-nicht-im-Klimawandel-5046080.html\" target=\"_blank\" rel=\"noopener\">Artikel auf <em>heise online<\/em><\/a>, in dem die Schwachpunkte der Atomenergie dann auch noch mal aufgef\u00fchrt werden. Na ja, nun haben wir das wenigstens schwarz auf wei\u00df und mit wissenschaftlichem Background! [Karl]<\/p>\n<p>3. In seiner <a href=\"https:\/\/www.sueddeutsche.de\/politik\/maut-scheuer-ruecktritt-wackersdorf-1.5198394\" target=\"_blank\" rel=\"noopener\">Kolumne &#8222;Prantls Blick&#8220; in der <em>S\u00fcddeutschen Zeitung<\/em><\/a> geht Heribert Prantl der berechtigten Frage nach, was eigentlich noch alles passieren muss, damit Bundesverkehrsminister Andreas Scheuer endlich zur\u00fccktritt. Dass das noch nicht der Fall ist, ist zum einen Corona zu verdanken, da dieses Thema nach wie vor alles andere an die Seite dr\u00e4ngt, und hat zudem damit zu tun, dass so ein R\u00fccktritt im Hinblick auf die anstehende Bundestagswahl weder Markus S\u00f6der noch Angela Merkel sonderlich gut in den Kram passen d\u00fcrfte. Dabei sind die Vergehen Scheuers zahlreich und schwerwiegend, andere sind schon wegen deutlich weniger zur\u00fcckgetreten. Aber die hatten eben auch mehr Format und Anstand als Scheuer und sein Chefs. [Karl]<\/p>\n<p>4. Gerade erleben wir in weiten Teilen Deutschlands mal wieder einen &#8222;richtigen&#8220; Winter mit viel Schnee und tiefen Temperaturen, Was dann wieder bei einigen Menschen Zweifel ausl\u00f6st, ob es denn mit dem Klimawandel \u00fcberhaupt stimmen kann, wenn es nun so kalt ist. Ein <a href=\"https:\/\/taz.de\/Winterwetter-in-Deutschland\/!5746639\/\" target=\"_blank\" rel=\"noopener\">Artikel in der <em>taz<\/em><\/a> erl\u00e4utert, wieso solche K\u00e4lteeinbr\u00fcche zum einen keinen generellen Klimatrend markieren, zum andere sogar auch durch den Klimawandel verst\u00e4rkt werden k\u00f6nnen. [Karl]<\/p>\n<p>5. In seiner <a href=\"https:\/\/taz.de\/Katar-und-der-Zustand-des-Fussballs\/!5746511\/https:\/\/taz.de\/Katar-und-der-Zustand-des-Fussballs\/!5746511\/\" target=\"_blank\" rel=\"noopener\">Kolumne &#8222;Press-Schlag&#8220; in der <em>taz<\/em><\/a> befasst sich Martin Krauss mit einem Vorfall, der seine Lust, sich \u00fcberhaupt noch mit Profifu\u00dfball zu besch\u00e4ftigen, weiter gemindert hat: Der Auftritt des FC Bayern M\u00fcnchen bei der Club-WM in Katar &#8211; bzw. das Brimborium, was da von der Bayern-F\u00fchrungsriege wegen eines versp\u00e4teten Abflugs gemacht wurde. So kommt Krauss zu dem Schluss, dass an diesem Geschehen so ziemlich alles aufgezeigt wird, was zurzeit den Profifu\u00dfball zu einer zunehmend ekligeren Sache macht &#8211; und Fu\u00dfballfans wie ihm die Freude daran verhagelt. Willkommen im ethikbefreiten Neoliberalismus, der auch vor dem Sport keinen Halt macht. [Karl]<\/p>\n<p>6. Die Sendung <em>REPORT MAINZ<\/em> (SWR) zeigt in einem <a href=\"https:\/\/www.daserste.de\/information\/politik-weltgeschehen\/report-mainz\/videosextern\/impfgegner-ruesten-auf-102.html\" target=\"_blank\" rel=\"noopener\">5-min\u00fctigen Beitrag<\/a>, wie weit es Impfgegner mittlerweile treiben: Sie stehen mit Lautsprecherwagen vor dem Altersheim und beschallen die Bewohner mit ihren eigenen Sorgen bez\u00fcglich Impfsch\u00e4den. Aufkl\u00e4rung und eine kritische Haltung sind grunds\u00e4tzlich nichts Verwerfliches, aber Menschen mit Lautsprechern zu drangsalieren, die sich davor nicht sch\u00fctzen k\u00f6nnen: leider typisch f\u00fcr das Gesch\u00e4ft mit der Angst. [Dirk]<\/p>\n<p>7. In der gleichen Sendung <em>REPORT MAINZ<\/em> (SWR) noch ein weiter <a href=\"https:\/\/www.daserste.de\/information\/politik-weltgeschehen\/report-mainz\/videosextern\/corona-forscher-werden-bedroht-102.html\" target=\"_blank\" rel=\"noopener\">Bericht von ca. 6 Minuten<\/a>, in dem zwei Virologen davon berichten, wie sehr sie seit ihren \u00f6ffentlichen Auftritten zur Corona-Pandemie bedroht werden. Auch hier ist eine kritische Haltung gegen\u00fcber deren Aussagen sicherlich nicht verkehrt, und wir haben viele Aussagen geh\u00f6rt und gelesen, die sich sp\u00e4ter als Irrtum oder unzutreffend heraus gestellt haben. Allerdings r\u00e4umen die Virologen auch ein, dass die Erkenntnisse \u00fcber ein neuartiges Virus nur St\u00fcckweise gewonnen werden und deshalb Aussagen korrigiert und widerrufen werden m\u00fcssen, ist ja eigentlich auch logisch. Aber auch hier wieder typisch f\u00fcr das Gesch\u00e4ft mit der Angst: Morddrohungen vonseiten der \u201eAufkl\u00e4rer\u201c. Damit disqualifiziert sich jede*r Redner*in in meinen Augen als nicht ernst zu nehmende*r Gespr\u00e4chspartner*in. [Dirk]<\/p>\n<p>8. Der Schriftsteller Jonas L\u00fcscher befasst sich in einem <a href=\"https:\/\/www.zeit.de\/kultur\/2021-02\/vermoegensabgabe-corona-krise-schuldenbremse-vermoegenssteuer-chancengleichheit?utm_referrer=https%3A%2F%2Fwww.unterstroemt.de%2F\" target=\"_blank\" rel=\"noopener\">Artikel auf <em>Zeit Online<\/em><\/a> mit den &#8222;Argumenten&#8220;, die stest gegen eine Verm\u00f6genssteuer oder -abgabge ins Feld gef\u00fchrt werden &#8211; und entlarvt diese allesamt als inhaltsleer und absurd. Was leider nichts daran \u00e4ndert, dass genau diese &#8222;Argumente&#8220; immer wieder vorgebracht werden und das Handeln unserer politischen F\u00fchrung bestimmen. Das Problem: Diese Aussagen zur Rechtfertigung von Ungleichheit und Ungerechtigkeit haben das Menschenbild und die Sprache mittlerweile so geformt, dass ein vern\u00fcnftiger und sachlicher kaum noch \u00fcberhaupt m\u00f6glich ist. [Karl]<\/p>\n<p>9. In Nevada (USA) bahnt sich ein Modell an, das den R\u00fcckzug des Staates aus seinen Aufgabengebieten auf eine neue Spitze treiben d\u00fcrfte: Laut einem <a href=\"https:\/\/www.heise.de\/news\/Nevada-will-lokale-Regierungsmacht-an-Tech-Firmen-abtreten-samt-Gericht-5048204.html\" target=\"_blank\" rel=\"noopener\">Artikel auf <em>heise online<\/em><\/a> wird dort geplant, Tech-Konzernen zu gestatten, eigene Regionen komplett zu gestalten und zu verwalten &#8211; inklusive Polizei, Justiz, Schulen und allem, was dazugeh\u00f6rt. Entscheidungsgewalt h\u00e4tte also dort nicht, wer gew\u00e4hlt wurde, sondern wer zahlt. Sollte es noch Zweifel daran gegeben haben, dass der Marktradikalismus nichts anderes als ein finanzfeudalistisches System errichten m\u00f6chte, dann d\u00fcrften diese nun ausger\u00e4umt sein. [Karl]<\/p>\n<p>10. Ein <a href=\"https:\/\/www.ruhrbarone.de\/mehr-diktatur-wagen-weniger-brussig-wagen\" target=\"_blank\" rel=\"noopener\">Artikel auf <em>Ruhrbarone<\/em><\/a> besch\u00e4ftigt sich mit einem Essay des Autors Thomas Brussig in der S\u00fcddeutschen Zeitung, in dem dieser forderte, dass aufgrund von Corona die Demokratie ausgesetzt und diktatorisch agiert werden m\u00fcsste. Diese Einstellung wird zu Recht kritisiert, zumal solche Forderungen auch in anderen Zusammenh\u00e4ngen bereits medial ge\u00e4u\u00dfert wurden. Wenn so was schon in der nicht rechtslastigen Presse zu finden ist, dann scheint es in der Tat reichlich schlecht bestellt zu sein um die Stabilit\u00e4t unserer Demokratie! [Karl]<\/p>\n<p>11. In einem <a href=\"https:\/\/www.sueddeutsche.de\/politik\/impfen-katastrophenmodus-corona-impfstoff-1.5198949\" target=\"_blank\" rel=\"noopener\">Kommentar in der <em>S\u00fcddeutschen Zeitung<\/em><\/a> findet Cerstin Gammelin deutliche kritische Worte f\u00fcr das Impfmanagement der Bundesregierung. Man schwadroniert zwar mit martialischen Worten von einer &#8222;Jahrhundertkatastrophe&#8220;, deren Bew\u00e4ltigung zur &#8222;Chefsache&#8220; erkl\u00e4rt wird, aber letztlich fehlt es dann in den Ministerien an Kompetenzen und auch an Verantwortungs\u00fcbernahme, um die Impfungen auch manierlich auf die Reihe zu bekommen. Was f\u00fcr ein Armutzeugnis der eh schon mit genug Pleiten, Pech und Pannen &#8222;gl\u00e4nzenden&#8220; GroKo! [Karl]<\/p>\n<p>12. In einem <a href=\"https:\/\/www.zeit.de\/wissen\/umwelt\/2021-02\/virologie-pandemie-regenwald-abholzung-sandra-junglen\" target=\"_blank\" rel=\"noopener\">Interview mit <em>Zeit Online<\/em><\/a> beschreibt die Virologin Sandra Junglen, wie der Klimawandel und das Artensterben mit der Verbreitung von Viruskrankheiten, die sich dann zu einer Pandemie auswachsen k\u00f6nnen, wie wir sie gerade erleben, zusammenh\u00e4ngen. Das klingt alles sehr plausibel, und auch die L\u00f6sungsvorschl\u00e4ge erscheinen sinnvoll: weniger Regenwald abholzen, das Artensterben nicht weiter vorantreiben und den Klimawandel abmildern. Wird nur leider alles von der Politik \u00fcberhaupt nicht gemacht zurzeit &#8211; ganz im Gegenteil! [Karl]<\/p>\n<p>13. Dass Luftverschmutzung viele Todesopfer fordert, ist ja nicht ganz Neues mehr. Nun hat allerdings eine neue Studie, \u00fcber die ein <a href=\"https:\/\/www.neues-deutschland.de\/artikel\/1148075.fossile-brennstoffe-studie-millionen-tote-durch-luftverschmutzung.html\" target=\"_blank\" rel=\"noopener\">Artikel im <em>neuen deutschland<\/em><\/a> berichtet, neue und noch dramatischere Zahlen genannt. Demnach sterben weltweit jedes Jahr acht Millionen Menschen an den Folgen der Verbrennung von fossilen Energietr\u00e4gern, in Deutschland sind es demnach knapp 200.000 &#8211; und damit jeder f\u00fcnfte Todesfall bei Menschen \u00fcber 15 Jahren. Und es ist ja nicht so, dass man dagegen nicht was machen k\u00f6nnte &#8230; [Karl]<\/p>\n<p>&nbsp;<\/p>\n","protected":false},"excerpt":{"rendered":"<p>An dieser Stelle pr\u00e4sentieren wir regelm\u00e4\u00dfig Links, die wir unter der Woche entdeckt haben, zu denen wir selbst nicht mehr viel schreiben m\u00fcssen und die wir teilenswert finden. Viel Spa\u00df beim Lesen und Anschauen!<\/p>\n","protected":false},"author":5,"featured_media":0,"comment_status":"open","ping_status":"open","sticky":false,"template":"","format":"standard","meta":{"footnotes":""},"categories":[193],"tags":[],"class_list":["post-22347","post","type-post","status-publish","format-standard","hentry","category-woechentliches"],"_links":{"self":[{"href":"https:\/\/www.unterstroemt.de\/index.php?rest_route=\/wp\/v2\/posts\/22347","targetHints":{"allow":["GET"]}}],"collection":[{"href":"https:\/\/www.unterstroemt.de\/index.php?rest_route=\/wp\/v2\/posts"}],"about":[{"href":"https:\/\/www.unterstroemt.de\/index.php?rest_route=\/wp\/v2\/types\/post"}],"author":[{"embeddable":true,"href":"https:\/\/www.unterstroemt.de\/index.php?rest_route=\/wp\/v2\/users\/5"}],"replies":[{"embeddable":true,"href":"https:\/\/www.unterstroemt.de\/index.php?rest_route=%2Fwp%2Fv2%2Fcomments&post=22347"}],"version-history":[{"count":18,"href":"https:\/\/www.unterstroemt.de\/index.php?rest_route=\/wp\/v2\/posts\/22347\/revisions"}],"predecessor-version":[{"id":22386,"href":"https:\/\/www.unterstroemt.de\/index.php?rest_route=\/wp\/v2\/posts\/22347\/revisions\/22386"}],"wp:attachment":[{"href":"https:\/\/www.unterstroemt.de\/index.php?rest_route=%2Fwp%2Fv2%2Fmedia&parent=22347"}],"wp:term":[{"taxonomy":"category","embeddable":true,"href":"https:\/\/www.unterstroemt.de\/index.php?rest_route=%2Fwp%2Fv2%2Fcategories&post=22347"},{"taxonomy":"post_tag","embeddable":true,"href":"https:\/\/www.unterstroemt.de\/index.php?rest_route=%2Fwp%2Fv2%2Ftags&post=22347"}],"curies":[{"name":"wp","href":"https:\/\/api.w.org\/{rel}","templated":true}]}}