{"id":22456,"date":"2021-02-26T10:33:03","date_gmt":"2021-02-26T09:33:03","guid":{"rendered":"https:\/\/www.unterstroemt.de\/?p=22456"},"modified":"2021-02-26T10:33:51","modified_gmt":"2021-02-26T09:33:51","slug":"reclaim-your-face","status":"publish","type":"post","link":"https:\/\/www.unterstroemt.de\/?p=22456","title":{"rendered":"Reclaim your Face"},"content":{"rendered":"<p>Auf EU-Ebene hat sich eine B\u00fcrgerinitiative formiert, an der viele NGOs beteiligt sind und die es sich zum Ziel gesetzt hat, dass die EU-Kommission ein Gesetz auf den Weg bringen soll, mit dem die biometrische Massen\u00fcberwachung verboten werden soll.<\/p>\n<p>Auf der <a href=\"https:\/\/reclaimyourface.eu\/de\/\" target=\"_blank\" rel=\"noopener\">Website der Kampagne<\/a> erf\u00e4hrt man, warum das so wichtig ist, und dort kann man auch selbst die Initiative mit seiner Unterschrift unterst\u00fctzen. Durch eine derartige anlasslose Massen\u00fcberwachung werden n\u00e4mlich Grundrechte eingeschr\u00e4nkt. Zudem k\u00f6nnen auf diese Weise Profile erstellt werden, die dann zu Benachteiligungen in vielen Bereichen f\u00fchren k\u00f6nnen &#8211; beispielsweise beim Wechsel des Arbeitsplatzes oder beim Besuch einer Uni, aber auch beim allt\u00e4glichen Konsum.<\/p>\n<p>Viele Infos, was denn \u00fcberhaupt solche biometrische \u00dcberwachung genau ist und was damit alles \u00dcbles angestellt werden kann, finden sich ebenfalls auf der Website.<\/p>\n<p>Da ja gerade jetzt w\u00e4hrend der Corona-Pandemie immer mehr versucht wird, den B\u00fcrgern \u00dcberwachungsma\u00dfnahmen aufs Auge zu dr\u00fccken, w\u00e4re es wichtig, hier Einhalt zu gebieten. Also bitte unterzeichnen!<\/p>\n","protected":false},"excerpt":{"rendered":"<p>Auf EU-Ebene hat sich eine B\u00fcrgerinitiative formiert, an der viele NGOs beteiligt sind und die es sich zum Ziel gesetzt hat, dass die EU-Kommission ein Gesetz auf den Weg bringen soll, mit dem die biometrische Massen\u00fcberwachung verboten werden soll.<\/p>\n","protected":false},"author":3,"featured_media":0,"comment_status":"open","ping_status":"open","sticky":false,"template":"","format":"standard","meta":{"footnotes":""},"categories":[68],"tags":[257,376],"class_list":["post-22456","post","type-post","status-publish","format-standard","hentry","category-unterschreibbares","tag-datenschutz","tag-ueberwachung"],"_links":{"self":[{"href":"https:\/\/www.unterstroemt.de\/index.php?rest_route=\/wp\/v2\/posts\/22456","targetHints":{"allow":["GET"]}}],"collection":[{"href":"https:\/\/www.unterstroemt.de\/index.php?rest_route=\/wp\/v2\/posts"}],"about":[{"href":"https:\/\/www.unterstroemt.de\/index.php?rest_route=\/wp\/v2\/types\/post"}],"author":[{"embeddable":true,"href":"https:\/\/www.unterstroemt.de\/index.php?rest_route=\/wp\/v2\/users\/3"}],"replies":[{"embeddable":true,"href":"https:\/\/www.unterstroemt.de\/index.php?rest_route=%2Fwp%2Fv2%2Fcomments&post=22456"}],"version-history":[{"count":0,"href":"https:\/\/www.unterstroemt.de\/index.php?rest_route=\/wp\/v2\/posts\/22456\/revisions"}],"wp:attachment":[{"href":"https:\/\/www.unterstroemt.de\/index.php?rest_route=%2Fwp%2Fv2%2Fmedia&parent=22456"}],"wp:term":[{"taxonomy":"category","embeddable":true,"href":"https:\/\/www.unterstroemt.de\/index.php?rest_route=%2Fwp%2Fv2%2Fcategories&post=22456"},{"taxonomy":"post_tag","embeddable":true,"href":"https:\/\/www.unterstroemt.de\/index.php?rest_route=%2Fwp%2Fv2%2Ftags&post=22456"}],"curies":[{"name":"wp","href":"https:\/\/api.w.org\/{rel}","templated":true}]}}