{"id":22722,"date":"2021-04-11T17:44:30","date_gmt":"2021-04-11T15:44:30","guid":{"rendered":"https:\/\/www.unterstroemt.de\/?p=22722"},"modified":"2021-04-11T17:44:30","modified_gmt":"2021-04-11T15:44:30","slug":"interessantes-aus-kw-14-2021","status":"publish","type":"post","link":"https:\/\/www.unterstroemt.de\/?p=22722","title":{"rendered":"Interessantes aus KW 14\/2021"},"content":{"rendered":"<p>An dieser Stelle pr\u00e4sentieren wir regelm\u00e4\u00dfig Links, die wir unter der Woche entdeckt haben, zu denen wir selbst nicht mehr viel schreiben m\u00fcssen und die wir teilenswert finden. Viel Spa\u00df beim Lesen und Anschauen!<\/p>\n<p>1. Diese Woche hat <em>extra3<\/em> (NDR) zwei Berichte \u00fcber Menschen mit einer ausgepr\u00e4gten kognitiven Dissonanz und fehlender Dissonanzreduktion. Leider sind die beiden Clips nicht einzeln online gestellt, sodass ich die jeweilige Stelle innerhalb der Sendung verlinke. Der erste Beitrag betrifft die Leute, die trotz Erkenntnis weiter mit einem sch\u00e4digen Verhalten machen, weil die anderen ja viel schlimmer sind (<a href=\"https:\/\/youtu.be\/5szupR5P8xA?t=1042\" target=\"_blank\" rel=\"noopener\">17:22-20:15 min<\/a>), Stichwort \u201eWhataboutism\u201c. Der zweite Beitrag behandelt die Firmen, die Steuerflucht betreiben und dann \u00fcber fehlende Infrastruktur in Deutschland klagen (<a href=\"https:\/\/youtu.be\/5szupR5P8xA?t=1469\" target=\"_blank\" rel=\"noopener\">24:30-28:40 min<\/a>). Beide typische Beispiele f\u00fcr die Verantwortungslosigkeit vieler Teile der Gesellschaft, die sich nur als Teil einer Gesellschaft sehen, wenn es etwas abzustauben gibt. [Dirk]<\/p>\n<p>2. Andere Teile der Gesellschaft sind von ihren \u00c4ngsten getrieben und finden Halt bei anderen Menschen, deren \u00c4ngste bereits in blanke Aggression oder Hass umgeschlagen sind: Rechtsradikale. Ein <a href=\"https:\/\/www1.wdr.de\/daserste\/monitor\/sendungen\/rechtsterrorismus-100.html\" target=\"_blank\" rel=\"noopener\">9-min\u00fctiger Bericht<\/a> bei <em>Monitor<\/em> (WDR) zeigt, wie Bruderschaften und B\u00fcrgerwehren zur Rekrutierungsstelle f\u00fcr Rechtsterrorismus geworden sind. Ich verstehe ja, dass viele Menschen es aufgegeben haben, \u201emit Rechten zu reden\u201c, aber was ist die Alternative? Anschreien? Anfeinden? Durch Abbau von \u00c4ngsten und Ausbau von Bildung lassen sich langfristig solche Existenz\u00e4ngste kontrollieren, aber mittelfristig hilft nur der Diskurs, um denen eine sicheren Hafen zu gew\u00e4hren, die einfach nirgends anders mit ihren \u00c4ngsten hin wissen und deshalb in solchen Hassschmieden landen. Und auch da ist jede:r Einzelne gefragt, mitzuwirken! [Dirk]<\/p>\n<p>3. In einem <a href=\"https:\/\/www.berliner-zeitung.de\/mensch-metropole\/im-hinterland-der-hauptstadt-gastronomie-schulden-wut-und-schlaflose-naechte-li.150125\" target=\"_blank\" rel=\"noopener\">Artikel in der <em>Berliner Zeitung<\/em><\/a> wird geschildert, wie der Berliner Obst- und Gem\u00fcseh\u00e4ndler Thomas Franz versucht, durch die Corona-Zeit mit ihren Lockdowns zu kommen. Das gestaltet sich ausgesprochen schwierig und k\u00f6nnte sogar auf eine Privatinsolvenz hinauslaufen, da Franz stets noch bem\u00fcht ist, fair zu seinen Angestellten zu sein. Ich sch\u00e4tze mal, dass es viele solcher Schicksale zurzeit in Deutschland gibt, sodass die Auswirkungen des &#8222;Krisenmanagements&#8220; der Bundesregierung uns noch eine sehr lange Zeit besch\u00e4ftigen werden. [Karl]<\/p>\n<p>4. Der Jurist Volker Boehme-Ne\u00dfler wirft in einem <a href=\"https:\/\/www.zeit.de\/politik\/deutschland\/2021-04\/ausgangssperren-deutschland-verfassung-corona-neuinkfektionen-demokratie\" target=\"_blank\" rel=\"noopener\">Gastartikel auf Zeit Online<\/a> mal einen Blick auf die zurzeit in einigen Bundesl\u00e4ndern verh\u00e4ngten Ausgangssperren, mit denen die Verbreitung des Coronavirus einged\u00e4mmt werden soll. Und sowohl bez\u00fcglich der Verfassungsm\u00e4\u00dfigkeit als auch der Umsetzbarkeit \u00e4u\u00dfert er deutliche Kritik an dieser Ma\u00dfnahme. Dabei spricht er auch ein weiteres zentrales Problem an: Durch fehlende Transparenz in der Kommunikation und bei den Entscheidungsprozessen macht sich eine &#8222;Pandemiem\u00fcdigkeit&#8220; bei immer mehr B\u00fcrgern breit, die nicht geeignet ist, um dem Virus Herr zu werden. [Karl]<\/p>\n<p>5. In seiner <a href=\"https:\/\/www.spiegel.de\/netzwelt\/netzpolitik\/coronavirus-die-sieben-groessten-postpandemischen-baustellen-kolumne-a-55a4516e-c4b6-4bae-b847-95dd83b1e523\" target=\"_blank\" rel=\"noopener\">Kolumne auf <em>Spiegel Online<\/em><\/a> z\u00e4hlt Sascha Lobo sieben &#8222;Baustellen&#8220; auf, die wir als Gesellschaft in der Zeit nach Corona unbedingt angehen m\u00fcssen: das f\u00f6derale System, die Digitalisierung, Arbeit und Bildung, Austerit\u00e4t, Politik und politische Kommunikation, Leichtgl\u00e4ubigkeit sowie das deutsche Selbstbild. Allesamt dicke Bretter, die da gebohrt werden m\u00fcssen, aber schon ziemlich notwendig, denn die Pandemie hat ja einiges an systemischen Schw\u00e4chen schonungslos offengelegt und somit auch die Vers\u00e4umnisse der letzten Jahre, wenn nicht gar Jahrzehnte, deutlich gemacht. [Karl]<\/p>\n<p>6. Korruption und Vorteilsnahme gibt es nicht nur bei der CDU\/CSU, sondern das ist ein internationales Ph\u00e4nomen bei Politikern &#8211; und je weiter rechts und\/oder konservativ die sind, desto ausgepr\u00e4gter tritt das auf. Ein <a href=\"https:\/\/www.derstandard.at\/story\/2000125584092\/die-vielen-ermittlungen-gegen-tuerkis-blau-so-einfach-wie-moeglich\" target=\"_blank\" rel=\"noopener\">Artikel in <em>Der Standard<\/em><\/a> fasst zusammen, was gerade an Ermittlungen gegen die FP\u00d6 und \u00d6VP in \u00d6sterreich laufen, und da kommt schon einiges zusammen. Wenngleich nat\u00fcrlich bis zu einem Abschluss der Verfahren die Unschuldsvermutung gilt: Bei den Mengen an Anschuldigungen und Belegen f\u00fcr Postengeschacher und andere Vorteilsnahmen offenbart sich das Bild einer Politik, die ehr wie ein \u00a0kriminelles Kartell agiert. [Karl]<\/p>\n<p>7. Noch was aus \u00d6sterreich: In einem <a href=\"https:\/\/science.orf.at\/stories\/3205419\/\" target=\"_blank\" rel=\"noopener\">Artikel auf <em>science.orf.at<\/em><\/a> wird wissenschaftlich untermauert, was im Grunde eh schon l\u00e4nger klar ist: Die Leistungsgesellschaft ist ein Mythos. Die Wertsch\u00e4tzung und Bezahlung einer Arbeit hat n\u00e4mlich sehr oft nichts damit zu tun, wie gesellschaftlich relevant, anstrengend und belastend der Job ist, sondern basiert auf ganz anderen Kriterien, die der Einzelne kaum beeinflussen kann. Sehr wichtige Infos, um den Wirtschaftspopulismus der Neoliberalen, f\u00fcr den das Klischee der Leistungsgesellschaft ja extrem wichtig ist, zu entlarven. [Karl]<\/p>\n<p>8. Laut einer <a href=\"https:\/\/taz.de\/Nach-Munitionsklau-durch-Elitepolizei\/!5764400\/\" target=\"_blank\" rel=\"noopener\">Meldung der <em>taz<\/em><\/a> haben in Sachsen Polizisten einer Eliteeinheit etwa 7000 Schuss Munition geklaut. Nun rollen zwar K\u00f6pfe bei der Polizeif\u00fchrung, und es wird auch \u00fcberpr\u00fcft, ob die Polizisten Verbindungen ins rechtsextreme Milieu haben &#8211; was mich nicht wundern w\u00fcrde, denn rechtsradikale Polizisten und Soldaten sind ja schon \u00f6fter als Waffen- und Munitionsdiebe aufgefallen. Allerdings f\u00fcrchte ich, dass es wieder mal nicht dazu kommt, endlich mal die strukturellen Probleme der Polizei mit solchen Typen anzugehen &#8211; da wird sich das Ganze vermutlich dann in die immer l\u00e4ngere Linie der &#8222;Einzelf\u00e4lle&#8220; einreihen &#8230; [Karl]<\/p>\n<p>9. Eine interessante Initiative wird in einem dreimin\u00fctigen <a href=\"https:\/\/www.zdf.de\/nachrichten\/video\/panorama-schirach-jedermensch-100.html\" target=\"_blank\" rel=\"noopener\">Video von <em>ZDFheute<\/em><\/a> vorgestellt: Der Jurist und Autor Ferdinand von Schirach schl\u00e4gt eine Erweiterung der Menschenrechte um sechs weitere Artikel vor. Dieses Anliegen sei vor allem den Entwicklungen der letzten Jahre geschuldet, denn die Verfasser des Grundgesetzes konnten ja beispielsweise noch nichts von Internet, Digitalisierung und KI-Algorithmen ahnen. Das klingt f\u00fcr mich alles sehr plausibel und w\u00fcnschenswert, d\u00fcrfte aber bei Wirtschaftsvertretern (und damit auch beim Gro\u00dfteil der Politiker) auf wenig Gegenliebe sto\u00dfen. [Karl]<\/p>\n<p>10. In einer <a href=\"https:\/\/www.nachdenkseiten.de\/?p=71407\" target=\"_blank\" rel=\"noopener\">Glosse auf den <em>NachDenkSeiten<\/em><\/a> stellt Jens Berger fest, dass es schade ist, dass wir in Deutschland nicht von Clowns, sondern von einer Wissenschaftlerin regiert werden. Wenn man sich n\u00e4mlich anschaut, wie es in den L\u00e4ndern Gro\u00dfbritannien und USA, deren Regierungschefs ja gern mal als Clowns bezeichnet werden (Boris Johnson) bzw. wurden (Donald Trump) zurzeit aussieht mit der Eind\u00e4mmung der Corona-Pandemie, dann ist man dort den besserwisserischen Perfektionisten aus Deutschland doch mittlerweile meilenweit voraus. [Karl]<\/p>\n<p>11. Apropos Clowns: Der Horrorclown im Bundesgesundheitsministerium Jens Spahn macht mal wieder von sich reden, indem er fordert, die Grundrechtseinschr\u00e4nkungen f\u00fcr gegen Covid-19 Geimpfte aufzuheben. In einem <a href=\"https:\/\/www.heise.de\/tp\/features\/Initiative-fuer-Corona-Impfpass-ohne-belastbare-Daten-6008061.html\" target=\"_blank\" rel=\"noopener\">Artikel auf <em>Telepolis<\/em><\/a> stellt Harald Neuber nun allerdings fest, dass dieses Vorgehen nicht nur rechtlich reichlich fragw\u00fcrdig w\u00e4re, zumindest solange nicht jedem B\u00fcrger, der sich impfen lassen m\u00f6chte, auch ein entsprechendes Angebot zu Verf\u00fcgung gestellt w\u00fcrde, sonder zudem noch auf keiner wissenschaftlichen Grundlage basiert, da die Nichtifekti\u00f6sit\u00e4t durch Geimpfte noch l\u00e4ngst nicht f\u00fcr alle Impfstoffe belegt ist. Aber immerhin schafft Spahn es so mal wieder, eine spalterische Diskussion in Gang zu bringen &#8211; genau das, was dieses Land gerade braucht. [Karl]<\/p>\n<p>12. Die Luca-App soll es richten &#8211; daf\u00fcr wird zurzeit vor allem von Rapper Smudo massiv und gern auch zur besten Sendezeit im Fernsehen geworben. Doch so richtig toll scheint dieses Tool, was bei der Eind\u00e4mmung der Corona-Pandemie helfen soll, nicht zu sein, zumindest werden in einem <a href=\"https:\/\/www.heise.de\/tp\/features\/Die-Luca-App-Dilettantisch-und-sinnlos-6007111.html\" target=\"_blank\" rel=\"noopener\">Artikel auf Telepolis<\/a> etliche Fragw\u00fcrdigkeiten in Bezug auf die Kompetenz der daran beteiligten Unternehmen und den Datenschutz aufgezeigt. Und wenn dann noch \u00f6ffentliche Gelder in Millionenh\u00f6he durch nicht korrekte Vergabeverfahren verteilt werden, dann dr\u00e4ngt sich immer mehr die Vermutung auf, dass es bei der Luca-App vor allem ums Geldverdienen geht. [Karl]<\/p>\n<p>13. \u00dcber die Modern Monetary Theory (MMT) hab ich hier ja schon das eine oder andere mal was geschrieben bzw. verlinkt. Nun findet sich zu dem Thema ein lesenswertes <a href=\"https:\/\/www.nachdenkseiten.de\/?p=71443\" target=\"_blank\" rel=\"noopener\">Interview mit dem \u00d6konomen Maurice H\u00f6fgen<\/a> auf den <em>NachDenkSeiten<\/em>. Darin werden die Grundz\u00fcge von MMT noch einmal gut verst\u00e4ndlich dargestellt, zudem wird eine darauf basierende wirtschaftspolitische Langzeitperspektive erl\u00e4utert, wobei auch Bezug auf kurzfristig umzusetzende realpolitische Ma\u00dfnahmen genommen wird. Das hat wenig mit dem aktuellen \u00f6konomischen Mainstream zu tun, aber der versagt ja auch immer offensichtlicher, sodass hier ein Umdenken mehr als angebracht w\u00e4re. [Karl]<\/p>\n<p>14. \u00dcber die immer offener zutage tretende Korruption bei der CDU vergisst man ein wenig, dass diese Partei auch immer wieder gern mit Rechtsextremisten gemeinsame Sache macht. So gerade aktuell in Plauen, wie ein <a href=\"https:\/\/www.spiegel.de\/politik\/deutschland\/plauen-cdu-streicht-geld-fuer-demokratieprojekt-mit-stimmen-von-afd-und-iii-weg-a-1c72fced-a212-4cb6-92f2-6c029c093ad4\" target=\"_blank\" rel=\"noopener\">Artikel auf <em>Spiegel Online<\/em><\/a> berichtet. Dort hat man im Stadtrat mit den Stimmen von CDU, AfD und den Rechtsradikalen vom III. Weg gerade die F\u00f6rdergelder f\u00fcr das Projekt &#8222;B\u00fcndnis f\u00fcr Demokratie, Toleranz und Zivilcourage&#8220; gekippt. Und versucht sich, wie das bei dieser j\u00e4mmerlichen Partei immer der Fall ist bei schlechter Presse, nun mit fadenscheinigen Erkl\u00e4rungen rauszureden. Die CDU ist und bleibt einfach keine Partei des demokratischen Spektrums! [Karl]<\/p>\n","protected":false},"excerpt":{"rendered":"<p>An dieser Stelle pr\u00e4sentieren wir regelm\u00e4\u00dfig Links, die wir unter der Woche entdeckt haben, zu denen wir selbst nicht mehr viel schreiben m\u00fcssen und die wir teilenswert finden. Viel Spa\u00df beim Lesen und Anschauen!<\/p>\n","protected":false},"author":5,"featured_media":0,"comment_status":"open","ping_status":"open","sticky":false,"template":"","format":"standard","meta":{"footnotes":""},"categories":[193],"tags":[],"class_list":["post-22722","post","type-post","status-publish","format-standard","hentry","category-woechentliches"],"_links":{"self":[{"href":"https:\/\/www.unterstroemt.de\/index.php?rest_route=\/wp\/v2\/posts\/22722","targetHints":{"allow":["GET"]}}],"collection":[{"href":"https:\/\/www.unterstroemt.de\/index.php?rest_route=\/wp\/v2\/posts"}],"about":[{"href":"https:\/\/www.unterstroemt.de\/index.php?rest_route=\/wp\/v2\/types\/post"}],"author":[{"embeddable":true,"href":"https:\/\/www.unterstroemt.de\/index.php?rest_route=\/wp\/v2\/users\/5"}],"replies":[{"embeddable":true,"href":"https:\/\/www.unterstroemt.de\/index.php?rest_route=%2Fwp%2Fv2%2Fcomments&post=22722"}],"version-history":[{"count":16,"href":"https:\/\/www.unterstroemt.de\/index.php?rest_route=\/wp\/v2\/posts\/22722\/revisions"}],"predecessor-version":[{"id":22738,"href":"https:\/\/www.unterstroemt.de\/index.php?rest_route=\/wp\/v2\/posts\/22722\/revisions\/22738"}],"wp:attachment":[{"href":"https:\/\/www.unterstroemt.de\/index.php?rest_route=%2Fwp%2Fv2%2Fmedia&parent=22722"}],"wp:term":[{"taxonomy":"category","embeddable":true,"href":"https:\/\/www.unterstroemt.de\/index.php?rest_route=%2Fwp%2Fv2%2Fcategories&post=22722"},{"taxonomy":"post_tag","embeddable":true,"href":"https:\/\/www.unterstroemt.de\/index.php?rest_route=%2Fwp%2Fv2%2Ftags&post=22722"}],"curies":[{"name":"wp","href":"https:\/\/api.w.org\/{rel}","templated":true}]}}