{"id":22917,"date":"2021-05-16T23:16:28","date_gmt":"2021-05-16T21:16:28","guid":{"rendered":"https:\/\/www.unterstroemt.de\/?p=22917"},"modified":"2021-05-16T23:16:28","modified_gmt":"2021-05-16T21:16:28","slug":"interessantes-aus-kw-19-2021","status":"publish","type":"post","link":"https:\/\/www.unterstroemt.de\/?p=22917","title":{"rendered":"Interessantes aus KW 19\/2021"},"content":{"rendered":"<p>An dieser Stelle pr\u00e4sentieren wir regelm\u00e4\u00dfig Links, die wir unter der Woche entdeckt haben, zu denen wir selbst nicht mehr viel schreiben m\u00fcssen und die wir teilenswert finden. Viel Spa\u00df beim Lesen und Anschauen!<\/p>\n<p>1. Nicht nur die Masken-Deals, sondern auch die Aserbaidschan-Connection zieht immer weitere Kreise. Und nat\u00fcrlich mittenmang: korrupte CDU-Politiker. Nun ist auch Thomas Barei\u00df, parlamentarischer Staatssekret\u00e4r im Wirtschaftsministerium und bisher vor allem als Interessenvertreter der fossilen Energiewirtschaft aufgefallen, ins Rampenlicht geraten, wie eine <a href=\"https:\/\/www.lobbycontrol.de\/2021\/05\/thomas-bareiss-wie-nah-steht-er-den-aserbaidschan-lobbynetzwerken\/\" target=\"_blank\" rel=\"noopener\">Recherche von <em>LobbyContro<\/em><\/a><em>l<\/em> berichtet. Und damit reicht dieser Sumpf dann schon bis an die richtig wichtigen Posten der Bundesregierung heran. [Karl]<\/p>\n<p>2. Im Zuge des Shitstorms gegen #allesdichtmachen hie\u00df es ja immer wieder, dass die Schauspieler mit ihrer Kritik an der Corona-Politik der Bundesregierung einen Affront gegen alle im Gesundheitswesen T\u00e4tigen abgelassen h\u00e4tten. Dass dies allerdings nicht die Allgemeing\u00fcltigkeit hat, die uns medial gerade immer wieder suggeriert wird, zeigt ein interessanter <a href=\"https:\/\/www.berliner-zeitung.de\/open-source\/notfallsanitaeter-meine-kritik-an-den-corona-massnahmen-li.156271\" target=\"_blank\" rel=\"noopener\">Open-Source-Beitrag des Notfallsanit\u00e4ters<\/a> Jan Schad in der <em>Berliner Zeitung<\/em>, der sich auf die Seite der kritischen Schauspieler stellt und dabei einige interessante Zahlen und \u00dcberlegungen liefert, die zeigen, dass man das &#8222;Krisenmanagement&#8220; der GroKo gar nicht genug anprangern kann. [Karl]<\/p>\n<p>3. Immer wieder werden Gefl\u00fcchtete auf dem Mittelmeer abgefangen und von der sogenannten libyschen K\u00fcstenwache nach Libyen zur\u00fcckgebracht, wo ihnen oft Folter, Sklaverei, Vergewaltigung und Tod drohen. Nun schildert ein zehnmin\u00fctiger <a href=\"https:\/\/www.youtube.com\/watch?v=gigz1Taa9q4\" target=\"_blank\" rel=\"noopener\">Bericht von <em>Monitor<\/em><\/a> (ARD), dass offensichtlich die EU-Grenzschutzagentur Frontex daf\u00fcr die entsprechenden Daten liefert, damit die Gefl\u00fcchteten blo\u00df nicht in der EU ankommen. Selbst aus maltesischen Hoheitsgew\u00e4ssern wurden so bereits illegale Push-backs durchgef\u00fchrt. Die EU verst\u00f6\u00dft hier also in ganz gro\u00dfem Stil und sehr direkt gegen Menschen- und V\u00f6lkerrecht &#8211; und die einzige Reaktion von Frontex darauf ist es, das entgegen vorliegender Beweise einfach abzustreiten. [Karl]<\/p>\n<p>4. \u201eUnsere gr\u00f6\u00dfte Energiequelle ist das Energiesparen\u201c, bilanziert Harald Lesch in seiner Sendung <em>LESCH KOSMOS<\/em> (ZDF) zum Thema \u201eNeue Speicher f\u00fcr die Energiewende\u201c. Die <a href=\"https:\/\/www.zdf.de\/wissen\/leschs-kosmos\/voll-geladen-neue-speicher-fuer-die-energiewende-100.html\" target=\"_blank\" rel=\"noopener\">28-min\u00fctige Sendung<\/a> bringt zwar in Sachen Energiespeicherung aus meiner Sicht nicht viel Neues, aber es bringt die M\u00f6glichkeiten und die Machbarkeit gut auf den Punkt. Und wie erwartet gibt es nur einen tats\u00e4chlichen Hinderungsgrund auf CO2-Neutralit\u00e4t umzustellen: den Menschen. [Dirk]<\/p>\n<p>5. Dass der ehemalige Verfassungsschutzpr\u00e4sident Hans-Georg Maa\u00dfen eine gro\u00dfe inhaltliche Schnittmenge mit Rechtsextremen aufweist, ist ja nichts Neues. Zudem bedient er sich immer wieder in seiner Social-Media-Kommunikation bestimmter rechter Code-Schl\u00fcsselbegriffe, die man als harmlos darstellen k\u00f6nnen, die aber von Rechtsextremen schon genau verstanden werden, wie ein <a href=\"https:\/\/www.rnd.de\/politik\/luisa-neubauer-gegen-hans-georg-maassen-was-ist-an-dem-antisemitismus-vorwurf-dran-3LRKI2EAKZAONMNGHRPEPKY6JU.html\" target=\"_blank\" rel=\"noopener\">Artikel vom <em>Redaktionsnetzwerk Deutschland<\/em><\/a> berichtet. Ach ja: Maa\u00dfen tritt \u00fcbrigens in S\u00fcdth\u00fcringen als Bundestagskandidat an &#8211; nicht f\u00fcr die AfD, sondern f\u00fcr die CDU. Wer also CDU w\u00e4hlt, bekommt genau solche Typen wie Maa\u00dfen. [Karl]<\/p>\n<p>6. \u00d6sterreichs Kanzler Sebastian Kurz (\u00d6VP) kommt ja immer so ein bisschen wie der freundliche Schwiegermutterliebling r\u00fcber. Dass hinter dieser Fassade ein richtig fieser Antidemokrat steckt, wird von Jan B\u00f6hmermann in einer <a href=\"https:\/\/www.youtube.com\/watch?v=b8ghF63cL3g\" target=\"_blank\" rel=\"noopener\">Folge des <em>ZDF Magazins Royale<\/em><\/a> aufgezeigt, die sich den Netzwerkereien und undemokratischen Machenschaften von Kurz widmet. Und wenn man sich das mal so in 28 Minuten geballt anschaut, wird klar, dass die Bezeichnung &#8222;Baby-Hitler&#8220; nicht wirklich verkehrt war. Satire, die zwar mit einigen Lachern aufwartet, aber dann doch gar nicht komisch ist. Aber das kennt man ja, dass die Kabarettisten mittlerweile die beste politische Information bieten. [Karl]<\/p>\n<p>7. In der <em>Frankfurter Rundschau<\/em> findet sich ein <a href=\"https:\/\/www.fr.de\/politik\/nsu-drohserie-kann-man-einfach-bei-der-polizei-anrufen-wie-bei-der-auskunft-90572813.html\" target=\"_blank\" rel=\"noopener\">Interview mit Janine Wissler<\/a> zum Thema NSU 2.0. Die Linken-Vorstizende hat selbst so unterzeichnete Drohbriefe erhalten, jetzt wurde ein 53-J\u00e4hriger Berliner verhaftet &#8211; und gleich hei\u00dft es wieder, das sei ein Einzelt\u00e4ter. Dass dabei etliche Fragen ungekl\u00e4rt sind, wie dieser Mann beispielsweise an Daten kommen konnte, die von Polizeicomputern aus abgefragt wurden, und warum die Ermittlungen so z\u00f6gerlich vorangingen, wird von Wissler kritisiert. Hessens CDU-Innenminister Peter Beuth sieht hingegen keine Vers\u00e4umnisse &#8211; was mal wieder zeigt, dass man mit der CDU nicht rechnen kann, wenn es gegen rechtsextreme Straft\u00e4ter und die dahinterliegenden Strukturen geht. [Karl]<\/p>\n<p>8. Wie pervers die globalisierte Wirtschaft funktioniert, wird an einem Beispiel deutlich, dass eine <a href=\"https:\/\/www.spiegel.de\/ausland\/gambia-chinas-trawler-fischen-afrikas-kuesten-leer-fuer-unseren-lachs-aus-norwegen-a-8e9559d1-13ca-453a-a6e8-51eea97e49ab\" target=\"_blank\" rel=\"noopener\">Reportage auf <em>Spiegel Online<\/em><\/a> schildert: In Gunjurs in Gambia an der afrikanischen Westk\u00fcste stellt eine chinesische Fabrik Fischmehl her, mit dem dann Zuchtlachse gef\u00fcttert werden, die bei uns und in anderen Industriestaaten gegessen werden. Vor Ort geht daf\u00fcr die Umwelt den Bach runter, und die Fischer k\u00f6nnen nicht mehr genug fangen, da gro\u00dfe chinesische Trawler ihre Fanggr\u00fcnde leer fischen. Der Tourismus geht auch noch baden, da der Gestank der Fabrik unertr\u00e4glich ist. Daf\u00fcr werden dann aber auch ein paar Dutzend schlecht bezahlte Hilfsarbeiterjobs geschaffen. Tja, und da wundern wir uns, wenn Menschen, die dort leben, nach Europa fl\u00fcchten &#8230; [Karl]<\/p>\n<p>9. Deepfakes und Verschw\u00f6rungstheorien haben in Zeiten des Internets eine ungeahnte Hochkonjunktur. Im deutschen Sprachraum gibt es diverse Plattformen, die sich mit der Widerlegung oder grundlegenden Erkl\u00e4rungen zu solchen Irrt\u00fcmern oder offensichtlichen Fehlinformationen besch\u00e4ftigen (z. B. <em>Mimikama<\/em>, <em>Volksverpetzer<\/em>, <em>CORRECTIV<\/em>, <em>klicksafe<\/em>, &#8230;). Der englischsprachige Kanal <em><a href=\"https:\/\/www.metabunk.org\/\" target=\"_blank\" rel=\"noopener\">Metabunk<\/a><\/em> hat seinen Schwerpunkt im technischen Bereich, deckt damit aber auch z. B. politische Fehlinformationen gekonnt auf. Der Betreiber <em>Mick West<\/em> ist Programmierer im Ruhestand, macht dies ohne jegliche Spenden oder Werbung und bringt die Dinge aus meiner Sicht meistens sehr gut auf den Punkt. Ich ziehe meinen Hut vor Mick und seinen treffenden Analysen, trotz so manchen Shitstorms, den er damit auf sich zieht. [Dirk]<\/p>\n<p>10. Die Privatisierung der Krankenh\u00e4user und die \u00d6ffnung von Pflegeeinrichtungen f\u00fcr Investoren z\u00e4hle ich in Deutschland zu einem der gr\u00f6\u00dften Fehler der Vergangenheit. \u00dcber Operationspr\u00e4mien und \u00c4hnliches wurde schon h\u00e4ufiger berichtet, und nun zeigt <em>Frontal21<\/em> (ZDF) in einem <a href=\"https:\/\/www.zdf.de\/politik\/frontal-21\/kasse-machen-mit-beatmungspatienten-100.html\" target=\"_blank\" rel=\"noopener\">9-min\u00fctigen Beitrag<\/a> einige F\u00e4lle von unn\u00f6tiger Beatmung, ein gr\u00f6\u00dferes Thema seit Beginn der Pandemie. Es will mir einfach nicht in den Kopf, wie Menschen ohne Existenz\u00e4ngste aus wirtschaftlichen Gr\u00fcnden Ethik und Moral \u00fcber Bord werfen und Menschenleben ohne zerm\u00fcrbende Gewissensbisse zerst\u00f6ren. Der Mensch, das wahrscheinlich unmenschlichste Tier auf diesem Planeten. [Dirk]<\/p>\n<p>11. Auch das finanzielle Interesse an der Antarktis nimmt zu, wie ein <a href=\"https:\/\/www.arte.tv\/de\/videos\/098814-013-A\/mit-offenen-karten\/\" target=\"_blank\" rel=\"noopener\">12-min\u00fctiger Beitrag<\/a> der Sendung <em>Mit offenen Karten<\/em> (arte) zeigt. Es wird wohl nur eine Frage der Zeit sein, bis das Eis als Wasserquelle hinhalten wird, Metalle und \u00d6l-\/Gasreserven angebohrt werden und auch alle anderen Rohstoffe wie Metalle in den Fokus der nimmersatten Finanzakteure geraten werden. Es ist doch immer wieder verwunderlich, wie die Interessen einiger die Geschicke aller steuern. [Dirk]<\/p>\n<p>12. Die Untersuchung von Abw\u00e4ssern k\u00f6nnte eine effektive Strategie zur Fr\u00fcherkennung von Infektionsherden bei der Corona-Pandemie sein. K\u00f6nnte &#8211; ist es aber nicht, weil die Politik sich sperrt, so etwas zu implementieren, wie der Professor J\u00f6rg E. Drewes als Fachmann f\u00fcr dieses Thema in einem <a href=\"https:\/\/www.spiegel.de\/wissenschaft\/mensch\/corona-abwassermonitoring-wir-kommen-keinen-schritt-weiter-a-f473a92d-91d1-43f5-8e3b-95c65792abf3\" target=\"_blank\" rel=\"noopener\">Interview mit <em>Spiegel Wissenschaft<\/em><\/a> schildert. Dabei ist so ein Monitoring in anderen L\u00e4ndern bereits erfolgreich im Einsatz, und die Kosten halten sich auch im \u00fcberschaubaren Rahmen. Das politische Handeln ist also mal wieder nicht nachvollziehbar, wenn man es daran bemisst, dass es ja angeblich um die Eind\u00e4mmung der Pandemie gehen soll. [Karl]<\/p>\n<p>13. Winfried Wolf ist schon seit langer Zeit ein Kritiker des Irrsinnsprojekts S21 und hat auch schon B\u00fccher zu dem Thema geschrieben. Nun stellt er in einem <a href=\"https:\/\/www.heise.de\/tp\/features\/Gruene-und-CDU-bauen-ein-zweites-Stuttgart-21-6043638.html\" target=\"_blank\" rel=\"noopener\">Artikel auf <em>Telepolis<\/em><\/a> fest, dass die gr\u00fcn-schwarze Landesregierung in ihrem Koalitionsvertrag einen &#8222;Nachschlag&#8220; plant, mit dem das Ganze noch mal weiter ausgebaut werden soll, was weitere Milliarden verschlingen, ein weiteres Jahrzehnt Bauzeit beanspruchen und keine Verbesserung im Zugverkehr bringen wird. Ach ja: Der \u00f6kologische Schaden wird auch immens sein &#8211; was mal wieder zeigt, dass Gr\u00fcne, wenn sie in Regierungsverantwortung sind, nicht wirklich viel vom Umweltschutz halten. [Karl]<\/p>\n","protected":false},"excerpt":{"rendered":"<p>An dieser Stelle pr\u00e4sentieren wir regelm\u00e4\u00dfig Links, die wir unter der Woche entdeckt haben, zu denen wir selbst nicht mehr viel schreiben m\u00fcssen und die wir teilenswert finden. Viel Spa\u00df beim Lesen und Anschauen!<\/p>\n","protected":false},"author":5,"featured_media":0,"comment_status":"open","ping_status":"open","sticky":false,"template":"","format":"standard","meta":{"footnotes":""},"categories":[193],"tags":[],"class_list":["post-22917","post","type-post","status-publish","format-standard","hentry","category-woechentliches"],"_links":{"self":[{"href":"https:\/\/www.unterstroemt.de\/index.php?rest_route=\/wp\/v2\/posts\/22917","targetHints":{"allow":["GET"]}}],"collection":[{"href":"https:\/\/www.unterstroemt.de\/index.php?rest_route=\/wp\/v2\/posts"}],"about":[{"href":"https:\/\/www.unterstroemt.de\/index.php?rest_route=\/wp\/v2\/types\/post"}],"author":[{"embeddable":true,"href":"https:\/\/www.unterstroemt.de\/index.php?rest_route=\/wp\/v2\/users\/5"}],"replies":[{"embeddable":true,"href":"https:\/\/www.unterstroemt.de\/index.php?rest_route=%2Fwp%2Fv2%2Fcomments&post=22917"}],"version-history":[{"count":18,"href":"https:\/\/www.unterstroemt.de\/index.php?rest_route=\/wp\/v2\/posts\/22917\/revisions"}],"predecessor-version":[{"id":22964,"href":"https:\/\/www.unterstroemt.de\/index.php?rest_route=\/wp\/v2\/posts\/22917\/revisions\/22964"}],"wp:attachment":[{"href":"https:\/\/www.unterstroemt.de\/index.php?rest_route=%2Fwp%2Fv2%2Fmedia&parent=22917"}],"wp:term":[{"taxonomy":"category","embeddable":true,"href":"https:\/\/www.unterstroemt.de\/index.php?rest_route=%2Fwp%2Fv2%2Fcategories&post=22917"},{"taxonomy":"post_tag","embeddable":true,"href":"https:\/\/www.unterstroemt.de\/index.php?rest_route=%2Fwp%2Fv2%2Ftags&post=22917"}],"curies":[{"name":"wp","href":"https:\/\/api.w.org\/{rel}","templated":true}]}}