{"id":23304,"date":"2021-07-11T14:19:51","date_gmt":"2021-07-11T12:19:51","guid":{"rendered":"https:\/\/www.unterstroemt.de\/?p=23304"},"modified":"2021-07-15T23:45:09","modified_gmt":"2021-07-15T21:45:09","slug":"interessantes-aus-kw-27-2021","status":"publish","type":"post","link":"https:\/\/www.unterstroemt.de\/?p=23304","title":{"rendered":"Interessantes aus KW 27\/2021"},"content":{"rendered":"<p>An dieser Stelle pr\u00e4sentieren wir regelm\u00e4\u00dfig Links, die wir unter der Woche entdeckt haben, zu denen wir selbst nicht mehr viel schreiben m\u00fcssen und die wir teilenswert finden. Viel Spa\u00df beim Lesen und Anschauen!<\/p>\n<p>1. Dark Patterns sind mittlerweile eine ziemlich unsch\u00f6ne, aber weit verbreitete Praxis von Firmen im Internet. Darunter versteht man, wie in einem <a href=\"https:\/\/www.spiegel.de\/netzwelt\/netzpolitik\/dark-patterns-so-werden-sie-im-netz-manipuliert-a-327d6804-5896-4f6f-aa9c-22cc339e7c85\" target=\"_blank\" rel=\"noopener\">Artikel auf Spiegel Online<\/a> erl\u00e4utert wird, Muster, mit deren Hilfe Nutzer einer Website manipuliert werden, um so Dinge anzuklicken, Vertr\u00e4ge abzuschlie\u00dfen, Daten freizugeben oder Sachen zu kaufen, die sie eigentlich gar nicht wollen. Mittlerweile hat sich das sogar bis zum Gesetzgeber rumgesprochen, dass so etwas unlauter ist, aber da malen die M\u00fchlen nat\u00fcrlich wieder mal sehr langsam, und es werden auch schon wieder wenig nachvollziehbare Ausnahmen formuliert. Was man vor allem auch daran sieht: wie unredlich und betr\u00fcgerisch unser derzeitiger Zeitgeist ist, das Dark Patterns f\u00fcr viele Firmen eine Selbstverst\u00e4ndlichkeit sind. [Karl]<\/p>\n<p>2. Gro\u00dfer Reichtum f\u00fchrt oft zu Gr\u00f6\u00dfenwahn. Zu beobachten gerade bei Elon Musk, dem Tesla-Chef, der laut einem <a href=\"https:\/\/www.nachdenkseiten.de\/?p=73903\" target=\"_blank\" rel=\"noopener\">Artikel von Ralf Wurzbacher<\/a> auf den <em>NachDenkSeiten<\/em> gerade plant, eine Flotte von 42.000 Satelliten in 500 Kilometern H\u00f6he in die Erdumlaufbahn zu schie\u00dfen. Der Zweck des Ganzen: umfassendes Internet an jedem Flecken des Planeten. Eventuell Nebenwirkungen, vor denen Fachleute verschiedenster Disziplinen waren, werden dabei ignoriert, und irgendwie scheint auch niemand Musk Einhalt gebieten zu k\u00f6nnen oder zu wollen. Was die Frage aufwirft: Wie viel individuellen Reichtum mit der daraus resultierenden M\u00f6glichkeit, einfach tun zu wollen, was man will, vertr\u00e4gt unser Planet? [Karl]<\/p>\n<p>3. Auf <em>VICE<\/em> findet sich ein <a href=\"https:\/\/www.vice.com\/de\/article\/m7e9w3\/wie-ein-rechercheteam-den-heimlichen-strippenzieher-der-afd-enttarnte-tom-rohrboeck\" target=\"_blank\" rel=\"noopener\">Interview mit dem Investigativjournalisten Christian Fuchs<\/a> von der <em>Zeit<\/em>, der zusammen mit Kollegen von NDR und WDR zur Person Tom Rohrb\u00f6ck recherchiert hat. Den Namen Rohrb\u00f6ck hatte ich auch noch nie geh\u00f6rt zuvor, dieser Berater ist allerdings jemand, der in ganz gro\u00dfem Stil die Strippen bei der AfD zieht, und das alles aus dem Hintergrund \u00fcber ein undurchsichtiges Firmengeflecht. Klingt wie ein Politthriller und scheint zuweilen auch solche Dimensionen anzunehmen. Die etwa halbst\u00fcndige Reportage dazu ist in dem Interview auch verlinkt und scheint ebenfalls sehr interessant zu sein. [Karl]<\/p>\n<p>4. Und gleich noch was zu Rechtsau\u00dfen: Der ehemalige Pr\u00e4sident des Verfassungsschutzes und aktueller Direktkandidat der CDU in Th\u00fcringen Hans-Georg Maa\u00dfen zeigt mal wieder, was er von demokratischen Institutionen h\u00e4lt: n\u00e4mlich gar nichts. So fordert der Rechtsextreme doch allen Ernstes, wie ein <a href=\"https:\/\/www.t-online.de\/nachrichten\/deutschland\/parteien\/id_90382226\/hans-georg-maassen-fordert-gesinnungstest-fuer-ard-journalisten.html\" target=\"_blank\" rel=\"noopener\">Artikel von <em>t-online<\/em><\/a> berichtet, in einem Interview mit dem Sender TV Berlin, dass Mitarbeiter des \u00f6ffentlich-rechtlichen Rundfunks auf ihre politische Gesinnung hin \u00fcberpr\u00fcft werden sollten, um so der in seinen Augen Linkslastigkeit dieser Medien entgegenzuwirken. Das ist nat\u00fcrlich alles nur inhaltsleeres und unbelegtes Gew\u00e4sch (wie halt immer bei Maa\u00dfen), zeigt aber, dass zwischen CDU und AfD kaum noch ein Blatt Papier passt. [Karl]<\/p>\n<p>5. Vor drei Jahren hat die Neufassung des bayrischen Polizeiaufgabengesetzes (PAG) f\u00fcr einigen Wirbel gesorgt, da darin polizeistaatliche Ma\u00dfnahmen manifestiert wurden. Nun geht die bayrische Landesregierung noch einen Schritt weiter, wie aus einem <a href=\"https:\/\/www.sueddeutsche.de\/bayern\/bayern-polizeiaufgabengesetz-verschaerfung-ueberwachung-1.5333131?reduced=true\" target=\"_blank\" rel=\"noopener\">Artikel der <em>S\u00fcddeutschen Zeitung<\/em><\/a> hervorgeht, indem das PAG noch einmal ge\u00e4ndert wird, und zwar dahin gehend, dass ein vage gehaltener Passus der Polizei zuk\u00fcnftig die M\u00f6glichkeit er\u00f6ffnet, alle Besucher von \u00f6ffentlichen Veranstaltungen zu durchleuchten. Juristische Kritiker sprechen von &#8222;\u00dcberwachungsstaat&#8220; und &#8222;chinesischen Verh\u00e4ltnissen&#8220;. Was noch dazukommt: Sachverst\u00e4ndige und der Datenschutzbeauftragte wurden hierf\u00fcr nicht hinzugezogen. Mehr als nur bedenklich, wie ich finde! [Karl]<\/p>\n<p>6. Ein <a href=\"https:\/\/www.tagesspiegel.de\/gesellschaft\/intensivpfleger-ricardo-lange-trifft-wolfgang-kubicki-soll-ich-flaschen-sammeln-auf-dieser-ebene-diskutiere-ich-nicht-mit-ihnen\/27387956.html\" target=\"_blank\" rel=\"noopener\">Artikel im <em>Tagesspiegel<\/em><\/a> dokumentiert das interessante Gespr\u00e4ch zwischen dem Krankenpfleger Ricardo Lange und FDP-Vize Wolfgang Kubicki. Lange schreibt zuweilen auch als Kolumnist f\u00fcr den Tagesspiegel und hat mehrere Spitzenpolitiker eingeladen, um vor der Bundestagswahl deren gesundheitspolitische Konzepte zu diskutieren. Im Gegensatz zu seinen Kollegen von der CDU\/CSU, die allesamt abgesagt haben (klar, wenn man inhaltlich nichts zu bieten hat &#8230;), muss man Kubicki seine Teilnahme schon ein St\u00fcck weit anrechnen, wenngleich er dann \u00fcberwiegend nur leere Worth\u00fclsen vorzubringen hat &#8211; typisches FDP-Geblubber halt. Und dass er dann tats\u00e4chlich als Musterbeispiel ein Pflegeheim in D\u00e4nemark anf\u00fchrt, kann ja eigentlich nur noch als Realsatire angesehen werden. [Karl]<\/p>\n<p>7. Auf <em>Spiegel Online<\/em> findet sich ein interessantes <a href=\"https:\/\/www.spiegel.de\/politik\/deutschland\/marco-buelow-wir-haben-keine-echte-demokratie-mehr-a-f930d2c9-af97-4b69-a0ec-47f133118272\" target=\"_blank\" rel=\"noopener\">Interview mit Marco B\u00fclow<\/a>. Lange Zeit war er f\u00fcr die SPD Bundestagsabgeordneter, bevor er die Partei verlie\u00df und erst fraktionslos, dann seit letztem Jahr f\u00fcr die PARTEI sein Mandat wahrnimmt. B\u00fclow gibt einen Einblick ins politische Tagesgesch\u00e4ft, was er mittlerweile sehr kritisch sieht, da undemokratische Tendenzen (Lobbyismus, Abnicken aufgrund von Fraktionszwang, Fixiertheit auf Wahlk\u00e4mpfe statt auf Sachfragen) immer mehr zunehmen. Und er pr\u00e4sentiert auch einige Ideen, wie dieser Entwicklung entgegengewirkt werden kann. Sehr sympathisch! [Karl]<\/p>\n<p>8. Zurzeit ist ja viel von einem &#8222;gr\u00fcnen Kapitalismus&#8220; die Rede, manifestiert im &#8222;Green New Deal&#8220; der EU. Dass das so nicht funktionieren kann, erl\u00e4utert Birgit Mahnkopf nachvollziehbar in einem <a href=\"https:\/\/www.blaetter.de\/ausgabe\/2021\/juni\/nebelkerze-green-new-deal\" target=\"_blank\" rel=\"noopener\">Artikel in den <em>Bl\u00e4ttern f\u00fcr deutsche und internationale Politik<\/em><\/a>. Vielmehr dient dieses Narrativ vor allem dazu, nicht wirklich etwas am System \u00e4ndern zu m\u00fcssen, sondern \u00fcberwiegend so weitermachen zu k\u00f6nnen wie bisher &#8211; was dann allerdings fatale Auswirkungen haben d\u00fcrfte. Insofern wird so leider auch klar, dass es auch bei einer Regierungsbeteiligung der Gr\u00fcnen nach der n\u00e4chsten Bundestagswahl wohl kaum zu wirklichem Klimaschutz kommen wird, und das nat\u00fcrlich erst recht nicht, wenn die CDU oder gar die FDP mit an Bord w\u00e4ren. [Karl]<\/p>\n<p>9. Wer eine Immobilie erwirbt, zahlt Grunderwerbssteuer. Es sei denn, man ist zuf\u00e4llig ein gro\u00dfer Wohnungskonzern, dann kann man sich davor dr\u00fccken &#8211; mit freundlicher Unterst\u00fctzung der CDU, die ein entsprechendes Bundesgesetz durchgedr\u00fcckt hat. So ist es, wie ein <a href=\"https:\/\/www.tagesspiegel.de\/berlin\/vonovia-zahlt-keinen-cent-grunderwerbsteuer-berlin-geht-bei-deal-der-immobilien-riesen-leer-aus\/27389600.html\" target=\"_blank\" rel=\"noopener\">Artikel im <em>Tagesspiegel<\/em><\/a> berichtet, nun auch bei der \u00dcbernahme von 90.000 Wohnungen der Deutsche Wohnen durch die Vonovia in Berlin der Fall, und das sind dann etliche Milliarden, die den \u00f6ffentlichen Kassen durch die Lappen gehen. Politik f\u00fcr den Profit von Investoren und gegen das Gemeinwohl mal wieder &#8211; typisch CDU! [Karl]<\/p>\n<p>10. Ein <a href=\"https:\/\/correctiv.org\/aktuelles\/parteispenden\/2021\/07\/06\/geld-fuer-die-genossen-die-parteispenden-rekordhalter-aus-hamburg-mitte\/\" target=\"_blank\" rel=\"noopener\">Artikel von <em>CORRECTIV<\/em><\/a> besch\u00e4ftigt sich mit dem Thema Parteispenden und wirft dabei einen Blick auf den SPD-Verband Hamburg-Mitte. Dort ist n\u00e4mlich in den letzten vier Jahren ein auff\u00e4llig hohes Spendenaufkommen zu verzeichnen, was das anderer Kommunalverb\u00e4nde um ein Vielfaches \u00fcbersteigt. Da einige der Spenden durchaus einen Bezug zu \u00f6ffentlichen Auftragsvergaben, von denen die Spender profitierten, haben k\u00f6nnte, w\u00e4re es nun interessant zu wissen, ob und wie der ehemalige Hamburger SPD-Bundestagsabgeordnete und Extremnetzwerker Johannes Kahrs da involviert sein k\u00f6nnte, der den Verband lange Zeit f\u00fchrte. Darauf gibt es allerdings keine Antworten. Etwas unbefriedigend &#8211; aber immerhin hat die SPD die Parteispenden \u00fcberhaupt \u00f6ffentlich gemacht und grenzt sich somit schon mal zumindest ein bisschen positiv von den Transparenzfeinden vom rechten Rand (CDU, FDP, AfD) ab, die jegliche Angaben verweigern. [Karl]<\/p>\n<p>11. Robert Krieg sitzt im Rundfunkrat des WDR und berichtet nun in einem <a href=\"https:\/\/www.blaetter.de\/ausgabe\/2021\/juni\/gemeinwohl-oder-markt-der-oeffentlich-rechtliche-rundfunk-am-scheideweg\" target=\"_blank\" rel=\"noopener\">Artikel in den <em>Bl\u00e4ttern f\u00fcr deutsche und internationale Politik<\/em><\/a> \u00fcber die aktuelle Umgestaltung der \u00f6ffentlich-rechtlichen Medien in Deutschland. Diese richten sich n\u00e4mlich immer weniger an ihrem eigentlich Auftrag, ein breites Kultur- und Bildungsangebot zu bieten, aus, sondern mehr und mehr an marktspezifischen Kriterien &#8211; worunter die Qualit\u00e4t und die Vielfalt des Programms dann sehr leiden, weil etliche Sendungen, die zwar wichtige Inhalte vermitteln, aber wenig Quote versprechen, zunehmend ins Onlineangebot verschoben werden. Ein hochinteressanter Einblick aus der Sicht eines Insiders. [Karl]<\/p>\n<p>12. Das Robert-Koch-Institut (RKI) hat k\u00fcrzlich errechnet, wie viel Lebensjahre insgesamt durch Covid-19 verloren gegangen sind, weil Menschen deswegen fr\u00fcher starben. Der Mathematiker G\u00fcnter Eder nimmt sich diese Berechnungen in einem <a href=\"https:\/\/www.nachdenkseiten.de\/?p=74005\" target=\"_blank\" rel=\"noopener\">Artikel auf den <em>NachDenkSeiten<\/em><\/a> mal etwas genauer vor und st\u00f6\u00dft dabei auf einige Unstimmigkeiten, die an den Werten des RKI zweifeln lassen. Mit gro\u00dfer Wahrscheinlichkeit seien diese n\u00e4mlich sehr \u00fcberzogen, sodass Eder zu dem Schluss kommt, dass man davon ausgehen kann, dass im letzten Jahr durch Verkehrsunf\u00e4lle mehr Lebenszeit in Deutschland vernichtet wurde als durch Covid-19. Dabei geht es ihm nicht um eine Art Bodycount, sondern darum, die ergriffenen Ma\u00dfnahmen in Relation zu diesen Zahlen zu setzen. [Karl]<\/p>\n<p>13. Mal wieder sind aus Deutschland gut integrierte Gefl\u00fcchtete abgeschoben worden. Diesmal hat es eine sechsk\u00f6pfige syrische Familie aus dem hessischen Frickhofen erwischt: Alle hatten Sprachdiplome erworben, die Kinder gingen zur Schule, die \u00e4lteste Tochter stand kurz vor dem Realschulabschluss und hatte schon einen Ausbildungsvertrag in der Tasche. Und dann stand morgens um 5.30 Uhr die Polizei vor der T\u00fcr, wie aus einem <a href=\"https:\/\/www.fnp.de\/lokales\/limburg-weilburg\/limburg-ort511172\/limburg-abschiebung-im-morgengrauen-90850251.html\" target=\"_blank\" rel=\"noopener\">Artikel der <em>Frankfurter Neue Presse<\/em><\/a> hervorgeht, um die ganze Familie nach Spanien zu deportieren, da sie dort vor vier Jahren das erste Mal EU-Boden betreten h\u00e4tten. Ohne Sprachkenntnisse und ohne Internet sitzt die Familie dort nun in einem Fl\u00fcchtlingscamp. Was f\u00fcr ein menschenverachtender Mist! [Karl]<\/p>\n<p>14. Ein <a href=\"https:\/\/www.berliner-zeitung.de\/news\/experten-fordern-aussoehnung-in-corona-debatte-li.169772\" target=\"_blank\" rel=\"noopener\">Artikel in der <em>Berliner Zeitung<\/em><\/a> berichtet \u00fcber eine Initiative von 16 deutschen und \u00f6sterreichischen Experten unterschiedlichster Disziplinen, die in einem Papier die bisherige Corona-Politik analysiert haben und eine zuk\u00fcnftige Versachlichung des \u00f6ffentlichen Diskurses fordern, der ihrer Ansicht nach zu sehr von den Extremen der totalen Leugnung jedweder Gefahr der Pandemie und deren dramatisierender D\u00e4monisierung mit daraus folgender Obrigkeitsh\u00f6rigkeit gepr\u00e4gt ist. Ein rationalerer und meinungspluralistischerer Diskurs sei notwendig, um der gesellschaftlichen Spaltung entgegenzuwirken. Ein sinnvolles Anliege &#8211; nur ob da unsere spaltungsgeilen Regierungspolitiker mitspielen werden? [Karl]<\/p>\n<p>15. Dass von Covid-19 bzw. schweren Erkrankungsverl\u00e4ufen mehr arme als reiche Menschen betroffen sind, ist ja nichts Neues mehr. Nun zeichnet sich aber auch bei den Impfungen ab, dass auch dort die Menschen mit niedrigeren Einkommen benachteiligt werden, da ihr Anteil an den bereits Geimpften deutlich niedriger ist als der bei denjenigen mit h\u00f6heren Einkommen. Das ergab eine Umfrage des Wirtschafts- und Sozialwissenschaftlichen Instituts (WSI), \u00fcber die ein <a href=\"eine Umfrage des Wirtschafts- und Sozialwissenschaftlichen Instituts (WSI)\" target=\"_blank\" rel=\"noopener\">Artikel auf <em>Spiegel Online<\/em><\/a> berichtet. Die Ungleichheit in unserer Gesellschaft manifestiert sich in immer mehr Bereichen, und das wir nun gerade auch in so einer umfassende Krise wie der Corona-Pandemie deutlich. [Karl]<\/p>\n<p>16. Auf der Facebook-Seite von <em>Campact<\/em> findet sich ein gut zweimin\u00fctiges <a href=\"https:\/\/www.facebook.com\/campact\/posts\/10158354738341365\" target=\"_blank\" rel=\"noopener\">Video von Rayk Anders<\/a>, in dem dieser mal richtig Tacheles redet ob der sch\u00e4bigen Wahlkampfstrategie der CDU\/CSU, die ausschlie\u00dflich darauf basiert, den politischen Gegner zu diffamieren, statt selbst mal konstruktive Inhalte anzubieten. Das ist tats\u00e4chlich genau das, was Donald Trump in den USA auch praktiziert hat, und genau auf diesem rechtspopulistischen Niveau ist die CDU\/CSU mittlerweile anzusiedeln. [Karl]<\/p>\n<p>17. \u201eAufarbeitung bleibt einseitig\u201c, schreibt <em>Panorama<\/em> (ARD) unter ihrem <a href=\"https:\/\/daserste.ndr.de\/panorama\/aktuell\/G20-Gipfel-in-Hamburg-Keine-Anklage-gegen-Polizisten,gzwanzig418.html\" target=\"_blank\" rel=\"noopener\">4-min\u00fctigen Beitrag<\/a> zum G20-Gipfel vor vier Jahren. Die Anklagen gegen die Polizei werden verschleppt und grundlos abgewiesen, w\u00e4hrend schon w\u00e4hrend des Gipfels Exempel gegen Demonstrat:innen statuiert werden sollten. Wie in der Politik hat man auch bei der Polizei nicht begriffen, dass Rechtstaatlichkeit eine Gleichbehandlung aller Organe voraussetzt. Aber so wenig wie korrupte und unf\u00e4hige Politiker:innen zur\u00fccktreten, scheint es auch bei der Polizei keinen Hang zum ehrenhaften Verhalten zu geben. [Dirk]<\/p>\n<p>18. Moia ist ein schickes und hippes Start-up. Die Volkswagen-Tochter transportiert als eine Art Sammeltaxi Fahrg\u00e4ste elektrisch durch Hannover und Hamburg. So weit, so gut, allerdings wei\u00df ein <a href=\"https:\/\/taz.de\/Arbeitsbedingungen-bei-VW-Tochter\/!5783715\/\" target=\"_blank\" rel=\"noopener\">Artikel in der <em>taz<\/em><\/a> Unsch\u00f6nes \u00fcber die Arbeitsbedingungen der Fahrer bei Moia zu berichten: Pinkelpausen m\u00fcssten beantragt werden und werden dann h\u00e4ufig nicht gew\u00e4hrt, R\u00fcstzeiten sind sehr knapp bemessen, und wer einen Betriebsrat gr\u00fcnden m\u00f6chte, fliegt. Klingt alles mehr nach digitalem Manchester-Kapitalismus als nach sch\u00f6ner neuer digitaler Arbeitswelt, oder? [Karl]<\/p>\n<p>19. In Island wurde von 2015 bis 2019 f\u00fcr 2500 Arbeitnehmer (was etwas einem Prozent der dortigen Bev\u00f6lkerung entspricht) als Experiment eine Viertagewoche eingef\u00fchrt. Nun liegen die ausgewerteten Ergebnisse, \u00fcber die ein <a href=\"https:\/\/www.stern.de\/wirtschaft\/job\/vier-tage-woche-in-island---ein-ueberwaeltigender-erfolg--30603426.html\" target=\"_blank\" rel=\"noopener\">Artikel im <em>Stern<\/em><\/a> berichtet, vor, und die sind durchweg positiv: gesteigerte Produktivit\u00e4t, weniger gestresste Arbeitnehmer, weniger Burn-out-Erkrankungen. Was zeigt, dass eine Arbeitszeitverk\u00fcrzungen bei komplettem Lohnausgleich durchaus m\u00f6glich und nicht das Teufelszeug sind, als das sie von Neoliberalen immer dargestellt werden. [Karl]<\/p>\n","protected":false},"excerpt":{"rendered":"<p>An dieser Stelle pr\u00e4sentieren wir regelm\u00e4\u00dfig Links, die wir unter der Woche entdeckt haben, zu denen wir selbst nicht mehr viel schreiben m\u00fcssen und die wir teilenswert finden. Viel Spa\u00df beim Lesen und Anschauen!<\/p>\n","protected":false},"author":5,"featured_media":0,"comment_status":"open","ping_status":"open","sticky":false,"template":"","format":"standard","meta":{"footnotes":""},"categories":[193],"tags":[],"class_list":["post-23304","post","type-post","status-publish","format-standard","hentry","category-woechentliches"],"_links":{"self":[{"href":"https:\/\/www.unterstroemt.de\/index.php?rest_route=\/wp\/v2\/posts\/23304","targetHints":{"allow":["GET"]}}],"collection":[{"href":"https:\/\/www.unterstroemt.de\/index.php?rest_route=\/wp\/v2\/posts"}],"about":[{"href":"https:\/\/www.unterstroemt.de\/index.php?rest_route=\/wp\/v2\/types\/post"}],"author":[{"embeddable":true,"href":"https:\/\/www.unterstroemt.de\/index.php?rest_route=\/wp\/v2\/users\/5"}],"replies":[{"embeddable":true,"href":"https:\/\/www.unterstroemt.de\/index.php?rest_route=%2Fwp%2Fv2%2Fcomments&post=23304"}],"version-history":[{"count":22,"href":"https:\/\/www.unterstroemt.de\/index.php?rest_route=\/wp\/v2\/posts\/23304\/revisions"}],"predecessor-version":[{"id":23377,"href":"https:\/\/www.unterstroemt.de\/index.php?rest_route=\/wp\/v2\/posts\/23304\/revisions\/23377"}],"wp:attachment":[{"href":"https:\/\/www.unterstroemt.de\/index.php?rest_route=%2Fwp%2Fv2%2Fmedia&parent=23304"}],"wp:term":[{"taxonomy":"category","embeddable":true,"href":"https:\/\/www.unterstroemt.de\/index.php?rest_route=%2Fwp%2Fv2%2Fcategories&post=23304"},{"taxonomy":"post_tag","embeddable":true,"href":"https:\/\/www.unterstroemt.de\/index.php?rest_route=%2Fwp%2Fv2%2Ftags&post=23304"}],"curies":[{"name":"wp","href":"https:\/\/api.w.org\/{rel}","templated":true}]}}