{"id":23348,"date":"2021-07-12T16:26:02","date_gmt":"2021-07-12T14:26:02","guid":{"rendered":"https:\/\/www.unterstroemt.de\/?p=23348"},"modified":"2021-07-13T14:58:37","modified_gmt":"2021-07-13T12:58:37","slug":"steigende-inzidenzwerte","status":"publish","type":"post","link":"https:\/\/www.unterstroemt.de\/?p=23348","title":{"rendered":"Steigende Inzidenzwerte"},"content":{"rendered":"<p>Zurzeit steigen ja die Inzidenzwerte der Covid-19-Erkrankungen wieder leicht an. Ich finde das nicht ansatzweise verwunderlich, denn das liegt m. E. in der Natur der Sache, wenn man bedenkt, dass gerade in etlichen Bundesl\u00e4ndern Schulferien sind.<\/p>\n<p>Und was machen viele Leute in den Ferien? Genau, sie verreisen. Wozu nun in den meisten F\u00e4llen Corona-Schnelltests notwendig sind.<\/p>\n<p>Was man dabei ber\u00fccksichtigen muss: Kinder und Jugendliche sowie deren Eltern, die ja in der Regel auch noch nich allzu alt sind, sind jetzt nicht gerade die Bev\u00f6lkerungsgruppe, die \u00fcberdurchschnittlich viel geimpft worden sein d\u00fcrfte. Also haben diese Menschen nicht nur ein h\u00f6heres Risiko, eine Covid-19-Infektion aufzuweisen, sondern m\u00fcssen sich auch st\u00e4ndig testen lassen, wenn sie beispielsweise in ein Restaurant oder ins Schwimmbad gehen oder \u00c4hnliches machen, was man eben im Urlaub h\u00e4ufiger macht als sonst.<\/p>\n<p>Und was passiert, wenn mehr Menschen getestet werden, konnten wir ja bereits im M\u00e4rz mit der sogenannten dritten Welle erleben &#8211; was ich auch damals Ende Februar in einem <a href=\"https:\/\/www.unterstroemt.de\/?p=22438\" target=\"_blank\" rel=\"noopener\">Artikel<\/a> genau so prognostizierte.<\/p>\n<p>Wundert es also irgendjemanden ernsthaft, dass gerade die Inzidenzwerte wieder ein bisschen ansteigen?<\/p>\n<p>Viele derjenigen, die nun positiv getestet werde, d\u00fcrften zudem wohl auch symptomlos erkrankt sein, sodass die sonst \u00fcberhaupt gar nicht als Infizierte aufgefallen w\u00e4ren. Zumindest ist die Lage auf den Intensivstationen noch sehr entspannt, und auch die Zahl der Verstorbenen geht kontinuierlich weiter runter (s. <a href=\"https:\/\/interaktiv.morgenpost.de\/corona-virus-karte-infektionen-deutschland-weltweit\/\" target=\"_blank\" rel=\"noopener\">hier<\/a>) &#8211; auch wenn die nat\u00fcrlich immer einen gewissen zeitlichen Abstand zur Zahl der Infizierten aufweist. Diese Zahlen sollte man aber in jedem Fall immer zusammen mit den Inzidenzwerten im Blick haben, da sie dar\u00fcber Auskunft geben, wie ernsthaft denn tats\u00e4chlich gerade die Gesundheit der Menschen gef\u00e4hrdet ist. Wurde ja nur leider bisher kaum gemacht &#8211; und wird wohl jetzt wieder nicht der Fall sein, wenn ich mir anschaue, wie sehr schon wieder ausschlie\u00dflich auf den Inzidenzwert fokussiert wird.<\/p>\n<p>Was noch hinzukommt: Viele verreisen ja leider immer noch mit dem Flugzeug, was nicht nur aus \u00f6kologischen Gr\u00fcnden nicht erfreulich ist, sondern eben auch in Zeiten einer Pandemie nicht so richtig pfiffig daherkommt. Immerhin haben wir ja zu Beginn der Pandemie Anfang 2020 gesehen, welcher Treiber Flugreisen f\u00fcr deren Verbreitung sind. Klar: In Flugzeugen sitzen die Menschen ziemlich dich gedr\u00e4ngt, und zwischendurch mal eben durchzul\u00fcften haut ja auch nicht so wirklich gut hin.<\/p>\n<p>Jetzt mag man einwenden, dass es im letzten Sommer ja auch Ferienzeit mit Urlaubsreise gab und da die Inzidenzwerte nicht hochgegangen sind. Der Unterschied zum letzten Jahr ist nur: Jetzt wird umfassend getestet. Im letzten Jahr d\u00fcrften sich die Touristen genauso infiziert haben wie jetzt, nur ist das eben bei weitgehend symptomlosen Verl\u00e4ufen, die f\u00fcr j\u00fcngere Menschen typisch sind, niemandem aufgefallen. Allerdings d\u00fcrfte das dann ein Teil der Basis daf\u00fcr gewesen sein, dass im Herbst dann die &#8222;zweite Welle&#8220; losging.<\/p>\n<p>Und ich tippe mal, dass das in diesem Herbst auch wieder der Fall sein wird. Das hat zum einen klimatische Gr\u00fcnde, zum anderen werden wir auch in den Herbstferien wieder eine Reisewelle erleben, vielleicht sogar noch st\u00e4rker aufs Fliegen ausgerichtet, da man im Oktober hier in Deutschland ja eher nicht mehr so warme Temperaturen hat, die viele im Urlaub gern haben m\u00f6chten.<\/p>\n<p>Wobei nat\u00fcrlich so eine weitere &#8222;Herbstwelle&#8220; einigen Politikern auch durchaus gelegen kommen d\u00fcrfte, denn schlie\u00dflich werden dann ja gerade die Koalitionsverhandlungen stattfinden nach der Bundestagswahl am 26. September. Und vielleicht ist es einigen da nicht unangenehm, wenn die Bev\u00f6lkerung vor allem mit etwas anderem besch\u00e4ftigt ist, sodass niemand so genau hinschaut, was denn da ausbaldowert wird.<\/p>\n<p>Dass gerade in Kreisen der CDU diese Pandemie hemmungslos genutzt wurde, um die eigene politische Agenda voranzubringen oder auch ganz schn\u00f6de den eigenen finanziellen Vorteil zu ergreifen (Stichwort Maskendeals), ist ja nun in den letzten eineinhalb Jahren sehr offensichtlich geworden &#8230;<\/p>\n<p>Aber das ist nat\u00fcrlich erst mal nur Spekulation auf Zuk\u00fcnftiges. Aktuell lasse ich mich in jedem Fall durch die leicht ansteigenden Inzidenzwerte nicht verr\u00fcckt machen, sondern sehe diese als logische Konsequenz der Schulferien. Und hoffe, dass die Impfungen vorangehen und dann auch im Wesentlichen vor schweren Verl\u00e4ufen sch\u00fctzen &#8211; gerade auch mit Blick auf den Herbst.<\/p>\n","protected":false},"excerpt":{"rendered":"<p>Zurzeit steigen ja die Inzidenzwerte der Covid-19-Erkrankungen wieder leicht an. Ich finde das nicht ansatzweise verwunderlich, denn das liegt m. E. in der Natur der Sache, wenn man bedenkt, dass gerade in etlichen Bundesl\u00e4ndern Schulferien sind.<\/p>\n","protected":false},"author":3,"featured_media":0,"comment_status":"open","ping_status":"open","sticky":false,"template":"","format":"standard","meta":{"footnotes":""},"categories":[50,52],"tags":[975],"class_list":["post-23348","post","type-post","status-publish","format-standard","hentry","category-politisches","category-soziales","tag-corona"],"_links":{"self":[{"href":"https:\/\/www.unterstroemt.de\/index.php?rest_route=\/wp\/v2\/posts\/23348","targetHints":{"allow":["GET"]}}],"collection":[{"href":"https:\/\/www.unterstroemt.de\/index.php?rest_route=\/wp\/v2\/posts"}],"about":[{"href":"https:\/\/www.unterstroemt.de\/index.php?rest_route=\/wp\/v2\/types\/post"}],"author":[{"embeddable":true,"href":"https:\/\/www.unterstroemt.de\/index.php?rest_route=\/wp\/v2\/users\/3"}],"replies":[{"embeddable":true,"href":"https:\/\/www.unterstroemt.de\/index.php?rest_route=%2Fwp%2Fv2%2Fcomments&post=23348"}],"version-history":[{"count":8,"href":"https:\/\/www.unterstroemt.de\/index.php?rest_route=\/wp\/v2\/posts\/23348\/revisions"}],"predecessor-version":[{"id":23369,"href":"https:\/\/www.unterstroemt.de\/index.php?rest_route=\/wp\/v2\/posts\/23348\/revisions\/23369"}],"wp:attachment":[{"href":"https:\/\/www.unterstroemt.de\/index.php?rest_route=%2Fwp%2Fv2%2Fmedia&parent=23348"}],"wp:term":[{"taxonomy":"category","embeddable":true,"href":"https:\/\/www.unterstroemt.de\/index.php?rest_route=%2Fwp%2Fv2%2Fcategories&post=23348"},{"taxonomy":"post_tag","embeddable":true,"href":"https:\/\/www.unterstroemt.de\/index.php?rest_route=%2Fwp%2Fv2%2Ftags&post=23348"}],"curies":[{"name":"wp","href":"https:\/\/api.w.org\/{rel}","templated":true}]}}