{"id":23356,"date":"2021-07-13T14:51:00","date_gmt":"2021-07-13T12:51:00","guid":{"rendered":"https:\/\/www.unterstroemt.de\/?p=23356"},"modified":"2021-07-13T14:51:00","modified_gmt":"2021-07-13T12:51:00","slug":"bezeichnender-abschluss-der-fussball-em","status":"publish","type":"post","link":"https:\/\/www.unterstroemt.de\/?p=23356","title":{"rendered":"Bezeichnender Abschluss der Fu\u00dfball-EM"},"content":{"rendered":"<p>Vor circa drei Wochen schrieb ich ja schon mal einen <a href=\"https:\/\/www.unterstroemt.de\/?p=23175\" target=\"_blank\" rel=\"noopener\">Artikel<\/a> zur Fu\u00dfball-Europameisterschaft, in dem es um das eklige Verhalten der Uefa ging, die eine Illuminierung des M\u00fcnchner Stadions in Regenbogenfarben untersagte. Nun sind die Spiele vorbei, Italien hat gegen Endland im Elfmeterschie\u00dfen gewonnen, und was sich danach abspielte, ist dann so richtig scheu\u00dflich.<\/p>\n<p>Der Journalist Stephan Anpalagan fast das recht gut in einem <a href=\"https:\/\/www.facebook.com\/stephan.anpalagan\/posts\/4095194947182674\" target=\"_blank\" rel=\"noopener\">Posting auf seiner Facebook-Wall<\/a> zusammen:<\/p>\n<p><img loading=\"lazy\" decoding=\"async\" class=\"aligncenter wp-image-23357\" src=\"https:\/\/www.unterstroemt.de\/wp-content\/uploads\/Bildschirmfoto-2021-07-12-um-09.44.24-241x300.png\" alt=\"\" width=\"550\" height=\"685\" srcset=\"https:\/\/www.unterstroemt.de\/wp-content\/uploads\/Bildschirmfoto-2021-07-12-um-09.44.24-241x300.png 241w, https:\/\/www.unterstroemt.de\/wp-content\/uploads\/Bildschirmfoto-2021-07-12-um-09.44.24-822x1024.png 822w, https:\/\/www.unterstroemt.de\/wp-content\/uploads\/Bildschirmfoto-2021-07-12-um-09.44.24-768x957.png 768w, https:\/\/www.unterstroemt.de\/wp-content\/uploads\/Bildschirmfoto-2021-07-12-um-09.44.24-1233x1536.png 1233w, https:\/\/www.unterstroemt.de\/wp-content\/uploads\/Bildschirmfoto-2021-07-12-um-09.44.24-1320x1644.png 1320w, https:\/\/www.unterstroemt.de\/wp-content\/uploads\/Bildschirmfoto-2021-07-12-um-09.44.24.png 1384w\" sizes=\"auto, (max-width: 550px) 100vw, 550px\" \/><\/p>\n<p>Rassistische Gewalt wegen eines verlorenen Fu\u00dfballspiels &#8211; vor dem die Spieler beider Mannschaften auch noch als Zeichen gegen Rassismus niederknieten. Besser kann man den hohlen Symbolismus, der in solchen Events steckt, wohl kaum darstellen. Eigentlich also ein schlechter Scherz &#8211; wenn es nicht so traurig w\u00e4re.<\/p>\n<p>Dass Event-Fu\u00dfball, gerade von Nationalmannschaften, \u00fcber den Patriotismus auch Nationalismus befeuert, ist nichts Neues, schon Ende 2013 schrieb ich dazu einen <a href=\"https:\/\/www.unterstroemt.de\/?p=1124\" target=\"_blank\" rel=\"noopener\">Artikel hier auf <em>unterstr\u00f6mt<\/em><\/a>. Und wenn man sich dann an die darauf folgende Weltmeisterschaft in Brasilien erinnert, dann f\u00e4llt mir da gerade mal die Verh\u00f6hnung der im Finale gegen die deutsche Mannschaft unterlegenen Argentinier durch den bekloppten &#8222;Gaucho-Tanz&#8220; ein, der nun auch eine reichlich rassistische Komponente hatte (was damals zu Recht auch von einigen Medien kritisiert wurde).<\/p>\n<p>Na ja, und kurz darauf gab es dann Hogesa (Hooligans gegen Salafisten), die dann in K\u00f6ln randalierten und ja nun auch einen eindeutigen Fu\u00dfballbezug hatten. Dass &#8222;Pegida&#8220; sich dann wiederum kurz darauf schon auf recht \u00e4hnliche Weise benannt hat, halte ich auch nicht f\u00fcr Zufall.<\/p>\n<p>Fu\u00dfball ist ja eine Sache von &#8222;wir gegen die anderen&#8220;, wie das im Mannschaftssport so eben \u00fcblich ist. Das kann dann schnell mal etwas unappetitlich werden, wenn, wie bei L\u00e4nderspielen, eben die Komponente der Nationalit\u00e4t mit hinzukommt. Und nun wurden eben nach dem EM-Finale &#8222;die anderen&#8220; auf eine rassistische Art und Weise ausgemacht: die dunkelh\u00e4utigen Spieler, die ihre Elfmeter verschossen haben.<\/p>\n<p>F\u00fcr mich leider keine \u00dcberraschung, zumal in Zeiten, in denen ja zunehmend von Rechtsau\u00dfenpolitikern neben den Appellen an die Nation und den Patriotismus auch immer wieder rassistischer M\u00fcll von sich gegeben wird.<\/p>\n<p>Rational ist an solchen Anfeindungen, wie immer bei Rassismus, nat\u00fcrlich nichts, denn diese dunkelh\u00e4utigen Spieler haben ja nun auch daran mitgewirkt, dass England \u00fcberhaupt ins Finale eingezogen ist, worauf ja auch Stephan Anpalagan hinweist. Aber mit der Rationalit\u00e4t ist es ja eh so eine Sache bei solchen Fu\u00dfball-Events, und auch zu dem Thema habe ich vor gut f\u00fcnf Jahren anl\u00e4sslich der letzten Fu\u00dfball-EM schon mal einen <a href=\"https:\/\/www.unterstroemt.de\/?p=5153\" target=\"_blank\" rel=\"noopener\">Artikel<\/a> geschrieben.<\/p>\n<p>Aber genauso wie viele Fu\u00dfballfans nicht zumindest mal hellh\u00f6rig werden bei immer offensichtlicheren Schieberein bei solchen Turnieren (ich denke da nur an die hohe Zahl von Eigentoren bei der jetzigen EM, die h\u00f6her ausf\u00e4llt als die Zahl der Eigentoren bei allen vorherigen EMs zusammen, und die trotz Videoschiedsrichter krasse Fehlentscheidung, die dann England ins Finale gebracht hat &#8211; klar, in Wembley ist das nat\u00fcrlich attraktiver und lukrativer, wenn England als Heimmannschaft dort gegen Italien antritt, als wenn dies die D\u00e4nen gewesen w\u00e4ren), so werden auch die Augen gern verschlossen vor den unangenehmen Nebenerscheinungen, von denen es von Turnier zu Turnier mehr gibt.<\/p>\n<p>In Katar im n\u00e4chsten Jahr bei der WM wird das mit Sicherheit noch mal getoppt &#8211; und dennoch werden wieder mehr als genug Leute vor der Glotze h\u00e4ngen und sich die Spiele anschauen.<\/p>\n<p>Und auch dann d\u00fcrfte wieder das uns\u00e4gliche &#8222;Argument&#8220; vorgebracht werden, dass Fu\u00dfball und Politik ja auseinandergehalten werden m\u00fcssten. Vorzugsweise von solchen Leute, die dann wie jetzt nach dem EM-Finale rassistischen Mist in die Welt rotzen und damit sehr wohl zeigen, dass Fu\u00dfball immer politisch ist &#8211; zumindest kann ich mir vorstellen, dass die Schnittmenge bei beiden Personengruppen schon ziemlich gro\u00df ist. Aber diesen Widerspruch werden die vermutlich noch nicht mal bemerken &#8230;<\/p>\n<p>Und so sind die Reaktionen auf jedes dieser komplett ethikbefreiten und nur auf Profit ausgerichteten Turniere nicht nur von der stetig wachsenden Verrohung und dem zunehmenden Rechtsruck gepr\u00e4gt, sondern gleichzeitig werden diese beiden unsch\u00f6nen Ph\u00e4nomene davon auch noch befeuert und vorangetrieben.<\/p>\n<p>Schade eigentlich, was die Kommerzialisierung und korrumpierte Verb\u00e4nde aus dieser eigentlich so sch\u00f6nen und integrativen Sportart gemacht haben &#8230;<\/p>\n","protected":false},"excerpt":{"rendered":"<p>Vor circa drei Wochen schrieb ich ja schon mal einen Artikel zur Fu\u00dfball-Europameisterschaft, in dem es um das eklige Verhalten der Uefa ging, die eine Illuminierung des M\u00fcnchner Stadions in Regenbogenfarben untersagte. Nun sind die Spiele vorbei, Italien hat gegen Endland im Elfmeterschie\u00dfen gewonnen, und was sich danach abspielte, ist dann so richtig scheu\u00dflich.<\/p>\n","protected":false},"author":3,"featured_media":0,"comment_status":"open","ping_status":"open","sticky":false,"template":"","format":"standard","meta":{"footnotes":""},"categories":[50,52],"tags":[308,218,1085],"class_list":["post-23356","post","type-post","status-publish","format-standard","hentry","category-politisches","category-soziales","tag-fussball","tag-rassismus","tag-uefa"],"_links":{"self":[{"href":"https:\/\/www.unterstroemt.de\/index.php?rest_route=\/wp\/v2\/posts\/23356","targetHints":{"allow":["GET"]}}],"collection":[{"href":"https:\/\/www.unterstroemt.de\/index.php?rest_route=\/wp\/v2\/posts"}],"about":[{"href":"https:\/\/www.unterstroemt.de\/index.php?rest_route=\/wp\/v2\/types\/post"}],"author":[{"embeddable":true,"href":"https:\/\/www.unterstroemt.de\/index.php?rest_route=\/wp\/v2\/users\/3"}],"replies":[{"embeddable":true,"href":"https:\/\/www.unterstroemt.de\/index.php?rest_route=%2Fwp%2Fv2%2Fcomments&post=23356"}],"version-history":[{"count":8,"href":"https:\/\/www.unterstroemt.de\/index.php?rest_route=\/wp\/v2\/posts\/23356\/revisions"}],"predecessor-version":[{"id":23368,"href":"https:\/\/www.unterstroemt.de\/index.php?rest_route=\/wp\/v2\/posts\/23356\/revisions\/23368"}],"wp:attachment":[{"href":"https:\/\/www.unterstroemt.de\/index.php?rest_route=%2Fwp%2Fv2%2Fmedia&parent=23356"}],"wp:term":[{"taxonomy":"category","embeddable":true,"href":"https:\/\/www.unterstroemt.de\/index.php?rest_route=%2Fwp%2Fv2%2Fcategories&post=23356"},{"taxonomy":"post_tag","embeddable":true,"href":"https:\/\/www.unterstroemt.de\/index.php?rest_route=%2Fwp%2Fv2%2Ftags&post=23356"}],"curies":[{"name":"wp","href":"https:\/\/api.w.org\/{rel}","templated":true}]}}